{"id":118260,"date":"2025-05-22T01:38:22","date_gmt":"2025-05-22T01:38:22","guid":{"rendered":"https:\/\/www.europesays.com\/fr\/118260\/"},"modified":"2025-05-22T01:38:22","modified_gmt":"2025-05-22T01:38:22","slug":"a-luniversite-de-grenoble-le-mois-de-legalite-vire-au-racisme-anti-blancs","status":"publish","type":"post","link":"https:\/\/www.europesays.com\/fr\/118260\/","title":{"rendered":"\u00c0 l\u2019universit\u00e9 de Grenoble, le \u00ab mois de l\u2019\u00e9galit\u00e9 \u00bb vire au racisme anti-Blancs"},"content":{"rendered":"<p style=\"text-align: justify;\">\u00ab Le monde a mal. Normal, il est dirig\u00e9 par des blancs et des m\u00e2les \u00bb. Cette phrase, grav\u00e9e sur les parois vitr\u00e9es d\u2019un b\u00e2timent universitaire, n\u2019est pas sortie d\u2019un trublion militant, mais a bien \u00e9t\u00e9 affich\u00e9e \u00e0 l\u2019Universit\u00e9 Grenoble Alpes (UGA) dans le cadre officiel du \u00ab mois de l\u2019\u00e9galit\u00e9 \u00bb. L\u2019initiative visait, selon l\u2019universit\u00e9, \u00e0 sensibiliser \u00e9tudiants et personnels aux discriminations. Pourtant, ce sont une quarantaine de messages ouvertement hostiles aux hommes blancs qui ont \u00e9t\u00e9 install\u00e9s en mars dans la galerie des amphith\u00e9\u00e2tres du b\u00e2timent Pierre-Mend\u00e8s-France.<\/p>\n<p style=\"text-align: justify;\">Outre la phrase pr\u00e9cit\u00e9e, figuraient notamment : \u00ab Aux \u00e9checs comme dans la vie, les blancs ont un coup d\u2019avance \u00bb ; \u00ab Le racisme est juste blanc \u00bb ; \u00ab La terre est monochrome comme un arc-en-ciel \u00bb ; ou encore : \u00ab J\u2019aimerais grand-remplacer le gouvernement fran\u00e7ais \u00bb. Ces inscriptions ont provoqu\u00e9 la col\u00e8re du syndicat \u00e9tudiant UNI, qui a d\u00e9nonc\u00e9 une \u00ab propagande anti-blancs \u00bb et lanc\u00e9 une p\u00e9tition r\u00e9clamant leur retrait imm\u00e9diat ainsi qu\u2019une enqu\u00eate interne.<\/p>\n<p style=\"text-align: justify;\">Dans un communiqu\u00e9, l\u2019UNI <a href=\"https:\/\/www.uni.asso.fr\/petition-luniversite-de-grenoble-doit-retirer-sa-propagande-anti-blancs\/\" rel=\"nofollow noopener\" target=\"_blank\">d\u00e9nonce<\/a> : \u00ab Ces messages inacceptables encouragent le racisme \u00e0 l\u2019encontre des personnes blanches et diffusent l\u2019id\u00e9e woke selon laquelle nous serions dans une soci\u00e9t\u00e9 syst\u00e9matiquement raciste. \u00bb<\/p>\n<blockquote class=\"twitter-tweet\">\n<p dir=\"ltr\" lang=\"fr\">Racisme anti-blanc \u00e0 l\u2019universit\u00e9 de Grenoble \ud83d\udea8<\/p>\n<p>Des plaques en verres ont \u00e9t\u00e9 install\u00e9es avec \u00e9crit : \u00ab Le monde a mal. Normal il est dirig\u00e9 par des blancs et des m\u00e2les \u00bb ou encore \u00ab Le racisme est juste blanc \u00bb. <a href=\"https:\/\/twitter.com\/UGrenobleAlpes?ref_src=twsrc%5Etfw\" rel=\"nofollow noopener\" target=\"_blank\">@UGrenobleAlpes<\/a> comment justifier ce racisme institutionnel ? <a href=\"https:\/\/t.co\/YIJnpC5bbB\" rel=\"nofollow\">pic.twitter.com\/YIJnpC5bbB<\/a><\/p>\n<p>\u2014 UNI (@droiteuniv) <a href=\"https:\/\/twitter.com\/droiteuniv\/status\/1921968627026210982?ref_src=twsrc%5Etfw\" rel=\"nofollow noopener\" target=\"_blank\">May 12, 2025<\/a><\/p>\n<\/blockquote>\n<p><strong>Un d\u00e9saveu tardif de la pr\u00e9sidence de l\u2019universit\u00e9<\/strong><\/p>\n<p style=\"text-align: justify;\">L\u2019universit\u00e9 a fini par r\u00e9agir. Interpell\u00e9 par la p\u00e9tition, le pr\u00e9sident de l\u2019UGA, Yassine Lakhnech, a ordonn\u00e9 le retrait des messages pol\u00e9miques. Selon Le Figaro, l\u2019entourage du pr\u00e9sident affirme qu\u2019il n\u2019aurait eu connaissance de ces slogans qu\u2019apr\u00e8s l\u2019alerte du syndicat, ce qui signifierait qu\u2019aucun membre de la direction n\u2019avait emprunt\u00e9 la galerie depuis plus de deux mois.<\/p>\n<p style=\"text-align: justify;\">Dans un communiqu\u00e9 officiel cit\u00e9 par Le Dauphin\u00e9 Lib\u00e9r\u00e9 le 14 mai, l\u2019universit\u00e9 indique : \u00ab Le contenu de ces messages a \u00e9t\u00e9 \u00e9labor\u00e9 lors d\u2019ateliers artistiques par des personnels et des \u00e9tudiants. Leur contenu n\u2019est pas \u00e0 l\u2019initiative de l\u2019\u00e9tablissement. Malheureusement, certains messages ont \u00e9chapp\u00e9 \u00e0 la vigilance de l\u2019Universit\u00e9 \u00bb. Elle assure que les slogans seront retir\u00e9s \u00ab dans les plus brefs d\u00e9lais \u00bb, regrettant qu\u2019ils aient pu \u00ab heurter la sensibilit\u00e9 de certaines personnes \u00bb.<\/p>\n<p style=\"text-align: justify;\">Sur X, l\u2019Universit\u00e9 Grenoble Alpes a confirm\u00e9 par la suite l\u2019effacement des slogans pol\u00e9miques :<\/p>\n<blockquote class=\"twitter-tweet\">\n<p dir=\"ltr\" lang=\"fr\">L\u2019UGA est attach\u00e9e au respect de toutes et tous, \u00e0 la diversit\u00e9, aux valeurs et principes r\u00e9publicains et poursuit son engagement en mati\u00e8re d\u2019\u00e9galit\u00e9, de lutte contre les discriminations, contre l\u2019antis\u00e9mitisme et le racisme quel qu\u2019il soit. Les message ont \u00e9t\u00e9 effac\u00e9s.<\/p>\n<p>\u2014 Universit\u00e9 Grenoble Alpes (@UGrenobleAlpes) <a href=\"https:\/\/twitter.com\/UGrenobleAlpes\/status\/1922554215215317424?ref_src=twsrc%5Etfw\" rel=\"nofollow noopener\" target=\"_blank\">May 14, 2025<\/a><\/p>\n<\/blockquote>\n<p><strong>Une instrumentalisation id\u00e9ologique sous couvert d\u2019art<\/strong><\/p>\n<p style=\"text-align: justify;\">L\u2019atelier en question a \u00e9t\u00e9 encadr\u00e9 par l\u2019artiste grenobloise Petite Poissone, 42 ans, connue pour ses slogans engag\u00e9s. Sur son compte Instagram, elle partage r\u00e9guli\u00e8rement des inscriptions dans la m\u00eame veine, comme \u00ab L\u2019homme est la gale de la femme \u00bb ou des invectives contre des personnalit\u00e9s cibl\u00e9es par des mouvements f\u00e9ministes, comme le rapporte Le Figaro.<\/p>\n<p style=\"text-align: justify;\">L\u2019affaire a provoqu\u00e9 une onde de choc bien au-del\u00e0 du campus. Olivier Vial, directeur du Centre d\u2019\u00e9tudes et de recherches universitaires, a r\u00e9sum\u00e9 sur X l\u2019indignation de nombreux Fran\u00e7ais : \u00ab Non, le racisme anti-blanc n\u2019est pas une invention \u00bb. Et d\u2019ajouter : \u00ab Certaines universit\u00e9s franchissent un pas suppl\u00e9mentaire en assumant ouvertement cette haine raciale sous couvert d\u2019art \u00bb.<\/p>\n<blockquote class=\"twitter-tweet\">\n<p dir=\"ltr\" lang=\"fr\">\ud83e\udd2c\u00c0 Grenoble, le racisme anti-blanc s\u2019expose sans complexe !!!<\/p>\n<p>L\u2019universit\u00e9 de Grenoble a command\u00e9 \u00e0 Petite Poissone, une street artiste, ces \u00ab\u00a0\u0153uvres\u00a0\u00bb expos\u00e9es fi\u00e8rement sur le campus.<\/p>\n<p>Non, le racisme anti-blanc n\u2019est pas une invention ! Apr\u00e8s l\u2019avoir enseign\u00e9 pendant des\u2026 <a href=\"https:\/\/t.co\/acelxO0ZPI\" rel=\"nofollow\">pic.twitter.com\/acelxO0ZPI<\/a><\/p>\n<p>\u2014 Olivier Vial (@ovial) <a href=\"https:\/\/twitter.com\/ovial\/status\/1922171946562908222?ref_src=twsrc%5Etfw\" rel=\"nofollow noopener\" target=\"_blank\">May 13, 2025<\/a><\/p>\n<\/blockquote>\n<p style=\"text-align: justify;\">Alors que les universit\u00e9s sont de plus en plus travers\u00e9es par des id\u00e9ologies militantes, cette pol\u00e9mique soul\u00e8ve une nouvelle fois la question du r\u00f4le des \u00e9tablissements publics dans la diffusion de messages politiques radicaux, mais aussi de leur capacit\u00e9 \u00e0 faire respecter les principes r\u00e9publicains qu\u2019ils pr\u00e9tendent d\u00e9fendre.<\/p>\n<p style=\"text-align: justify;\">Cr\u00e9dit photo : capture r\u00e9seau social X (photo d\u2019illustration)<br \/>[cc] Breizh-info.com, 2025, d\u00e9p\u00eaches libres de copie et de diffusion sous r\u00e9serve de mention et de lien vers la source d\u2019origine<\/p>\n<p>\t\t\t\t<script async src=\"https:\/\/platform.twitter.com\/widgets.js\" charset=\"utf-8\"><\/script><\/p>\n","protected":false},"excerpt":{"rendered":"\u00ab Le monde a mal. Normal, il est dirig\u00e9 par des blancs et des m\u00e2les \u00bb. Cette phrase,&hellip;\n","protected":false},"author":2,"featured_media":118261,"comment_status":"","ping_status":"","sticky":false,"template":"","format":"standard","meta":{"footnotes":""},"categories":[9566],"tags":[1111,11,2430,10660,1777,674,1011,27,2731,12,23906,25,23907,21315,5768],"class_list":{"0":"post-118260","1":"post","2":"type-post","3":"status-publish","4":"format-standard","5":"has-post-thumbnail","7":"category-grenoble","8":"tag-actu","9":"tag-actualites","10":"tag-auvergne-rhone-alpes","11":"tag-egalite","12":"tag-eu","13":"tag-europe","14":"tag-fr","15":"tag-france","16":"tag-grenoble","17":"tag-news","18":"tag-racisme-anti-blancs","19":"tag-republique-francaise","20":"tag-uga","21":"tag-uni","22":"tag-universite"},"share_on_mastodon":{"url":"https:\/\/pubeurope.com\/@fr\/114548932805893293","error":""},"_links":{"self":[{"href":"https:\/\/www.europesays.com\/fr\/wp-json\/wp\/v2\/posts\/118260","targetHints":{"allow":["GET"]}}],"collection":[{"href":"https:\/\/www.europesays.com\/fr\/wp-json\/wp\/v2\/posts"}],"about":[{"href":"https:\/\/www.europesays.com\/fr\/wp-json\/wp\/v2\/types\/post"}],"author":[{"embeddable":true,"href":"https:\/\/www.europesays.com\/fr\/wp-json\/wp\/v2\/users\/2"}],"replies":[{"embeddable":true,"href":"https:\/\/www.europesays.com\/fr\/wp-json\/wp\/v2\/comments?post=118260"}],"version-history":[{"count":0,"href":"https:\/\/www.europesays.com\/fr\/wp-json\/wp\/v2\/posts\/118260\/revisions"}],"wp:featuredmedia":[{"embeddable":true,"href":"https:\/\/www.europesays.com\/fr\/wp-json\/wp\/v2\/media\/118261"}],"wp:attachment":[{"href":"https:\/\/www.europesays.com\/fr\/wp-json\/wp\/v2\/media?parent=118260"}],"wp:term":[{"taxonomy":"category","embeddable":true,"href":"https:\/\/www.europesays.com\/fr\/wp-json\/wp\/v2\/categories?post=118260"},{"taxonomy":"post_tag","embeddable":true,"href":"https:\/\/www.europesays.com\/fr\/wp-json\/wp\/v2\/tags?post=118260"}],"curies":[{"name":"wp","href":"https:\/\/api.w.org\/{rel}","templated":true}]}}