{"id":118262,"date":"2025-05-22T01:39:30","date_gmt":"2025-05-22T01:39:30","guid":{"rendered":"https:\/\/www.europesays.com\/fr\/118262\/"},"modified":"2025-05-22T01:39:30","modified_gmt":"2025-05-22T01:39:30","slug":"ils-detroussaient-les-personnes-agees-et-multipliaient-les-cambriolages-en-bretagne-deux-hommes-interpelles","status":"publish","type":"post","link":"https:\/\/www.europesays.com\/fr\/118262\/","title":{"rendered":"Ils d\u00e9troussaient les personnes \u00e2g\u00e9es et multipliaient les cambriolages en Bretagne\u00a0: deux hommes interpell\u00e9s"},"content":{"rendered":"<p>Les investigations avaient \u00e9t\u00e9 confi\u00e9es au Groupe d\u2019enqu\u00eate et de lutte contre les atteintes aux biens de la compagnie de gendarmerie de Rennes. Sur la table des enqu\u00eateurs, le copieux dossier visant deux suspects. Ils sont soup\u00e7onn\u00e9s d\u2018une vingtaine de vols dits \u00ab \u00e0 la fausse qualit\u00e9 \u00bb au d\u00e9triment de personnes \u00e2g\u00e9es et de cambriolages dans plusieurs d\u00e9partements de l\u2019ouest de la France, notamment en Ille-et-Vilaine, dans le Morbihan, les C\u00f4tes-d\u2019Armor et la Mayenne.<\/p>\n<p>Le 16 mai 2025, une op\u00e9ration judiciaire a \u00e9t\u00e9 lanc\u00e9e pour les interpeller, \u00e0 Laval (53). C\u2019est le tr\u00e8s sp\u00e9cialis\u00e9 <a href=\"https:\/\/www.letelegramme.fr\/france\/gendarmerie-en-immersion-avec-les-fantomes-du-gos-6470662.php\" target=\"_blank\" rel=\"noopener\">GOS<\/a> de Rennes, une unit\u00e9 d\u00e9di\u00e9e \u00e0 la surveillance, appuy\u00e9 par les Psig de Vitr\u00e9\u00a0(35) et de Ch\u00e2teau-Gontier\u00a0(53), qui est intervenu, apr\u00e8s la mise sous surveillance du v\u00e9hicule des suspects. Ce dernier, vol\u00e9 quelques jours plus t\u00f4t et circulant avec une fausse immatriculation, avait \u00e9t\u00e9 rep\u00e9r\u00e9 et pist\u00e9 par les enqu\u00eateurs.<\/p>\n<p>Faux agents de s\u00e9curit\u00e9<\/p>\n<p>L\u2019enqu\u00eate en flagrance avait d\u00e9but\u00e9 \u00e0 la suite de deux cambriolages commis le 5 mai 2025 au Rheu (35), o\u00f9 des bijoux, montres et esp\u00e8ces avaient \u00e9t\u00e9 d\u00e9rob\u00e9s. Les deux hommes s\u2019\u00e9taient fait passer pour des agents de s\u00e9curit\u00e9 en patrouille. Le t\u00e9moignage d\u2018un voisin, associ\u00e9 \u00e0 des images de vid\u00e9osurveillance, avait permis d\u2019identifier formellement les suspects.<\/p>\n<p>Le 13 mai 2025, un nouveau cambriolage avait \u00e9t\u00e9 d\u00e9clar\u00e9 \u00e0 Mordelles (35), avec un signalement de v\u00e9hicule concordant. \u00ab Gr\u00e2ce \u00e0 ces \u00e9l\u00e9ments, les enqu\u00eateurs ont pu localiser et surveiller discr\u00e8tement le v\u00e9hicule utilis\u00e9, notamment gr\u00e2ce \u00e0 l\u2018appui de l\u2019h\u00e9licopt\u00e8re de la section a\u00e9rienne de gendarmerie de Rennes, alors qu\u2019il \u00e9tait stationn\u00e9 en p\u00e9riph\u00e9rie rennaise \u00bb, indique la gendarmerie de Rennes dans un communiqu\u00e9.<\/p>\n<p><img decoding=\"async\" src=\"https:\/\/www.europesays.com\/fr\/wp-content\/uploads\/2025\/05\/682de944fdd30df7fb055145.1.jpeg\" width=\"480\" height=\"300\" class=\"web_golden_m\" loading=\"lazy\" alt=\"Les objets vol\u00e9s retrouv\u00e9s ont \u00e9t\u00e9 remis \u00e0 leurs propri\u00e9taires.\"\/>Les objets vol\u00e9s retrouv\u00e9s ont \u00e9t\u00e9 remis \u00e0 leurs propri\u00e9taires. (Gendarmerie d&rsquo;Ille-et-Vilaine)<\/p>\n<p>Vendredi 16 mai, les sp\u00e9cialistes du GOS ont suivi les d\u00e9placements des suspects jusqu\u2019en Mayenne, avant que les militaires des groupements de gendarmerie d\u2018Ille-et-Vilaine et de la Mayenne ne mettent en place leur interpellation en pleine ville. \u00ab La perquisition du v\u00e9hicule a permis la d\u00e9couverte de nombreux bijoux et objets de valeur, issus de plusieurs vols commis le jour m\u00eame dans les communes de Craon, Val-du-Maine, Bonchamp-l\u00e8s-Laval\u00a0(53), ainsi que d\u2019une tentative \u00e0 Ch\u00e2teau-Gontier \u00bb, constate la gendarmerie, qui pr\u00e9cise que \u00ab les fruits de ces vols ont pu \u00eatre rapidement restitu\u00e9s \u00bb.<\/p>\n<p>R\u00e9cidive d\u2019\u00e9vasion<\/p>\n<p>Les deux individus, dont l\u2019un faisait l\u2019objet d\u2019une fiche de recherche pour r\u00e9cidive d\u2019\u00e9vasion, ont \u00e9t\u00e9 imm\u00e9diatement plac\u00e9s en garde \u00e0 vue. Ils ont \u00e9t\u00e9 renvoy\u00e9s devant le tribunal correctionnel pour vols aggrav\u00e9s, tentative de vol, recel de v\u00e9hicule vol\u00e9 et, pour l\u2019un d\u2019entre eux, \u00e9vasion, conduite sans permis et usurpation de plaque d\u2019immatriculation, en comparution imm\u00e9diate, mardi 20 mai 2025. Les pr\u00e9venus ont demand\u00e9, comme le permet le droit, le renvoi de leur jugement. Ils compara\u00eetront donc le 7 juillet 2025.<\/p>\n","protected":false},"excerpt":{"rendered":"Les investigations avaient \u00e9t\u00e9 confi\u00e9es au Groupe d\u2019enqu\u00eate et de lutte contre les atteintes aux biens de la&hellip;\n","protected":false},"author":2,"featured_media":118263,"comment_status":"","ping_status":"","sticky":false,"template":"","format":"standard","meta":{"footnotes":""},"categories":[2821],"tags":[1111,11,829,1777,674,1011,27,848,4555,12,584,25],"class_list":{"0":"post-118262","1":"post","2":"type-post","3":"status-publish","4":"format-standard","5":"has-post-thumbnail","7":"category-rennes","8":"tag-actu","9":"tag-actualites","10":"tag-bretagne","11":"tag-eu","12":"tag-europe","13":"tag-fr","14":"tag-france","15":"tag-ille-et-vilaine","16":"tag-local","17":"tag-news","18":"tag-rennes","19":"tag-republique-francaise"},"share_on_mastodon":{"url":"https:\/\/pubeurope.com\/@fr\/114548936766138257","error":""},"_links":{"self":[{"href":"https:\/\/www.europesays.com\/fr\/wp-json\/wp\/v2\/posts\/118262","targetHints":{"allow":["GET"]}}],"collection":[{"href":"https:\/\/www.europesays.com\/fr\/wp-json\/wp\/v2\/posts"}],"about":[{"href":"https:\/\/www.europesays.com\/fr\/wp-json\/wp\/v2\/types\/post"}],"author":[{"embeddable":true,"href":"https:\/\/www.europesays.com\/fr\/wp-json\/wp\/v2\/users\/2"}],"replies":[{"embeddable":true,"href":"https:\/\/www.europesays.com\/fr\/wp-json\/wp\/v2\/comments?post=118262"}],"version-history":[{"count":0,"href":"https:\/\/www.europesays.com\/fr\/wp-json\/wp\/v2\/posts\/118262\/revisions"}],"wp:featuredmedia":[{"embeddable":true,"href":"https:\/\/www.europesays.com\/fr\/wp-json\/wp\/v2\/media\/118263"}],"wp:attachment":[{"href":"https:\/\/www.europesays.com\/fr\/wp-json\/wp\/v2\/media?parent=118262"}],"wp:term":[{"taxonomy":"category","embeddable":true,"href":"https:\/\/www.europesays.com\/fr\/wp-json\/wp\/v2\/categories?post=118262"},{"taxonomy":"post_tag","embeddable":true,"href":"https:\/\/www.europesays.com\/fr\/wp-json\/wp\/v2\/tags?post=118262"}],"curies":[{"name":"wp","href":"https:\/\/api.w.org\/{rel}","templated":true}]}}