{"id":118264,"date":"2025-05-22T01:40:53","date_gmt":"2025-05-22T01:40:53","guid":{"rendered":"https:\/\/www.europesays.com\/fr\/118264\/"},"modified":"2025-05-22T01:40:53","modified_gmt":"2025-05-22T01:40:53","slug":"un-camion-de-44-tonnes-percute-une-voiture","status":"publish","type":"post","link":"https:\/\/www.europesays.com\/fr\/118264\/","title":{"rendered":"un camion de 44 tonnes percute une voiture"},"content":{"rendered":"<p>            Par<br \/>\n        <strong><br \/>\n            <a href=\"https:\/\/actu.fr\/auteur\/leo-gautret-actu-fr\" title=\"Consulter tous les articles de L\u00e9o Gautret\" rel=\"nofollow noopener\" target=\"_blank\">L\u00e9o Gautret<\/a><br \/>\n        <\/strong><\/p>\n<p>        Publi\u00e9 le<\/p>\n<p>            20 mai 2025 \u00e0 19h12<br \/>\n        ; mis \u00e0 jour le 20 mai 2025 \u00e0 19h14    <\/p>\n<p>Un <b>accident<\/b> impliquant <b>deux voiture<\/b>s et <b>un poids lourd<\/b> de 44\u00a0tonnes s\u2019est produit <b>vers minuit, <\/b>dans la <b>nuit du lundi\u00a019 au mardi 20\u00a0mai<\/b>, sur la <b>RN 157,<\/b> \u00e0 <b>\u00c9trelles<\/b> (Ille-et-Vilaine).<\/p>\n<p class=\" wall-content\">Le premier v\u00e9hicule concern\u00e9 avait<b> heurt\u00e9 le rail de s\u00e9curit\u00e9<\/b> apr\u00e8s une perte de contr\u00f4le, avant de s\u2019<b>immobiliser en travers de la route,<\/b> dans le sens Rennes-Laval.<\/p>\n<p>Il sort de sa voiture avant le suraccident<\/p>\n<p class=\" wall-content\"><b>L\u00e9g\u00e8rement bless\u00e9<\/b>, le <b>conducteur de 46\u00a0ans<\/b>\u00a0avait pu s\u2019extraire de son v\u00e9hicule avant qu\u2019un <b>suraccident<\/b> ne survienne plus tard. L\u00e9g\u00e8rement bless\u00e9, il a \u00e9t\u00e9 transport\u00e9 vers le CHU de Rennes.<\/p>\n<p class=\" wall-content\">Un poids lourd de 44\u00a0tonnes et une voiture n\u2019ont pas pu \u00e9viter la voiture accident\u00e9e et l\u2019ont percut\u00e9e.<\/p>\n<p class=\" wall-content\">Les conducteurs du camion et de la deuxi\u00e8me voiture sont indemnes.<\/p>\n<p>Vid\u00e9os : en ce moment sur Actu<\/p>\n<p class=\" wall-content\">La voie de droite a \u00e9t\u00e9 ferm\u00e9e \u00e0 la circulation, le temps d\u2019effectuer les op\u00e9rations de remorquage.<\/p>\n<p class=\" wall-content\">Suivez toute l\u2019actualit\u00e9 de vos villes et m\u00e9dias favoris en vous inscrivant \u00e0 <a href=\"https:\/\/moncompte.actu.fr\" title=\"D\u00e9couvez Mon Actu\" rel=\"nofollow noopener\" data-trk=\"{&quot;cta&quot;:{&quot;action&quot;:&quot;https:\\\/\\\/moncompte.actu.fr&quot;,&quot;category&quot;:&quot;mon compte&quot;,&quot;from&quot;:&quot;article footer&quot;,&quot;name&quot;:&quot;Mon actu&quot;,&quot;type&quot;:&quot;cta&quot;}}\" target=\"_blank\">Mon Actu<\/a>.<\/p>\n","protected":false},"excerpt":{"rendered":"Par L\u00e9o Gautret Publi\u00e9 le 20 mai 2025 \u00e0 19h12 ; mis \u00e0 jour le 20 mai 2025&hellip;\n","protected":false},"author":2,"featured_media":118265,"comment_status":"","ping_status":"","sticky":false,"template":"","format":"standard","meta":{"footnotes":""},"categories":[2821],"tags":[119,1111,11,829,1777,674,118,1011,27,12,1311,584,25],"class_list":{"0":"post-118264","1":"post","2":"type-post","3":"status-publish","4":"format-standard","5":"has-post-thumbnail","7":"category-rennes","8":"tag-accident","9":"tag-actu","10":"tag-actualites","11":"tag-bretagne","12":"tag-eu","13":"tag-europe","14":"tag-faits-divers","15":"tag-fr","16":"tag-france","17":"tag-news","18":"tag-pompiers","19":"tag-rennes","20":"tag-republique-francaise"},"share_on_mastodon":{"url":"https:\/\/pubeurope.com\/@fr\/114548944708457535","error":""},"_links":{"self":[{"href":"https:\/\/www.europesays.com\/fr\/wp-json\/wp\/v2\/posts\/118264","targetHints":{"allow":["GET"]}}],"collection":[{"href":"https:\/\/www.europesays.com\/fr\/wp-json\/wp\/v2\/posts"}],"about":[{"href":"https:\/\/www.europesays.com\/fr\/wp-json\/wp\/v2\/types\/post"}],"author":[{"embeddable":true,"href":"https:\/\/www.europesays.com\/fr\/wp-json\/wp\/v2\/users\/2"}],"replies":[{"embeddable":true,"href":"https:\/\/www.europesays.com\/fr\/wp-json\/wp\/v2\/comments?post=118264"}],"version-history":[{"count":0,"href":"https:\/\/www.europesays.com\/fr\/wp-json\/wp\/v2\/posts\/118264\/revisions"}],"wp:featuredmedia":[{"embeddable":true,"href":"https:\/\/www.europesays.com\/fr\/wp-json\/wp\/v2\/media\/118265"}],"wp:attachment":[{"href":"https:\/\/www.europesays.com\/fr\/wp-json\/wp\/v2\/media?parent=118264"}],"wp:term":[{"taxonomy":"category","embeddable":true,"href":"https:\/\/www.europesays.com\/fr\/wp-json\/wp\/v2\/categories?post=118264"},{"taxonomy":"post_tag","embeddable":true,"href":"https:\/\/www.europesays.com\/fr\/wp-json\/wp\/v2\/tags?post=118264"}],"curies":[{"name":"wp","href":"https:\/\/api.w.org\/{rel}","templated":true}]}}