{"id":118268,"date":"2025-05-22T01:42:09","date_gmt":"2025-05-22T01:42:09","guid":{"rendered":"https:\/\/www.europesays.com\/fr\/118268\/"},"modified":"2025-05-22T01:42:09","modified_gmt":"2025-05-22T01:42:09","slug":"un-ancien-responsable-de-la-croix-rouge-de-strasbourg-poursuivi-pour-viol-et-agression-sexuelle-sur-une-employee","status":"publish","type":"post","link":"https:\/\/www.europesays.com\/fr\/118268\/","title":{"rendered":"Un ancien responsable de la Croix-Rouge de Strasbourg poursuivi pour viol et agression sexuelle sur une employ\u00e9e"},"content":{"rendered":"<p class=\"paragraph text_align_left\">Il aurait menac\u00e9 sa victime de licenciement si elle parlait. L\u2019ancien pr\u00e9sident de l\u2019antenne locale de <a href=\"https:\/\/www.leparisien.fr\/val-d-oise-95\/val-doise-food-trucks-camion-bureau-bateaux-la-croix-rouge-innove-toujours-apres-130-ans-dexistence-30-11-2024-KOEFIMFCJZHTBB6PSXRSVLOG3Y.php\" target=\"_blank\" rel=\"noreferrer nofollow noopener\">la Croix-Rouge<\/a> \u00e0 Strasbourg (<a href=\"https:\/\/www.leparisien.fr\/bas-rhin-67\/\" target=\"_blank\" rel=\"noreferrer nofollow noopener\">Bas-Rhin<\/a>) est poursuivi pour viol et agression sexuelle sur une femme, employ\u00e9e comme agent d\u2019entretien dans les locaux de l\u2019association situ\u00e9s dans la capitale strasbourgeoise, a fait savoir une source judiciaire \u00e0 l\u2019AFP, ce mercredi.<\/p>\n<p class=\"paragraph text_align_left\">Le responsable, Armand Perego, un ancien kin\u00e9sith\u00e9rapeute aujourd\u2019hui octog\u00e9naire, sera jug\u00e9 devant la cour criminelle du Bas-Rhin pour \u00ab viol et agression sexuelle par personne ayant autorit\u00e9 \u00bb, a indiqu\u00e9 cette source, <a href=\"https:\/\/www.dna.fr\/economie\/2025\/05\/17\/un-ancien-president-de-la-croix-rouge-accuse-d-abus-sexuels-sur-une-femme-de-menage\" target=\"_blank\" rel=\"noreferrer nofollow noopener\">confirmant une information du journal Les Derni\u00e8res Nouvelles d\u2019Alsace<\/a>. La date de son proc\u00e8s n\u2019est pas encore connue.<\/p>\n<p>Des faits \u00e9tal\u00e9s sur quatre ans<\/p>\n<p class=\"paragraph text_align_left\">La plaignante, une m\u00e8re isol\u00e9e de quatre enfants, affirme qu\u2019Armand Perego l\u2019aurait menac\u00e9e de licenciement si elle parlait de ces agressions, selon le journal local, qui indique que l\u2019ancien pr\u00e9sident nie les faits. Les faits se seraient d\u00e9roul\u00e9s sur plusieurs ann\u00e9es, entre 2014 et 2018.<\/p>\n<p class=\"paragraph text_align_left\">La Croix-Rouge fran\u00e7aise a indiqu\u00e9 se constituer partie civile. \u00ab La Croix-Rouge fran\u00e7aise applique une politique de tol\u00e9rance z\u00e9ro en mati\u00e8re d\u2019agressions, qu\u2019elles soient sexuelles ou physiques. En tant qu\u2019association reconnue d\u2019utilit\u00e9 publique, nous avons un devoir d\u2019exemplarit\u00e9 \u00e0 l\u2019\u00e9gard de l\u2019ensemble de nos b\u00e9n\u00e9voles, salari\u00e9s, partenaires et b\u00e9n\u00e9ficiaires \u00bb, a indiqu\u00e9 l\u2019organisation dans un communiqu\u00e9 transmis \u00e0 l\u2019AFP.<\/p>\n<p class=\"lp-card-podcast-highlighting__title  lp-f-subtitle-05\">Affaire Fiona\u00a0: une fillette disparue\u2026 et l\u2019ombre du mensonge<\/p>\n<p class=\"lp-card-podcast-highlighting__description lp-f-ui-05\">Crime story raconte chaque semaine les grandes affaires criminelles.<\/p>\n<p><a class=\"lp-card-podcast-highlighting__call-to-action\" data-page-type=\"HP\" data-block-name=\"podcast-highlight\">\u00c9couter<\/a><\/p>\n<p class=\"paragraph text_align_left\">\u00ab En 2021, d\u00e8s que nous avons eu connaissance des faits pr\u00e9sum\u00e9s impliquant l\u2019ancien pr\u00e9sident d\u2019une de nos structures locales, nous avons imm\u00e9diatement proc\u00e9d\u00e9 \u00e0 sa suspension \u00e0 titre conservatoire, conform\u00e9ment \u00e0 nos statuts et proc\u00e9dures internes et ce, dans l\u2019attente des suites de la proc\u00e9dure p\u00e9nale \u00bb, a ajout\u00e9 la Croix-Rouge.<\/p>\n","protected":false},"excerpt":{"rendered":"Il aurait menac\u00e9 sa victime de licenciement si elle parlait. L\u2019ancien pr\u00e9sident de l\u2019antenne locale de la Croix-Rouge&hellip;\n","protected":false},"author":2,"featured_media":118269,"comment_status":"","ping_status":"","sticky":false,"template":"","format":"standard","meta":{"footnotes":""},"categories":[2820],"tags":[1111,11,459,1777,674,118,1011,27,775,12,25,640],"class_list":{"0":"post-118268","1":"post","2":"type-post","3":"status-publish","4":"format-standard","5":"has-post-thumbnail","7":"category-strasbourg","8":"tag-actu","9":"tag-actualites","10":"tag-departements-horsidfo","11":"tag-eu","12":"tag-europe","13":"tag-faits-divers","14":"tag-fr","15":"tag-france","16":"tag-grand-est","17":"tag-news","18":"tag-republique-francaise","19":"tag-strasbourg"},"share_on_mastodon":{"url":"https:\/\/pubeurope.com\/@fr\/114548948538987347","error":""},"_links":{"self":[{"href":"https:\/\/www.europesays.com\/fr\/wp-json\/wp\/v2\/posts\/118268","targetHints":{"allow":["GET"]}}],"collection":[{"href":"https:\/\/www.europesays.com\/fr\/wp-json\/wp\/v2\/posts"}],"about":[{"href":"https:\/\/www.europesays.com\/fr\/wp-json\/wp\/v2\/types\/post"}],"author":[{"embeddable":true,"href":"https:\/\/www.europesays.com\/fr\/wp-json\/wp\/v2\/users\/2"}],"replies":[{"embeddable":true,"href":"https:\/\/www.europesays.com\/fr\/wp-json\/wp\/v2\/comments?post=118268"}],"version-history":[{"count":0,"href":"https:\/\/www.europesays.com\/fr\/wp-json\/wp\/v2\/posts\/118268\/revisions"}],"wp:featuredmedia":[{"embeddable":true,"href":"https:\/\/www.europesays.com\/fr\/wp-json\/wp\/v2\/media\/118269"}],"wp:attachment":[{"href":"https:\/\/www.europesays.com\/fr\/wp-json\/wp\/v2\/media?parent=118268"}],"wp:term":[{"taxonomy":"category","embeddable":true,"href":"https:\/\/www.europesays.com\/fr\/wp-json\/wp\/v2\/categories?post=118268"},{"taxonomy":"post_tag","embeddable":true,"href":"https:\/\/www.europesays.com\/fr\/wp-json\/wp\/v2\/tags?post=118268"}],"curies":[{"name":"wp","href":"https:\/\/api.w.org\/{rel}","templated":true}]}}