{"id":118270,"date":"2025-05-22T01:43:08","date_gmt":"2025-05-22T01:43:08","guid":{"rendered":"https:\/\/www.europesays.com\/fr\/118270\/"},"modified":"2025-05-22T01:43:08","modified_gmt":"2025-05-22T01:43:08","slug":"pres-de-nice-les-flammes-ravagent-un-chalet-apres-lincendie-dune-voiture-hybride-en","status":"publish","type":"post","link":"https:\/\/www.europesays.com\/fr\/118270\/","title":{"rendered":"Pr\u00e8s de Nice\u00a0: les flammes ravagent un chalet apr\u00e8s l\u2019incendie d\u2019une voiture hybride en"},"content":{"rendered":"<p>Un incendie peu commun s\u2019est produit \u00e0 Valdeblore (Alpes-Maritimes), pr\u00e8s de Nice,\u00a0dans la nuit du mardi\u00a020 au mercredi 21\u00a0mai 2025. Selon <a href=\"https:\/\/actu.fr\/provence-alpes-cote-d-azur\/valdeblore_06153\/nice-une-voiture-hybride-prend-feu-en-pleine-nuit-les-flammes-detruisent-un-chalet_62665443.html\" target=\"_blank\" rel=\"nofollow noopener\"> Actu Nice <\/a>, il \u00e9tait environ 3\u00a0h du matin lorsque les sapeurs-pompiers sont intervenus pour un feu d\u2019habitation caus\u00e9 par une voiture hybride.\u00a0<\/p>\n<p>Selon nos confr\u00e8res, deux lances \u00e0 eau et une lance \u00e0 mousse ont \u00e9t\u00e9 n\u00e9cessaires pour \u00e9teindre l\u2019incendie. Les flammes qui \u00e9manaient du v\u00e9hicule s\u2019\u00e9taient rapidement\u00a0propag\u00e9es au chalet situ\u00e9 \u00e0 proximit\u00e9, le d\u00e9truisant \u00e0 70\u00a0%.\u00a0<\/p>\n<p>Sur place, deux personnes ont \u00e9t\u00e9 prises en charge apr\u00e8s avoir inhal\u00e9 des fum\u00e9es. Elles n\u2019ont pas \u00e9t\u00e9 hospitalis\u00e9es. Les raisons pour lesquelles la voiture a pris feu n\u2019ont pas \u00e9t\u00e9 communiqu\u00e9es.<\/p>\n<p>Pour en savoir plus\u00a0: lire l\u2019article d\u2019<a href=\"https:\/\/actu.fr\/provence-alpes-cote-d-azur\/valdeblore_06153\/nice-une-voiture-hybride-prend-feu-en-pleine-nuit-les-flammes-detruisent-un-chalet_62665443.html\" target=\"_blank\" rel=\"nofollow noopener\"> Actu Nice <\/a>.<\/p>\n<p>\u00a0<\/p>\n","protected":false},"excerpt":{"rendered":"Un incendie peu commun s\u2019est produit \u00e0 Valdeblore (Alpes-Maritimes), pr\u00e8s de Nice,\u00a0dans la nuit du mardi\u00a020 au mercredi&hellip;\n","protected":false},"author":2,"featured_media":118271,"comment_status":"","ping_status":"","sticky":false,"template":"","format":"standard","meta":{"footnotes":""},"categories":[2819],"tags":[1111,11,23909,1777,674,14635,1011,27,17494,1310,12,2401,293,19940,3762,882,23908,25,2310,4752],"class_list":{"0":"post-118270","1":"post","2":"type-post","3":"status-publish","4":"format-standard","5":"has-post-thumbnail","7":"category-nice","8":"tag-actu","9":"tag-actualites","10":"tag-chalet","11":"tag-eu","12":"tag-europe","13":"tag-flammes","14":"tag-fr","15":"tag-france","16":"tag-hybride","17":"tag-incendie","18":"tag-news","19":"tag-nice","20":"tag-nuit","21":"tag-pleine","22":"tag-pres","23":"tag-provence-alpes-cote-dazur","24":"tag-ravagent","25":"tag-republique-francaise","26":"tag-toulon","27":"tag-voiture"},"share_on_mastodon":{"url":"https:\/\/pubeurope.com\/@fr\/114548952633434373","error":""},"_links":{"self":[{"href":"https:\/\/www.europesays.com\/fr\/wp-json\/wp\/v2\/posts\/118270","targetHints":{"allow":["GET"]}}],"collection":[{"href":"https:\/\/www.europesays.com\/fr\/wp-json\/wp\/v2\/posts"}],"about":[{"href":"https:\/\/www.europesays.com\/fr\/wp-json\/wp\/v2\/types\/post"}],"author":[{"embeddable":true,"href":"https:\/\/www.europesays.com\/fr\/wp-json\/wp\/v2\/users\/2"}],"replies":[{"embeddable":true,"href":"https:\/\/www.europesays.com\/fr\/wp-json\/wp\/v2\/comments?post=118270"}],"version-history":[{"count":0,"href":"https:\/\/www.europesays.com\/fr\/wp-json\/wp\/v2\/posts\/118270\/revisions"}],"wp:featuredmedia":[{"embeddable":true,"href":"https:\/\/www.europesays.com\/fr\/wp-json\/wp\/v2\/media\/118271"}],"wp:attachment":[{"href":"https:\/\/www.europesays.com\/fr\/wp-json\/wp\/v2\/media?parent=118270"}],"wp:term":[{"taxonomy":"category","embeddable":true,"href":"https:\/\/www.europesays.com\/fr\/wp-json\/wp\/v2\/categories?post=118270"},{"taxonomy":"post_tag","embeddable":true,"href":"https:\/\/www.europesays.com\/fr\/wp-json\/wp\/v2\/tags?post=118270"}],"curies":[{"name":"wp","href":"https:\/\/api.w.org\/{rel}","templated":true}]}}