{"id":118272,"date":"2025-05-22T01:44:11","date_gmt":"2025-05-22T01:44:11","guid":{"rendered":"https:\/\/www.europesays.com\/fr\/118272\/"},"modified":"2025-05-22T01:44:11","modified_gmt":"2025-05-22T01:44:11","slug":"wissam-ben-yedder-de-retour-au-tribunal-cette-fois-pour-violences-sur-son-epouse","status":"publish","type":"post","link":"https:\/\/www.europesays.com\/fr\/118272\/","title":{"rendered":"Wissam Ben Yedder de retour au tribunal, cette fois pour violences sur son \u00e9pouse"},"content":{"rendered":"<p><strong>A la cha\u00eene &#8211; D\u00e9j\u00e0 condamn\u00e9 pour fraude fiscale, agression sexuelle et refus d\u2019obtemp\u00e9rer, l\u2019ancien attaquant de l\u2019AS Monaco compara\u00eet ce mercredi \u00e0 Nice pour des violences sur son \u00e9pouse<\/strong><\/p>\n<p>Bien qu\u2019il ait trouv\u00e9 un nouveau club en Iran avec le Sepahan FC, l\u2019ancien attaquant de l\u2019<a href=\"https:\/\/www.20minutes.fr\/sport\/as_monaco\/?at_medium=RSS%20feed&amp;at_campaign=ynews&amp;utm_source=yahoo&amp;utm_medium=rss&amp;utm_campaign=news_feed&amp;utm_content=in_article_link\" rel=\"nofollow noopener\" target=\"_blank\" data-ylk=\"slk:AS Monaco;elm:context_link;itc:0;sec:content-canvas\" class=\"link \">AS Monaco<\/a> <a href=\"https:\/\/www.20minutes.fr\/dossier\/wissam_ben_yedder?at_medium=RSS%20feed&amp;at_campaign=ynews&amp;utm_source=yahoo&amp;utm_medium=rss&amp;utm_campaign=news_feed&amp;utm_content=in_article_link\" rel=\"nofollow noopener\" target=\"_blank\" data-ylk=\"slk:Wissam Ben\u00a0Yedder;elm:context_link;itc:0;sec:content-canvas\" class=\"link \">Wissam Ben\u00a0Yedder<\/a> figure plus souvent dans les colonnes justice des journaux que dans les pages sports.<\/p>\n<p>Apr\u00e8s des condamnations en avril\u00a02023 pour <a href=\"https:\/\/www.20minutes.fr\/dossier\/fraude_fiscale?at_medium=RSS%20feed&amp;at_campaign=ynews&amp;utm_source=yahoo&amp;utm_medium=rss&amp;utm_campaign=news_feed&amp;utm_content=in_article_link\" rel=\"nofollow noopener\" target=\"_blank\" data-ylk=\"slk:fraude fiscale;elm:context_link;itc:0;sec:content-canvas\" class=\"link \">fraude fiscale<\/a>, <a href=\"https:\/\/www.20minutes.fr\/sport\/football\/4120876-20241112-wissam-ben-yedder-condamne-deux-ans-prison-sursis-agression-sexuelle-etat-ivresse?at_medium=RSS%20feed&amp;at_campaign=ynews&amp;utm_source=yahoo&amp;utm_medium=rss&amp;utm_campaign=news_feed&amp;utm_content=in_article_link\" rel=\"nofollow noopener\" target=\"_blank\" data-ylk=\"slk:puis en novembre\u00a02024 pour des faits d\u2019agression sexuelle en \u00e9tat d\u2019ivresse;elm:context_link;itc:0;sec:content-canvas\" class=\"link \">puis en novembre\u00a02024 pour des faits d\u2019agression sexuelle en \u00e9tat d\u2019ivresse<\/a>, refus d\u2019obtemp\u00e9rer et conduite de v\u00e9hicule alcoolis\u00e9, Wissam Ben\u00a0Yedder compara\u00eet \u00e0 nouveau devant la justice fran\u00e7aise ce mercredi, \u00e0 Nice. Cette fois, pour des faits de violence psychologique sur sa compagne, avec qui il est en instance de divorce.<\/p>\n<p>Cette audience fait suite \u00e0 une plainte port\u00e9e en f\u00e9vrier\u00a02024 par sa bient\u00f4t ex-\u00e9pouse qui avait d\u00e9nonc\u00e9 des \u00ab\u00a0violences psychologiques\u00a0\u00bb subies entre f\u00e9vrier\u00a02020 et f\u00e9vrier\u00a02024.<\/p>\n<p>Et si son parcours sportif semble \u00e0 l\u2019arr\u00eat, son parcours judiciaire risque bien de ne pas s\u2019arr\u00eater l\u00e0. <a href=\"https:\/\/www.20minutes.fr\/sport\/football\/4109198-20240910-wissam-ben-yedder-deja-poursuivi-viol-va-etre-juge-agression-sexuelle-etat-ivresse?at_medium=RSS%20feed&amp;at_campaign=ynews&amp;utm_source=yahoo&amp;utm_medium=rss&amp;utm_campaign=news_feed&amp;utm_content=in_article_link\" rel=\"nofollow noopener\" target=\"_blank\" data-ylk=\"slk:L\u2019ancien international fran\u00e7ais est toujours mis en examen depuis\u00a02023 avec son fr\u00e8re, pour viol,;elm:context_link;itc:0;sec:content-canvas\" class=\"link \">L\u2019ancien international fran\u00e7ais est toujours mis en examen depuis\u00a02023 avec son fr\u00e8re, pour viol,<\/a> tentative de viol et agression sexuelle, apr\u00e8s la plainte de deux jeunes femmes rencontr\u00e9es qui ont d\u00e9nonc\u00e9 des faits qui se seraient produits dans les Alpes-Maritimes.<\/p>\n<p><a href=\"https:\/\/www.20minutes.fr\/faits_divers\/faits-divers-nice\/4154712-20250521-nice-wissam-ben-yedder-retour-tribunal-fois-violences-epouse?at_medium=RSS%20feed&amp;at_campaign=ynews&amp;utm_source=yahoo&amp;utm_medium=rss&amp;utm_campaign=news_feed&amp;utm_content=read_more_link&quot;\" rel=\"nofollow noopener\" target=\"_blank\" data-ylk=\"slk:Lire la suite sur 20minutes;elm:context_link;itc:0;sec:content-canvas\" class=\"link \">Lire la suite sur 20minutes<\/a><\/p>\n<p>\u00c0 lire aussi :<br \/><a href=\"https:\/\/www.20minutes.fr\/sport\/football\/4114475-20241009-justice-wissam-ben-yedder-va-etre-juge-violences-psychologiques-epouse?at_medium=RSS%20feed&amp;at_campaign=ynews&amp;utm_source=yahoo&amp;utm_medium=rss&amp;utm_campaign=news_feed&amp;utm_content=related_content_link\" rel=\"nofollow noopener\" target=\"_blank\" data-ylk=\"slk:Justice\u00a0: Wissam Ben\u00a0Yedder va \u00eatre jug\u00e9 pour violences psychologiques sur son \u00e9pouse;elm:context_link;itc:0;sec:content-canvas\" class=\"link \">Justice\u00a0: Wissam Ben\u00a0Yedder va \u00eatre jug\u00e9 pour violences psychologiques sur son \u00e9pouse<\/a><br \/><a href=\"https:\/\/www.20minutes.fr\/sport\/football\/ligue-1\/4115559-20241015-violences-sexuelles-derives-reproche-justice-footballeur-wissam-ben-yedder?at_medium=RSS%20feed&amp;at_campaign=ynews&amp;utm_source=yahoo&amp;utm_medium=rss&amp;utm_campaign=news_feed&amp;utm_content=related_content_link\" rel=\"nofollow noopener\" target=\"_blank\" data-ylk=\"slk:Violences sexuelles, d\u00e9rives\u2026 Ce que reproche la justice au footballeur Wissam Ben\u00a0Yedder;elm:context_link;itc:0;sec:content-canvas\" class=\"link \">Violences sexuelles, d\u00e9rives\u2026 Ce que reproche la justice au footballeur Wissam Ben\u00a0Yedder<\/a><\/p>\n","protected":false},"excerpt":{"rendered":"A la cha\u00eene &#8211; D\u00e9j\u00e0 condamn\u00e9 pour fraude fiscale, agression sexuelle et refus d\u2019obtemp\u00e9rer, l\u2019ancien attaquant de l\u2019AS&hellip;\n","protected":false},"author":2,"featured_media":118273,"comment_status":"","ping_status":"","sticky":false,"template":"","format":"standard","meta":{"footnotes":""},"categories":[2819],"tags":[1111,11,1267,23911,1777,674,1011,27,22495,1249,12,2401,882,25,23910],"class_list":{"0":"post-118272","1":"post","2":"type-post","3":"status-publish","4":"format-standard","5":"has-post-thumbnail","7":"category-nice","8":"tag-actu","9":"tag-actualites","10":"tag-agression-sexuelle","11":"tag-ben-yedder","12":"tag-eu","13":"tag-europe","14":"tag-fr","15":"tag-france","16":"tag-fraude-fiscale","17":"tag-justice-francaise","18":"tag-news","19":"tag-nice","20":"tag-provence-alpes-cote-dazur","21":"tag-republique-francaise","22":"tag-violence-psychologique"},"share_on_mastodon":{"url":"https:\/\/pubeurope.com\/@fr\/114548956385936995","error":""},"_links":{"self":[{"href":"https:\/\/www.europesays.com\/fr\/wp-json\/wp\/v2\/posts\/118272","targetHints":{"allow":["GET"]}}],"collection":[{"href":"https:\/\/www.europesays.com\/fr\/wp-json\/wp\/v2\/posts"}],"about":[{"href":"https:\/\/www.europesays.com\/fr\/wp-json\/wp\/v2\/types\/post"}],"author":[{"embeddable":true,"href":"https:\/\/www.europesays.com\/fr\/wp-json\/wp\/v2\/users\/2"}],"replies":[{"embeddable":true,"href":"https:\/\/www.europesays.com\/fr\/wp-json\/wp\/v2\/comments?post=118272"}],"version-history":[{"count":0,"href":"https:\/\/www.europesays.com\/fr\/wp-json\/wp\/v2\/posts\/118272\/revisions"}],"wp:featuredmedia":[{"embeddable":true,"href":"https:\/\/www.europesays.com\/fr\/wp-json\/wp\/v2\/media\/118273"}],"wp:attachment":[{"href":"https:\/\/www.europesays.com\/fr\/wp-json\/wp\/v2\/media?parent=118272"}],"wp:term":[{"taxonomy":"category","embeddable":true,"href":"https:\/\/www.europesays.com\/fr\/wp-json\/wp\/v2\/categories?post=118272"},{"taxonomy":"post_tag","embeddable":true,"href":"https:\/\/www.europesays.com\/fr\/wp-json\/wp\/v2\/tags?post=118272"}],"curies":[{"name":"wp","href":"https:\/\/api.w.org\/{rel}","templated":true}]}}