{"id":118285,"date":"2025-05-22T01:53:11","date_gmt":"2025-05-22T01:53:11","guid":{"rendered":"https:\/\/www.europesays.com\/fr\/118285\/"},"modified":"2025-05-22T01:53:11","modified_gmt":"2025-05-22T01:53:11","slug":"un-homme-poursuivi-en-pleine-rue-par-un-individu-arme-dun-harpon-a-marseille","status":"publish","type":"post","link":"https:\/\/www.europesays.com\/fr\/118285\/","title":{"rendered":"Un homme poursuivi en pleine rue par un individu arm\u00e9 d&rsquo;un harpon \u00e0 Marseille"},"content":{"rendered":"<p>L&rsquo;\u00e9quipage du groupe de s\u00e9curit\u00e9 de proximit\u00e9 (GSP) patrouillait pile au bon moment dans la nuit de mardi \u00e0 mercredi 21 mai, vers minuit et demi, dans le 1er arrondissement de Marseille. Alors que les fonctionnaires de la division centre effectuaient <strong>une ronde sur le boulevard Dugommier<\/strong>, \u00e0 deux pas de la <a href=\"https:\/\/www.laprovence.com\/article\/faits-divers-justice\/2100999459732815\/deux-personnes-transgenres-agressees-sur-la-canebiere-a-marseille\" target=\"_blank\" rel=\"nofollow noopener\">Canebi\u00e8re<\/a>, ils sont tomb\u00e9s sur un individu muni d&rsquo;un <a href=\"https:\/\/www.laprovence.com\/article\/faits-divers-justice\/7938772274172614\/14-mois-de-prison-requis-contre-le-plongeur-qui-avait-harponne-2-plaisanciers-a-marseille\" target=\"_blank\" rel=\"nofollow noopener\">harpon<\/a> qui en poursuivait un autre.\u00a0<\/p>\n<p>Les policiers ont aussit\u00f4t intercept\u00e9 l&rsquo;assaillant et lui ont confisqu\u00e9 cette arme constitu\u00e9e d&rsquo;une lance dont la pointe est munie de crochets qu&rsquo;on appelle barbelures ou barbillons. \u00c2g\u00e9 de 41 ans, l&rsquo;homme a \u00e9t\u00e9 plac\u00e9 en garde \u00e0 vue par les forces de l&rsquo;ordre. Quant \u00e0 la victime, un homme de 39 ans, elle \u00e9tait l\u00e9g\u00e8rement bless\u00e9e, mais son \u00e9tat n&rsquo;a pas n\u00e9cessit\u00e9 de transport \u00e0 l&rsquo;h\u00f4pital, a appris \u00ab\u00a0La Provence\u00a0\u00bb.<\/p>\n","protected":false},"excerpt":{"rendered":"L&rsquo;\u00e9quipage du groupe de s\u00e9curit\u00e9 de proximit\u00e9 (GSP) patrouillait pile au bon moment dans la nuit de mardi&hellip;\n","protected":false},"author":2,"featured_media":118286,"comment_status":"","ping_status":"","sticky":false,"template":"","format":"standard","meta":{"footnotes":""},"categories":[2814],"tags":[17,1111,11,10268,1777,674,274,1011,27,4933,23912,884,12,5912,19940,12332,882,25,3640],"class_list":{"0":"post-118285","1":"post","2":"type-post","3":"status-publish","4":"format-standard","5":"has-post-thumbnail","7":"category-marseille","8":"tag-17","9":"tag-actu","10":"tag-actualites","11":"tag-arme","12":"tag-eu","13":"tag-europe","14":"tag-faits-divers-justice","15":"tag-fr","16":"tag-france","17":"tag-homme","18":"tag-individu","19":"tag-marseille","20":"tag-news","21":"tag-par","22":"tag-pleine","23":"tag-poursuivi","24":"tag-provence-alpes-cote-dazur","25":"tag-republique-francaise","26":"tag-rue"},"share_on_mastodon":{"url":"https:\/\/pubeurope.com\/@fr\/114548991859758244","error":""},"_links":{"self":[{"href":"https:\/\/www.europesays.com\/fr\/wp-json\/wp\/v2\/posts\/118285","targetHints":{"allow":["GET"]}}],"collection":[{"href":"https:\/\/www.europesays.com\/fr\/wp-json\/wp\/v2\/posts"}],"about":[{"href":"https:\/\/www.europesays.com\/fr\/wp-json\/wp\/v2\/types\/post"}],"author":[{"embeddable":true,"href":"https:\/\/www.europesays.com\/fr\/wp-json\/wp\/v2\/users\/2"}],"replies":[{"embeddable":true,"href":"https:\/\/www.europesays.com\/fr\/wp-json\/wp\/v2\/comments?post=118285"}],"version-history":[{"count":0,"href":"https:\/\/www.europesays.com\/fr\/wp-json\/wp\/v2\/posts\/118285\/revisions"}],"wp:featuredmedia":[{"embeddable":true,"href":"https:\/\/www.europesays.com\/fr\/wp-json\/wp\/v2\/media\/118286"}],"wp:attachment":[{"href":"https:\/\/www.europesays.com\/fr\/wp-json\/wp\/v2\/media?parent=118285"}],"wp:term":[{"taxonomy":"category","embeddable":true,"href":"https:\/\/www.europesays.com\/fr\/wp-json\/wp\/v2\/categories?post=118285"},{"taxonomy":"post_tag","embeddable":true,"href":"https:\/\/www.europesays.com\/fr\/wp-json\/wp\/v2\/tags?post=118285"}],"curies":[{"name":"wp","href":"https:\/\/api.w.org\/{rel}","templated":true}]}}