{"id":118291,"date":"2025-05-22T01:56:16","date_gmt":"2025-05-22T01:56:16","guid":{"rendered":"https:\/\/www.europesays.com\/fr\/118291\/"},"modified":"2025-05-22T01:56:16","modified_gmt":"2025-05-22T01:56:16","slug":"une-epicerie-fermee-en-urgence-pour-manquements-graves-a-lhygiene","status":"publish","type":"post","link":"https:\/\/www.europesays.com\/fr\/118291\/","title":{"rendered":"une \u00e9picerie ferm\u00e9e en urgence pour manquements graves \u00e0 l\u2019hygi\u00e8ne"},"content":{"rendered":"<p>Oullins-Pierre-B\u00e9nite: une \u00e9picerie ferm\u00e9e en urgence pour manquements graves \u00e0 l\u2019hygi\u00e8ne &#8211; LyonMag<\/p>\n<p itemprop=\"description\"><strong>L\u2019\u00e9tablissement \u00ab\u00a0AFATA PAO\u00a0\u00bb, situ\u00e9 au 21 rue Pierre Semard \u00e0 Oullins-Pierre-B\u00e9nite, a \u00e9t\u00e9 contraint de fermer ses portes sur d\u00e9cision de la pr\u00e9f\u00e8te du Rh\u00f4ne.<\/strong><\/p>\n<p>La d\u00e9cision a \u00e9t\u00e9 rendue public ce mercredi 21 mai.\u00a0\u00c0 la suite d\u2019un contr\u00f4le des services du CODAF (Comit\u00e9 Op\u00e9rationnel D\u00e9partemental Anti-Fraude), des\u00a0manquements graves aux minima des r\u00e8gles d\u2019hygi\u00e8ne et de s\u00e9curit\u00e9 alimentaire\u00a0ont \u00e9t\u00e9 constat\u00e9s dans ce commerce, se pr\u00e9sentant comme une \u00ab\u00a0Epicerie Africaine\/Exotique\u00a0\u00bb.\u00a0<\/p>\n<p>La pr\u00e9fecture pr\u00e9cise que\u00a0\u00ab\u00a0la poursuite de l\u2019activit\u00e9, dans les conditions constat\u00e9es, constitue une menace pour la sant\u00e9 des consommateurs en raison de la probabilit\u00e9 importante de contaminations et des risques d\u2019intoxication qui en r\u00e9sultent.\u00a0\u00bb<\/p>\n<p>La\u00a0fermeture administrative\u00a0est\u00a0imm\u00e9diate et temporaire. Elle pourra \u00eatre lev\u00e9e d\u00e8s que\u00a0l\u2019\u00e9tablissement sera mis en conformit\u00e9 avec les normes en vigueur.<\/p>\n","protected":false},"excerpt":{"rendered":"Oullins-Pierre-B\u00e9nite: une \u00e9picerie ferm\u00e9e en urgence pour manquements graves \u00e0 l\u2019hygi\u00e8ne &#8211; LyonMag L\u2019\u00e9tablissement \u00ab\u00a0AFATA PAO\u00a0\u00bb, situ\u00e9 au&hellip;\n","protected":false},"author":2,"featured_media":118292,"comment_status":"","ping_status":"","sticky":false,"template":"","format":"standard","meta":{"footnotes":""},"categories":[1889],"tags":[1111,11,2813,2190,2430,1109,251,1112,2811,1777,674,118,1011,27,1922,1110,1114,2428,2810,12,241,316,25,2812,517,800],"class_list":{"0":"post-118291","1":"post","2":"type-post","3":"status-publish","4":"format-standard","5":"has-post-thumbnail","7":"category-lyon","8":"tag-actu","9":"tag-actualites","10":"tag-article","11":"tag-asvel","12":"tag-auvergne-rhone-alpes","13":"tag-breves","14":"tag-culture","15":"tag-depeches","16":"tag-economique","17":"tag-eu","18":"tag-europe","19":"tag-faits-divers","20":"tag-fr","21":"tag-france","22":"tag-info","23":"tag-informations","24":"tag-infos","25":"tag-lyon","26":"tag-lyonmag","27":"tag-news","28":"tag-ol","29":"tag-politique","30":"tag-republique-francaise","31":"tag-sociale","32":"tag-sport","33":"tag-transports"},"share_on_mastodon":{"url":"https:\/\/pubeurope.com\/@fr\/114549003707030631","error":""},"_links":{"self":[{"href":"https:\/\/www.europesays.com\/fr\/wp-json\/wp\/v2\/posts\/118291","targetHints":{"allow":["GET"]}}],"collection":[{"href":"https:\/\/www.europesays.com\/fr\/wp-json\/wp\/v2\/posts"}],"about":[{"href":"https:\/\/www.europesays.com\/fr\/wp-json\/wp\/v2\/types\/post"}],"author":[{"embeddable":true,"href":"https:\/\/www.europesays.com\/fr\/wp-json\/wp\/v2\/users\/2"}],"replies":[{"embeddable":true,"href":"https:\/\/www.europesays.com\/fr\/wp-json\/wp\/v2\/comments?post=118291"}],"version-history":[{"count":0,"href":"https:\/\/www.europesays.com\/fr\/wp-json\/wp\/v2\/posts\/118291\/revisions"}],"wp:featuredmedia":[{"embeddable":true,"href":"https:\/\/www.europesays.com\/fr\/wp-json\/wp\/v2\/media\/118292"}],"wp:attachment":[{"href":"https:\/\/www.europesays.com\/fr\/wp-json\/wp\/v2\/media?parent=118291"}],"wp:term":[{"taxonomy":"category","embeddable":true,"href":"https:\/\/www.europesays.com\/fr\/wp-json\/wp\/v2\/categories?post=118291"},{"taxonomy":"post_tag","embeddable":true,"href":"https:\/\/www.europesays.com\/fr\/wp-json\/wp\/v2\/tags?post=118291"}],"curies":[{"name":"wp","href":"https:\/\/api.w.org\/{rel}","templated":true}]}}