{"id":118299,"date":"2025-05-22T02:00:09","date_gmt":"2025-05-22T02:00:09","guid":{"rendered":"https:\/\/www.europesays.com\/fr\/118299\/"},"modified":"2025-05-22T02:00:09","modified_gmt":"2025-05-22T02:00:09","slug":"paris-un-homme-tente-de-violer-une-femme-en-pleine-rue-dans-le-xve-arrondissement","status":"publish","type":"post","link":"https:\/\/www.europesays.com\/fr\/118299\/","title":{"rendered":"Paris : un homme tente de violer une femme en pleine rue dans le XVe arrondissement"},"content":{"rendered":"<p class=\"paragraph text_align_left\">Un homme a \u00e9t\u00e9 interpell\u00e9 dans la nuit de mardi \u00e0 mercredi dans le XVe arrondissement de Paris, soup\u00e7onn\u00e9 d\u2019avoir tent\u00e9 de <a href=\"https:\/\/www.leparisien.fr\/paris-75\/paris-une-jeune-femme-violee-dans-le-parc-de-la-villette-en-revenant-dun-concert-12-01-2025-YSQPQIMFJ5CHBG3CORF43JEKSA.php\" target=\"_blank\" rel=\"noreferrer nofollow noopener\">violer une femme<\/a>. Les faits se sont d\u00e9roul\u00e9s aux alentours de 1h10, boulevard de Grenelle, pr\u00e8s de la station Dupleix de <a href=\"https:\/\/www.leparisien.fr\/paris-75\/metro-a-paris-la-ligne-6-accessible-a-tous-des-etudes-bientot-lancees-13-02-2025-X5LIUOJQOZFLZKYVXEG7G7RVWY.php\" target=\"_blank\" rel=\"noreferrer nofollow noopener\">la ligne 6 du m\u00e9tro<\/a>.<\/p>\n<p class=\"paragraph text_align_left\">Selon une source polici\u00e8re, les forces de l\u2019ordre sont intervenues apr\u00e8s avoir \u00e9t\u00e9 alert\u00e9es par des t\u00e9moins qui avaient ma\u00eetris\u00e9 l\u2019agresseur pr\u00e9sum\u00e9. D\u2019apr\u00e8s les t\u00e9moignages recueillis sur place, la victime, n\u00e9e en f\u00e9vrier 1973, sortait du m\u00e9tro lorsqu\u2019elle a \u00e9t\u00e9 abord\u00e9e par un individu qui lui a soulev\u00e9 sa jupe et touch\u00e9 les fesses. La femme s\u2019est d\u00e9battue, mais l\u2019agresseur est revenu \u00e0 la charge, lui mettant la main sur la bouche avant de tenter de recouvrir sa t\u00eate d\u2019un drap blanc pour essayer de l\u2019entra\u00eener vers un endroit isol\u00e9.<\/p>\n<p>\u00ab Il n\u2019\u00e9tait pas dans son \u00e9tat normal \u00bb<\/p>\n<p class=\"paragraph text_align_left\">L\u2019intervention rapide de plusieurs passants a mis fin \u00e0 l\u2019agression. \u00ab Quelqu\u2019un s\u2019est cogn\u00e9 contre la vitre du restaurant \u00bb, raconte le serveur d\u2019un \u00e9tablissement situ\u00e9 \u00e0 proximit\u00e9 des faits. \u00ab On est sortis pour voir ce qu\u2019il se passait, c\u2019\u00e9tait un mec qui courait. On l\u2019a vu tr\u00e9bucher deux ou trois fois, donc je pense qu\u2019il n\u2019\u00e9tait pas dans son \u00e9tat normal. Trois jeunes lui couraient apr\u00e8s et ont r\u00e9ussi \u00e0 l\u2019attraper puis \u00e0 le ma\u00eetriser au sol. \u00bb<\/p>\n<p class=\"paragraph text_align_left\">Le serveur, qui pensait initialement \u00e0 une bagarre, a rapidement compris la gravit\u00e9 de la situation en entendant une femme crier \u00ab C\u2019est un violeur, il a essay\u00e9 de violer une fille ! \u00bb. Avec l\u2019aide de ses coll\u00e8gues, il a maintenu l\u2019agresseur au sol en attendant l\u2019arriv\u00e9e de la police. \u00ab Il a essay\u00e9 de s\u2019enfuir 4 ou 5 fois, mais on a r\u00e9ussi \u00e0 le tenir. Il ne parlait pas fran\u00e7ais et on avait l\u2019impression qu\u2019il ne savait pas trop ce qu\u2019il faisait l\u00e0. \u00bb<\/p>\n<p class=\"paragraph text_align_left\">Le parquet de Paris a confirm\u00e9 qu\u2019une enqu\u00eate pour tentative de viol a \u00e9t\u00e9 ouverte et confi\u00e9e au 3e district de police judiciaire. L\u2019agresseur pr\u00e9sum\u00e9, n\u00e9 en d\u00e9cembre 1999, a \u00e9t\u00e9 plac\u00e9 en garde \u00e0 vue. L\u2019enqu\u00eate devra d\u00e9terminer les circonstances exactes de l\u2019agression et les motivations de l\u2019auteur pr\u00e9sum\u00e9.<\/p>\n","protected":false},"excerpt":{"rendered":"Un homme a \u00e9t\u00e9 interpell\u00e9 dans la nuit de mardi \u00e0 mercredi dans le XVe arrondissement de Paris,&hellip;\n","protected":false},"author":2,"featured_media":118300,"comment_status":"","ping_status":"","sticky":false,"template":"","format":"standard","meta":{"footnotes":""},"categories":[1888],"tags":[1111,1928,11,1927,1777,674,118,1011,27,1944,12,1926,626,1925,25],"class_list":{"0":"post-118299","1":"post","2":"type-post","3":"status-publish","4":"format-standard","5":"has-post-thumbnail","7":"category-paris","8":"tag-actu","9":"tag-actu-paris","10":"tag-actualites","11":"tag-actualites-paris","12":"tag-eu","13":"tag-europe","14":"tag-faits-divers","15":"tag-fr","16":"tag-france","17":"tag-ma-ville","18":"tag-news","19":"tag-news-paris","20":"tag-paris","21":"tag-paris-news","22":"tag-republique-francaise"},"share_on_mastodon":{"url":"https:\/\/pubeurope.com\/@fr\/114549019338710588","error":""},"_links":{"self":[{"href":"https:\/\/www.europesays.com\/fr\/wp-json\/wp\/v2\/posts\/118299","targetHints":{"allow":["GET"]}}],"collection":[{"href":"https:\/\/www.europesays.com\/fr\/wp-json\/wp\/v2\/posts"}],"about":[{"href":"https:\/\/www.europesays.com\/fr\/wp-json\/wp\/v2\/types\/post"}],"author":[{"embeddable":true,"href":"https:\/\/www.europesays.com\/fr\/wp-json\/wp\/v2\/users\/2"}],"replies":[{"embeddable":true,"href":"https:\/\/www.europesays.com\/fr\/wp-json\/wp\/v2\/comments?post=118299"}],"version-history":[{"count":0,"href":"https:\/\/www.europesays.com\/fr\/wp-json\/wp\/v2\/posts\/118299\/revisions"}],"wp:featuredmedia":[{"embeddable":true,"href":"https:\/\/www.europesays.com\/fr\/wp-json\/wp\/v2\/media\/118300"}],"wp:attachment":[{"href":"https:\/\/www.europesays.com\/fr\/wp-json\/wp\/v2\/media?parent=118299"}],"wp:term":[{"taxonomy":"category","embeddable":true,"href":"https:\/\/www.europesays.com\/fr\/wp-json\/wp\/v2\/categories?post=118299"},{"taxonomy":"post_tag","embeddable":true,"href":"https:\/\/www.europesays.com\/fr\/wp-json\/wp\/v2\/tags?post=118299"}],"curies":[{"name":"wp","href":"https:\/\/api.w.org\/{rel}","templated":true}]}}