{"id":11830,"date":"2025-04-09T05:02:23","date_gmt":"2025-04-09T05:02:23","guid":{"rendered":"https:\/\/www.europesays.com\/fr\/11830\/"},"modified":"2025-04-09T05:02:23","modified_gmt":"2025-04-09T05:02:23","slug":"on-en-sait-un-petit-peu-plus-sur-la-destination-de-la-saison-4","status":"publish","type":"post","link":"https:\/\/www.europesays.com\/fr\/11830\/","title":{"rendered":"On en sait (un petit peu) plus sur la destination de la saison 4"},"content":{"rendered":"<p>Apr\u00e8s <a href=\"https:\/\/www.20minutes.fr\/dossier\/hawaii\" class=\"color-ultramarine c-link\" rel=\"nofollow noopener\" target=\"_blank\">Hawa\u00ef<\/a>, l\u2019<a href=\"https:\/\/www.20minutes.fr\/dossier\/italie\" class=\"color-ultramarine c-link\" rel=\"nofollow noopener\" target=\"_blank\">Italie <\/a>et la <a href=\"https:\/\/www.20minutes.fr\/monde\/thailande\/\" class=\"color-ultramarine c-link\" rel=\"nofollow noopener\" target=\"_blank\">Tha\u00eflande<\/a>, o\u00f9 donc se d\u00e9roulera la prochaine saison (d\u2019ores et d\u00e9j\u00e0 confirm\u00e9e) de la s\u00e9rie <a href=\"https:\/\/www.20minutes.fr\/tempo\/escapade\/4136900-20250203-the-white-lotus-saison-3-recette-gagnante-tourisme\" class=\"color-ultramarine c-link\" rel=\"nofollow noopener\" target=\"_blank\">The White Lotus<\/a>\u00a0? Figurez-vous qu\u2019elle pourrait de nouveau poser ses valises en <a href=\"https:\/\/www.20minutes.fr\/dossier\/europe\" class=\"color-ultramarine c-link\" rel=\"nofollow noopener\" target=\"_blank\">Europe<\/a>, si l\u2019on en croit les \u2013 maigres \u2013 indices arrach\u00e9s \u00e0 son cr\u00e9ateur Mike White par le <a href=\"https:\/\/deadline.com\/2025\/04\/the-white-lotus-mike-white-teases-location-season-4-1236361757\/\" target=\"_blank\" class=\"color-ultramarine c-link\" rel=\"nofollow noopener\">site am\u00e9ricain Deadline<\/a>.<\/p>\n<\/p>\n<p>En f\u00e9vrier\u00a02025, r\u00e9v\u00e9lant que la production de \u00ab\u00a0TWL\u00a0\u00bb avait sign\u00e9 un partenariat avec la cha\u00eene h\u00f4teli\u00e8re Four Seasons, <a href=\"https:\/\/deadline.com\/2025\/02\/francesca-orsi-the-white-lotus-season-3-season-4-2025-drama-slate-1236285269\/\" rel=\"nofollow noopener\" target=\"_blank\" class=\"color-ultramarine c-link\">Francesca Orsi, responsable de la fiction chez HBO<\/a>, ajoutait\u00a0: \u00ab\u00a0Je ne peux pas dire o\u00f9 nous tournerons, mais il y a de fortes chances pour que ce soit quelque part en Europe\u00a0\u00bb.<\/p>\n<p>Les <a href=\"https:\/\/www.20minutes.fr\/dossier\/fans\" class=\"color-ultramarine c-link\" rel=\"nofollow noopener\" target=\"_blank\">fans <\/a>fran\u00e7ais peuvent donc raisonnablement r\u00eaver d\u2019une nouvelle saison dans un h\u00f4tel de la <a href=\"https:\/\/www.20minutes.fr\/nice\/2694139-20200113-nice-capitale-tourisme-riviera-fait-plus-vers-unesco\" class=\"color-ultramarine c-link\" rel=\"nofollow noopener\" target=\"_blank\">French Riviera<\/a> ou, pourquoi pas, de la <a href=\"https:\/\/www.20minutes.fr\/societe\/4074129-20240203-pays-basque-effet-carte-postale-continue-attirer-si-loger-vraie-galere\" class=\"color-ultramarine c-link\" rel=\"nofollow noopener\" target=\"_blank\">c\u00f4te basque<\/a>\u00a0? Mais <a href=\"https:\/\/www.20minutes.fr\/paris\/\" class=\"color-ultramarine c-link\" rel=\"nofollow noopener\" target=\"_blank\">Paris <\/a>n\u2019est non plus pas hors-jeu, d\u2019autant moins que Mike White a d\u00e9clar\u00e9 \u00e0 Deadline souhaiter qu\u2019il n\u2019y ait plus de \u00ab\u00a0vagues s\u2019\u00e9crasant contre les rochers\u00a0\u00bb dans la quatri\u00e8me saison.<\/p>\n<p><a href=\"https:\/\/www.20minutes.fr\/arts-stars\/serie\/\" class=\"c-link c-btn c-btn--primary\" rel=\"nofollow noopener\" target=\"_blank\">Notre dossier \u00ab S\u00e9ries \u00bb<\/a><\/p>\n<p>Bref, tout reste ouvert. Surtout que Mike White n\u2019a pas encore \u00e9crit une seule ligne du sc\u00e9nario de la saison 4\u00a0! En tout \u00e9tat de cause, le <a href=\"https:\/\/www.20minutes.fr\/dossier\/tournage\" class=\"color-ultramarine c-link\" rel=\"nofollow noopener\" target=\"_blank\">tournage <\/a>ne devrait donc pas d\u00e9buter avant la mi-2026, ce qui laisse beaucoup de temps aux cine scouts (<a href=\"https:\/\/www.20minutes.fr\/culture\/207011-20080118-specialistes-defilent-generique\" class=\"color-ultramarine c-link\" rel=\"nofollow noopener\" target=\"_blank\">rep\u00e9reurs de d\u00e9cors<\/a>) de The White Lotus pour d\u00e9nicher la perle rare.<\/p>\n","protected":false},"excerpt":{"rendered":"Apr\u00e8s Hawa\u00ef, l\u2019Italie et la Tha\u00eflande, o\u00f9 donc se d\u00e9roulera la prochaine saison (d\u2019ores et d\u00e9j\u00e0 confirm\u00e9e) de&hellip;\n","protected":false},"author":2,"featured_media":11831,"comment_status":"","ping_status":"","sticky":false,"template":"","format":"standard","meta":{"footnotes":""},"categories":[1356],"tags":[58,59,674,1011,27,5548,5547,190,2519,191,662,452,5549,777,626,521,252,1684,1364,133],"class_list":{"0":"post-11830","1":"post","2":"type-post","3":"status-publish","4":"format-standard","5":"has-post-thumbnail","7":"category-television","8":"tag-divertissement","9":"tag-entertainment","10":"tag-europe","11":"tag-fr","12":"tag-france","13":"tag-hawai","14":"tag-hbo","15":"tag-hotel","16":"tag-hotellerie","17":"tag-hotellerie-de-luxe","18":"tag-ile-de-france","19":"tag-italie","20":"tag-max","21":"tag-meurtre","22":"tag-paris","23":"tag-serie","24":"tag-television","25":"tag-thailande","26":"tag-tv","27":"tag-video"},"share_on_mastodon":{"url":"https:\/\/pubeurope.com\/@fr\/114306256516354733","error":""},"_links":{"self":[{"href":"https:\/\/www.europesays.com\/fr\/wp-json\/wp\/v2\/posts\/11830","targetHints":{"allow":["GET"]}}],"collection":[{"href":"https:\/\/www.europesays.com\/fr\/wp-json\/wp\/v2\/posts"}],"about":[{"href":"https:\/\/www.europesays.com\/fr\/wp-json\/wp\/v2\/types\/post"}],"author":[{"embeddable":true,"href":"https:\/\/www.europesays.com\/fr\/wp-json\/wp\/v2\/users\/2"}],"replies":[{"embeddable":true,"href":"https:\/\/www.europesays.com\/fr\/wp-json\/wp\/v2\/comments?post=11830"}],"version-history":[{"count":0,"href":"https:\/\/www.europesays.com\/fr\/wp-json\/wp\/v2\/posts\/11830\/revisions"}],"wp:featuredmedia":[{"embeddable":true,"href":"https:\/\/www.europesays.com\/fr\/wp-json\/wp\/v2\/media\/11831"}],"wp:attachment":[{"href":"https:\/\/www.europesays.com\/fr\/wp-json\/wp\/v2\/media?parent=11830"}],"wp:term":[{"taxonomy":"category","embeddable":true,"href":"https:\/\/www.europesays.com\/fr\/wp-json\/wp\/v2\/categories?post=11830"},{"taxonomy":"post_tag","embeddable":true,"href":"https:\/\/www.europesays.com\/fr\/wp-json\/wp\/v2\/tags?post=11830"}],"curies":[{"name":"wp","href":"https:\/\/api.w.org\/{rel}","templated":true}]}}