{"id":11832,"date":"2025-04-09T05:03:11","date_gmt":"2025-04-09T05:03:11","guid":{"rendered":"https:\/\/www.europesays.com\/fr\/11832\/"},"modified":"2025-04-09T05:03:11","modified_gmt":"2025-04-09T05:03:11","slug":"dorothee-a-rejoint-le-chanteur-sur-scene-lors-de-son-concert-a-laccor-arena","status":"publish","type":"post","link":"https:\/\/www.europesays.com\/fr\/11832\/","title":{"rendered":"Doroth\u00e9e a rejoint le chanteur sur sc\u00e8ne lors de son concert \u00e0 l\u2019Accor Arena"},"content":{"rendered":"<p>C\u2019est \u00e0 une sacr\u00e9e s\u00e9quence nostalgie qu\u2019ont eu droit les fans de <a href=\"https:\/\/www.20minutes.fr\/arts-stars\/people\/julien-dore\/\" class=\"color-ultramarine c-link\" rel=\"nofollow noopener\" target=\"_blank\">Julien Dor\u00e9<\/a>\u00a0: en ouverture de sa \u00ab\u00a0<a href=\"https:\/\/concerts.juliendoreofficiel.com\/\" target=\"_blank\" class=\"color-ultramarine c-link\" rel=\"nofollow noopener\">Nouvelle tourn\u00e9e des Z\u00e9nith<\/a>\u00a0\u00bb, samedi 5\u00a0avril 2025, le natif d\u2019<a href=\"https:\/\/www.20minutes.fr\/dossier\/ales\" class=\"color-ultramarine c-link\" rel=\"nofollow noopener\" target=\"_blank\">Al\u00e8s<\/a> a convi\u00e9 <a href=\"https:\/\/www.20minutes.fr\/dossier\/dorothee\" class=\"color-ultramarine c-link\" rel=\"nofollow noopener\" target=\"_blank\">Doroth\u00e9e<\/a>, l\u2019embl\u00e9matique <a href=\"https:\/\/www.20minutes.fr\/dossier\/animateur\" class=\"color-ultramarine c-link\" rel=\"nofollow noopener\" target=\"_blank\">animatrice<\/a> t\u00e9l\u00e9 des ann\u00e9es\u00a01980, \u00e0 le rejoindre sur la sc\u00e8ne de l\u2019Accor Arena, <a href=\"https:\/\/www.leparisien.fr\/culture-loisirs\/musique\/dorothee-rejoint-julien-dore-sur-scene-pendant-son-concert-a-laccor-arena-pour-un-incroyable-duo-06-04-2025-MXGOZLQOPZD47O4LQLOKXIG5J4.php\" rel=\"nofollow noopener\" target=\"_blank\" class=\"color-ultramarine c-link\">rapporte Le Parisien<\/a>.<\/p>\n<\/p>\n<p>Reprise d\u2019un tube culte<\/p>\n<p>Une <a href=\"https:\/\/www.20minutes.fr\/dossier\/video\" class=\"color-ultramarine c-link\" rel=\"nofollow noopener\" target=\"_blank\">vid\u00e9o <\/a>du <a href=\"https:\/\/www.20minutes.fr\/dossier\/journaliste\" class=\"color-ultramarine c-link\" rel=\"nofollow noopener\" target=\"_blank\">journaliste <\/a>Emmanuel Marolle post\u00e9e sur <a href=\"https:\/\/www.20minutes.fr\/high-tech\/twitter\/\" class=\"color-ultramarine c-link\" rel=\"nofollow noopener\" target=\"_blank\">X (ex-Twitter)<\/a> montre l\u2019ex-pr\u00e9sentatrice de <a href=\"https:\/\/www.20minutes.fr\/television\/1230531-20131001-20131001-nos-annees-recre-a2-exhume-decennie-petit-ecran-petits\" class=\"color-ultramarine c-link\" rel=\"nofollow noopener\" target=\"_blank\">R\u00e9cr\u00e9 A2<\/a> (A2, l\u2019ancien <a href=\"https:\/\/www.20minutes.fr\/television\/france_2\/\" class=\"color-ultramarine c-link\" rel=\"nofollow noopener\" target=\"_blank\">France 2<\/a>) rejoindre l\u2019artiste de 42 ans alors au <a href=\"https:\/\/www.20minutes.fr\/dossier\/piano\" class=\"color-ultramarine c-link\" rel=\"nofollow noopener\" target=\"_blank\">piano<\/a>. Ensemble, ils entament alors All\u00f4 all\u00f4 monsieur l\u2019ordinateur, une <a href=\"https:\/\/www.20minutes.fr\/dossier\/chanson\" class=\"color-ultramarine c-link\" rel=\"nofollow noopener\" target=\"_blank\">chanson <\/a>culte de Doroth\u00e9e datant de\u00a01985.<\/p>\n<p class=\"mb-m@xs text-l@xs\">En cliquant sur\u00ab J\u2019accepte \u00bb, vous acceptez le d\u00e9p\u00f4t de cookies par des services externes et aurez ainsi acc\u00e8s aux contenus de nos partenaires.<\/p>\n<p class=\"mb-xl@xs text-s@xs\">Plus d\u2019informations sur la page<a href=\"https:\/\/www.20minutes.fr\/gestion-cookies\" class=\"mx-xxs@xs color-ultramarine\" rel=\"nofollow noopener\" target=\"_blank\">Politique de gestion des cookies<\/a><\/p>\n<p>J\u2019accepte<\/p>\n<p>Histoire de parfaire l\u2019ambiance, l\u2019\u00e9cran g\u00e9ant plac\u00e9 en arri\u00e8re-plan diffuse le c\u00e9l\u00e8bre logo du <a href=\"https:\/\/www.20minutes.fr\/dossier\/club-dorothee\" class=\"color-ultramarine c-link\" rel=\"nofollow noopener\" target=\"_blank\">Club Doroth\u00e9e<\/a> (<a href=\"https:\/\/www.20minutes.fr\/dossier\/tf1\" class=\"color-ultramarine c-link\" rel=\"nofollow noopener\" target=\"_blank\">TF1<\/a>), l\u2019<a href=\"https:\/\/www.20minutes.fr\/dossier\/emission\" class=\"color-ultramarine c-link\" rel=\"nofollow noopener\" target=\"_blank\">\u00e9mission <\/a>qu\u2019animait jadis l\u2019animatrice aujourd\u2019hui \u00e2g\u00e9e de 71 ans et qui, de\u00a01987 \u00e0\u00a01997, a berc\u00e9 plusieurs g\u00e9n\u00e9rations de jeunes t\u00e9l\u00e9spectateurs.<\/p>\n<p>Une fois le <a href=\"https:\/\/www.20minutes.fr\/dossier\/duo\" class=\"color-ultramarine c-link\" rel=\"nofollow noopener\" target=\"_blank\">duo <\/a>termin\u00e9, et apr\u00e8s que Doroth\u00e9e eut quitt\u00e9 la sc\u00e8ne, le vainqueur de <a href=\"https:\/\/www.20minutes.fr\/dossier\/nouvelle_star\" class=\"color-ultramarine c-link\" rel=\"nofollow noopener\" target=\"_blank\">Nouvelle Star<\/a> 2007, visiblement \u00e9mu, lance \u00e0 la foule\u00a0: \u00ab\u00a0Je ne sais pas vous, mais j\u2019ai l\u2019impression d\u2019\u00eatre un gamin, l\u00e0\u2026\u00a0\u00bb.<\/p>\n<p><a href=\"https:\/\/www.20minutes.fr\/arts-stars\/people\/julien-dore\/\" class=\"c-link c-btn c-btn--primary\" rel=\"nofollow noopener\" target=\"_blank\">Notre dossier \u00ab Julien Dor\u00e9 \u00bb<\/a><\/p>\n<p>Le Parisien pr\u00e9cise que ce guest surprise \u00ab\u00a0s\u2019est fait gr\u00e2ce aux Muscl\u00e9s (<a href=\"https:\/\/www.20minutes.fr\/arts-stars\/culture\/2673447-20191212-ancien-muscles-bernard-minet-reprend-tubes-club-dorothee-version-metal\" class=\"color-ultramarine c-link\" rel=\"nofollow noopener\" target=\"_blank\">l\u2019ex-groupe du Club Doroth\u00e9e<\/a>), avec qui Julien Dor\u00e9 avait collabor\u00e9 pour une sp\u00e9ciale que TF1 a consacr\u00e9e \u00e0 Doroth\u00e9e en janvier\u00a02025\u00a0\u00bb. Le <a href=\"https:\/\/www.20minutes.fr\/dossier\/chanteur\" class=\"color-ultramarine c-link\" rel=\"nofollow noopener\" target=\"_blank\">chanteur <\/a>avait alors laiss\u00e9 un mot \u00e0 l\u2019attention de Doroth\u00e9e, que lui a transmis le <a href=\"https:\/\/www.20minutes.fr\/dossier\/groupe\" class=\"color-ultramarine c-link\" rel=\"nofollow noopener\" target=\"_blank\">groupe <\/a>et qui a permis de nouer le contact.<\/p>\n","protected":false},"excerpt":{"rendered":"C\u2019est \u00e0 une sacr\u00e9e s\u00e9quence nostalgie qu\u2019ont eu droit les fans de Julien Dor\u00e9\u00a0: en ouverture de sa&hellip;\n","protected":false},"author":2,"featured_media":11833,"comment_status":"","ping_status":"","sticky":false,"template":"","format":"standard","meta":{"footnotes":""},"categories":[1355],"tags":[2678,1000,1695,5551,4005,1697,251,58,5550,59,1011,27,594,4004,5553,1361,873,5552,3287,252,199,4441,133],"class_list":{"0":"post-11832","1":"post","2":"type-post","3":"status-publish","4":"format-standard","5":"has-post-thumbnail","7":"category-musique","8":"tag-ales","9":"tag-celebrites","10":"tag-chanson","11":"tag-chanson-francaise","12":"tag-club-dorothee","13":"tag-concert","14":"tag-culture","15":"tag-divertissement","16":"tag-dorothee","17":"tag-entertainment","18":"tag-fr","19":"tag-france","20":"tag-france-2","21":"tag-julien-dore","22":"tag-le-parisien","23":"tag-music","24":"tag-musique","25":"tag-nouvelle-star","26":"tag-stars","27":"tag-television","28":"tag-tf1","29":"tag-tournee","30":"tag-video"},"share_on_mastodon":{"url":"https:\/\/pubeurope.com\/@fr\/114306259532171089","error":""},"_links":{"self":[{"href":"https:\/\/www.europesays.com\/fr\/wp-json\/wp\/v2\/posts\/11832","targetHints":{"allow":["GET"]}}],"collection":[{"href":"https:\/\/www.europesays.com\/fr\/wp-json\/wp\/v2\/posts"}],"about":[{"href":"https:\/\/www.europesays.com\/fr\/wp-json\/wp\/v2\/types\/post"}],"author":[{"embeddable":true,"href":"https:\/\/www.europesays.com\/fr\/wp-json\/wp\/v2\/users\/2"}],"replies":[{"embeddable":true,"href":"https:\/\/www.europesays.com\/fr\/wp-json\/wp\/v2\/comments?post=11832"}],"version-history":[{"count":0,"href":"https:\/\/www.europesays.com\/fr\/wp-json\/wp\/v2\/posts\/11832\/revisions"}],"wp:featuredmedia":[{"embeddable":true,"href":"https:\/\/www.europesays.com\/fr\/wp-json\/wp\/v2\/media\/11833"}],"wp:attachment":[{"href":"https:\/\/www.europesays.com\/fr\/wp-json\/wp\/v2\/media?parent=11832"}],"wp:term":[{"taxonomy":"category","embeddable":true,"href":"https:\/\/www.europesays.com\/fr\/wp-json\/wp\/v2\/categories?post=11832"},{"taxonomy":"post_tag","embeddable":true,"href":"https:\/\/www.europesays.com\/fr\/wp-json\/wp\/v2\/tags?post=11832"}],"curies":[{"name":"wp","href":"https:\/\/api.w.org\/{rel}","templated":true}]}}