{"id":118326,"date":"2025-05-22T02:15:14","date_gmt":"2025-05-22T02:15:14","guid":{"rendered":"https:\/\/www.europesays.com\/fr\/118326\/"},"modified":"2025-05-22T02:15:14","modified_gmt":"2025-05-22T02:15:14","slug":"championship-paul-ulberg-jaimerais-beaucoup-monter-en-super-league-rugby-a-xiii","status":"publish","type":"post","link":"https:\/\/www.europesays.com\/fr\/118326\/","title":{"rendered":"Championship &#8211; Paul Ulberg : \u00ab\u00a0J\u2019aimerais beaucoup monter en Super League\u00a0\u00bb &#8211; Rugby \u00e0 XIII"},"content":{"rendered":"<p style=\"text-align: justify;\"><strong>Paul Ulberg, ailier du Toulouse Olympique, revient sur la victoire contre Oldham et sur les objectifs de la saison.<\/strong><\/p>\n<p style=\"text-align: justify;\"><strong>Que penses-tu de la victoire contre Oldham ?<\/strong><\/p>\n<p style=\"text-align: justify;\">Je pense que c\u2019\u00e9tait une bonne victoire pour nous, et nous avons tir\u00e9 une le\u00e7on importante : rester concentr\u00e9s pendant les 80 minutes. On s\u2019est rel\u00e2ch\u00e9s sur les 20 derni\u00e8res minutes, mais c\u2019est positif de gagner tout en ayant des axes de travail pour la suite.<\/p>\n<p style=\"text-align: justify;\"><strong>Que penses-tu du niveau du Championship ?<\/strong><\/p>\n<p style=\"text-align: justify;\">Je trouve que le niveau est bon et tr\u00e8s excitant cette ann\u00e9e. Beaucoup d\u2019\u00e9quipes visent la Super League, ce qui a vraiment \u00e9lev\u00e9 le niveau de comp\u00e9tition.<\/p>\n<p style=\"text-align: justify;\"><strong>Pour toi, qui est le favori pour monter en Super League ?<\/strong><\/p>\n<p style=\"text-align: justify;\">Honn\u00eatement, je ne sais pas trop. Pour nous, l\u2019objectif est de gagner le championnat et de bien g\u00e9rer nos performances. J\u2019aimerais beaucoup monter en Super League et y jouer, mais pour l\u2019instant, ma priorit\u00e9 est de rester concentr\u00e9 sur notre parcours actuel.<\/p>\n<p style=\"text-align: justify;\"><strong>Sur quoi l\u2019\u00e9quipe doit-elle s\u2019am\u00e9liorer ?<\/strong><\/p>\n<p style=\"text-align: justify;\">Je pense qu\u2019on doit r\u00e9ussir \u00e0 produire des performances constantes sur 80 minutes. Si on y parvient, aucune \u00e9quipe ne pourra nous suivre.<\/p>\n<p style=\"text-align: justify;\"><strong>Qui terminera meilleur marqueur du Championship : Olly, Benji ou toi ?<\/strong><\/p>\n<p style=\"text-align: justify;\">Je dois croire en moi et dire moi (rires).<\/p>\n<p style=\"text-align: justify;\"><strong>What did you think of the victory against Oldham?<\/strong><\/p>\n<p style=\"text-align: justify;\">I think it was a good win for us, and we learned a valuable lesson about staying focused for the full 80 minutes. We let ourselves down in the last 20 minutes, but it\u2019s still positive to get the win and have plenty of things to work on moving forward.<\/p>\n<p style=\"text-align: justify;\"><strong>What do you think of the level in the Championship?<\/strong><\/p>\n<p style=\"text-align: justify;\">I think it\u2019s good and exciting this year. A lot of teams are pushing for Super League, which has raised the level of competition.<\/p>\n<p style=\"text-align: justify;\"><strong>For you, who is the favourite to be promoted to Super League?<\/strong><\/p>\n<p style=\"text-align: justify;\">I\u2019m not really sure, to be honest. I think for our team, we\u2019re focused on winning the competition and taking care of our own performances. I\u2019d love to be promoted to Super League and compete there, but for now, staying focused on where we are is my main priority.<\/p>\n<p style=\"text-align: justify;\"><strong>What does the team need to improve on?<\/strong><\/p>\n<p style=\"text-align: justify;\">I think delivering consistent 80-minute performances. If we can do that, no team will be able to keep up with us.<\/p>\n<p style=\"text-align: justify;\"><strong>Who will finish as the top try scorer in the Championship : Olly, Benji, or you?<\/strong><\/p>\n<p style=\"text-align: justify;\">I have to back myself and say me (laughs).<\/p>\n<p><strong>Treize Mondial<br \/><a href=\"https:\/\/www.facebook.com\/13Mondial\" target=\"_blank\" rel=\"noopener\"><img loading=\"lazy\" decoding=\"async\" class=\"alignnone wp-image-217097\" src=\"https:\/\/www.europesays.com\/fr\/wp-content\/uploads\/2025\/04\/logo-facebook.png\" alt=\"\" width=\"40\" height=\"40\"  \/><\/a> <a href=\"https:\/\/twitter.com\/XIIIMondial\" target=\"_blank\" rel=\"noopener\"><img loading=\"lazy\" decoding=\"async\" class=\"alignnone wp-image-217098\" src=\"https:\/\/www.europesays.com\/fr\/wp-content\/uploads\/2025\/04\/logo-twitter.png\" alt=\"\" width=\"39\" height=\"39\"  \/><\/a><\/strong><\/p>\n<p>        <script async src=\"https:\/\/platform.twitter.com\/widgets.js\" charset=\"utf-8\"><\/script><\/p>\n","protected":false},"excerpt":{"rendered":"Paul Ulberg, ailier du Toulouse Olympique, revient sur la victoire contre Oldham et sur les objectifs de la&hellip;\n","protected":false},"author":2,"featured_media":118327,"comment_status":"","ping_status":"","sticky":false,"template":"","format":"standard","meta":{"footnotes":""},"categories":[1416],"tags":[3500,1011,27,23913,479,2228,1468,2229,60,3502],"class_list":{"0":"post-118326","1":"post","2":"type-post","3":"status-publish","4":"format-standard","5":"has-post-thumbnail","7":"category-rugby","8":"tag-championship","9":"tag-fr","10":"tag-france","11":"tag-paul-ulberg","12":"tag-rugby","13":"tag-rugby-a-xiii","14":"tag-rugby-football","15":"tag-rugby-league","16":"tag-sports","17":"tag-toulouse-olympique"},"share_on_mastodon":{"url":"https:\/\/pubeurope.com\/@fr\/114549078641395231","error":""},"_links":{"self":[{"href":"https:\/\/www.europesays.com\/fr\/wp-json\/wp\/v2\/posts\/118326","targetHints":{"allow":["GET"]}}],"collection":[{"href":"https:\/\/www.europesays.com\/fr\/wp-json\/wp\/v2\/posts"}],"about":[{"href":"https:\/\/www.europesays.com\/fr\/wp-json\/wp\/v2\/types\/post"}],"author":[{"embeddable":true,"href":"https:\/\/www.europesays.com\/fr\/wp-json\/wp\/v2\/users\/2"}],"replies":[{"embeddable":true,"href":"https:\/\/www.europesays.com\/fr\/wp-json\/wp\/v2\/comments?post=118326"}],"version-history":[{"count":0,"href":"https:\/\/www.europesays.com\/fr\/wp-json\/wp\/v2\/posts\/118326\/revisions"}],"wp:featuredmedia":[{"embeddable":true,"href":"https:\/\/www.europesays.com\/fr\/wp-json\/wp\/v2\/media\/118327"}],"wp:attachment":[{"href":"https:\/\/www.europesays.com\/fr\/wp-json\/wp\/v2\/media?parent=118326"}],"wp:term":[{"taxonomy":"category","embeddable":true,"href":"https:\/\/www.europesays.com\/fr\/wp-json\/wp\/v2\/categories?post=118326"},{"taxonomy":"post_tag","embeddable":true,"href":"https:\/\/www.europesays.com\/fr\/wp-json\/wp\/v2\/tags?post=118326"}],"curies":[{"name":"wp","href":"https:\/\/api.w.org\/{rel}","templated":true}]}}