{"id":118330,"date":"2025-05-22T02:18:09","date_gmt":"2025-05-22T02:18:09","guid":{"rendered":"https:\/\/www.europesays.com\/fr\/118330\/"},"modified":"2025-05-22T02:18:09","modified_gmt":"2025-05-22T02:18:09","slug":"grand-prix-de-france-de-motogp-un-week-end-de-tous-les-records-au-mans-ce-quil-faut-retenir","status":"publish","type":"post","link":"https:\/\/www.europesays.com\/fr\/118330\/","title":{"rendered":"Grand Prix de France de MotoGP. Un week-end de tous les records au Mans : ce qu&rsquo;il faut retenir"},"content":{"rendered":"<p>            Par<br \/>\n        <strong><br \/>\n            <a href=\"https:\/\/actu.fr\/auteur\/lilian-ballu\" title=\"Consulter tous les articles de Lilian Ballu\" target=\"_blank\" rel=\"noopener\">Lilian Ballu<\/a><br \/>\n        <\/strong><\/p>\n<p>        Publi\u00e9 le<\/p>\n<p>            12 mai 2025 \u00e0 14h08<br \/>\n        ; mis \u00e0 jour le 12 mai 2025 \u00e0 14h11    <\/p>\n<p>Le week-end dernier, du jeudi 8 au dimanche 11 mai 2025, Le Mans (<a href=\"https:\/\/actu.fr\/pays-de-la-loire\/sarthe_72\" target=\"_blank\" rel=\"noopener\">Sarthe<\/a>) a accueilli le 90e <b>Grand Prix de France de moto<\/b>. Plusieurs <b>records<\/b> ont \u00e9t\u00e9 battus durant cette \u00e9dition.<\/p>\n<p>Plus de 300 000 spectateurs<\/p>\n<p class=\" wall-content\">Quoi qu\u2019il arrive, ce Grand Prix de France restera dans les annales du MotoGP. <b>311 797 spectateurs<\/b> sur les quatre jours, ont annonc\u00e9 les organisateurs de l\u2019\u00e9v\u00e9nement.<\/p>\n<p class=\" wall-content\">C\u2019est ainsi la premi\u00e8re fois de l\u2019histoire qu\u2019un rendez-vous de MotoGP d\u00e9passe la<b> barre symbolique<\/b> des 300 000 spectateurs.<\/p>\n<p class=\" wall-content\">Le pr\u00e9c\u00e9dent record datait de 2024. Cette ann\u00e9e-l\u00e0, ils \u00e9taient 297 000 \u00e0 s\u2019\u00eatre d\u00e9plac\u00e9s sur les quatre jours. La journ\u00e9e de dimanche a comptabilis\u00e9 \u00e0 elle-seule plus de <b>120 000 supporters<\/b> le long du circuit Bugatti.<\/p>\n<p>Le record du tour battu<\/p>\n<p class=\" wall-content\">Un autre record est tomb\u00e9 ce week-end, mais cette fois, c\u2019est sur le circuit que \u00e7a s\u2019est jou\u00e9. Le Fran\u00e7ais <b>Fabio Quartararo <\/b>est all\u00e9 chercher une nouvelle pole position au Mans.<\/p>\n<p>Vid\u00e9os : en ce moment sur Actu<\/p>\n<p class=\" wall-content\">Quatre ans apr\u00e8s sa premi\u00e8re pole en Sarthe, le Ni\u00e7ois a r\u00e9cidiv\u00e9. Avec un tour en 1\u201929\u00a0\u00bb324, il a d\u00e9croch\u00e9 le tour le plus rapide de l\u2019histoire des 4,1 km du circuit Bugatti.<\/p>\n<p>Une victoire historique<\/p>\n<p class=\" wall-content\">Si Fabio Quartararo s\u2019est distingu\u00e9 ce week-end, un autre Fran\u00e7ais a brill\u00e9. Johann Zarco, parti seulement <b>11e<\/b> sur la grille de d\u00e9part, \u00e9tait en pneu pluie d\u00e8s le d\u00e9but.<\/p>\n<p class=\" wall-content\">Lorsque tous les pilotes devant lui sont rentr\u00e9s au stand pour prendre des pneus pluie, le Cannois s\u2019est retrouv\u00e9 en t\u00eate. Sans commettre d\u2019erreurs, il est all\u00e9 chercher <a href=\"https:\/\/actu.fr\/pays-de-la-loire\/le-mans_72181\/moto-gp-au-mans-johann-zarco-remporte-le-grand-prix-de-france-premiere-victoire-francaise-depuis-1954_62620504.html\" target=\"_blank\" rel=\"noopener\">sa <b>deuxi\u00e8me victoire<\/b> en MotoGP<\/a> au bout du 26e tour.<\/p>\n<p class=\" wall-content\">Avec ce succ\u00e8s, il est le <b>premier Fran\u00e7ais depuis 1954<\/b> \u00e0 s\u2019imposer \u00e0 domicile dans la cat\u00e9gorie reine des motos.<\/p>\n<p class=\" wall-content\">Suivez toute l\u2019actualit\u00e9 de vos villes et m\u00e9dias favoris en vous inscrivant \u00e0 <a href=\"https:\/\/moncompte.actu.fr\" title=\"D\u00e9couvez Mon Actu\" rel=\"nofollow noopener\" data-trk=\"{&quot;cta&quot;:{&quot;action&quot;:&quot;https:\\\/\\\/moncompte.actu.fr&quot;,&quot;category&quot;:&quot;mon compte&quot;,&quot;from&quot;:&quot;article footer&quot;,&quot;name&quot;:&quot;Mon actu&quot;,&quot;type&quot;:&quot;cta&quot;}}\" target=\"_blank\">Mon Actu<\/a>.<\/p>\n","protected":false},"excerpt":{"rendered":"Par Lilian Ballu Publi\u00e9 le 12 mai 2025 \u00e0 14h08 ; mis \u00e0 jour le 12 mai 2025&hellip;\n","protected":false},"author":2,"featured_media":118331,"comment_status":"","ping_status":"","sticky":false,"template":"","format":"standard","meta":{"footnotes":""},"categories":[1413],"tags":[1011,27,1457,1456,60,10200],"class_list":{"0":"post-118330","1":"post","2":"type-post","3":"status-publish","4":"format-standard","5":"has-post-thumbnail","7":"category-moto","8":"tag-fr","9":"tag-france","10":"tag-moto","11":"tag-motocycle","12":"tag-sports","13":"tag-sports-mecaniques"},"share_on_mastodon":{"url":"https:\/\/pubeurope.com\/@fr\/114549090148998039","error":""},"_links":{"self":[{"href":"https:\/\/www.europesays.com\/fr\/wp-json\/wp\/v2\/posts\/118330","targetHints":{"allow":["GET"]}}],"collection":[{"href":"https:\/\/www.europesays.com\/fr\/wp-json\/wp\/v2\/posts"}],"about":[{"href":"https:\/\/www.europesays.com\/fr\/wp-json\/wp\/v2\/types\/post"}],"author":[{"embeddable":true,"href":"https:\/\/www.europesays.com\/fr\/wp-json\/wp\/v2\/users\/2"}],"replies":[{"embeddable":true,"href":"https:\/\/www.europesays.com\/fr\/wp-json\/wp\/v2\/comments?post=118330"}],"version-history":[{"count":0,"href":"https:\/\/www.europesays.com\/fr\/wp-json\/wp\/v2\/posts\/118330\/revisions"}],"wp:featuredmedia":[{"embeddable":true,"href":"https:\/\/www.europesays.com\/fr\/wp-json\/wp\/v2\/media\/118331"}],"wp:attachment":[{"href":"https:\/\/www.europesays.com\/fr\/wp-json\/wp\/v2\/media?parent=118330"}],"wp:term":[{"taxonomy":"category","embeddable":true,"href":"https:\/\/www.europesays.com\/fr\/wp-json\/wp\/v2\/categories?post=118330"},{"taxonomy":"post_tag","embeddable":true,"href":"https:\/\/www.europesays.com\/fr\/wp-json\/wp\/v2\/tags?post=118330"}],"curies":[{"name":"wp","href":"https:\/\/api.w.org\/{rel}","templated":true}]}}