{"id":118344,"date":"2025-05-22T02:26:09","date_gmt":"2025-05-22T02:26:09","guid":{"rendered":"https:\/\/www.europesays.com\/fr\/118344\/"},"modified":"2025-05-22T02:26:09","modified_gmt":"2025-05-22T02:26:09","slug":"lun-des-rappeurs-du-groupe-nord-irlandais-kneecap-inculpe-pour-soupcons-de-soutien-au-hezbollah-liberation","status":"publish","type":"post","link":"https:\/\/www.europesays.com\/fr\/118344\/","title":{"rendered":"L\u2019un des rappeurs du groupe nord-irlandais Kneecap inculp\u00e9 pour soup\u00e7ons de soutien au Hezbollah \u2013 Lib\u00e9ration"},"content":{"rendered":"<p class=\"sc-ksZaOG ehjQrN text-element\">Liam O\u2019Hanna, l\u2019un des membres du groupe de rap nord-irlandais Kneecap, a \u00e9t\u00e9 inculp\u00e9 pour offense terroriste apr\u00e8s avoir brandi, lors d\u2019un concert \u00e0 Londres, un drapeau du Hezbollah. Cette annonce a \u00e9t\u00e9 faite par la police londonienne ce mercredi dans la soir\u00e9e.<\/p>\n<p class=\"sc-ksZaOG ehjQrN text-element\">Lors d\u2019un concert au O2 Forum \u00e0 Londres en novembre dernier, le chanteur avait \u00abbrandi [\u2026] un drapeau, d\u2019une mani\u00e8re ou dans des circonstances qui font raisonnablement soup\u00e7onner qu\u2019il est un partisan d\u2019une organisation interdite, \u00e0 savoir le Hezbollah\u00bb, un d\u00e9lit inscrit dans la loi sur le terrorisme de 2000, a d\u00e9taill\u00e9 la police dans un communiqu\u00e9. <a href=\"https:\/\/www.liberation.fr\/tags\/hezbollah\/\" target=\"_blank\" rel=\"noreferrer nofollow noopener\" title=\"https:\/\/www.liberation.fr\/tags\/hezbollah\/\">Le Hezbollah, formation libanaise pro iranienne,<\/a> est consid\u00e9r\u00e9 comme un groupe terroriste au Royaume-Uni.<\/p>\n<p class=\"sc-ksZaOG ehjQrN text-element\">Liam O\u2019Hanna, dont le nom de sc\u00e8ne est Mo Chara au sein de Kneecap, devra alors compara\u00eetre le 18 juin devant un tribunal de Londres.<\/p>\n<p class=\"sc-ksZaOG ehjQrN text-element\">Depuis son passage au festival am\u00e9ricain Coachella, le 11 avril dernier, au cours duquel le trio nord-irlandais avait port\u00e9 un message pro-Gaza, Kneecap est sous le feu des critiques. Avec des cons\u00e9quences en cascade : appels \u00e0 l\u2019annulation de leurs visas am\u00e9ricains, menaces, intimidations et d\u00e9programmation de leurs dates dans plusieurs salles et festivals.<\/p>\n<p class=\"sc-ksZaOG ehjQrN text-element\">Depuis, des vid\u00e9os de plusieurs de leurs concerts sont \u00e9galement ressorties sur les r\u00e9seaux sociaux, montrant par exemple un des membres du groupe semblant crier \u00abAllez le Hamas !, Allez le Hezbollah !\u00bb.<\/p>\n<p class=\"sc-ksZaOG ehjQrN text-element\">D\u00e9but mai, la police antiterroriste a annonc\u00e9 qu\u2019elle enqu\u00eatait sur plusieurs vid\u00e9os, estimant \u00abqu\u2019il y avait suffisamment de raisons d\u2019enqu\u00eater sur d\u2019\u00e9ventuelles infractions\u00bb. Les rappeurs ont, eux, assur\u00e9 \u00abne pas soutenir et n\u2019avoir jamais soutenu le Hamas ou le Hezbollah\u00bb. \u00abNous condamnons toutes les attaques contre les civils, toujours\u00bb, ont-ils r\u00e9torqu\u00e9 sur les r\u00e9seaux sociaux.<\/p>\n","protected":false},"excerpt":{"rendered":"Liam O\u2019Hanna, l\u2019un des membres du groupe de rap nord-irlandais Kneecap, a \u00e9t\u00e9 inculp\u00e9 pour offense terroriste apr\u00e8s&hellip;\n","protected":false},"author":2,"featured_media":118345,"comment_status":"","ping_status":"","sticky":false,"template":"","format":"standard","meta":{"footnotes":""},"categories":[1355],"tags":[58,59,1011,27,7295,516,1361,873],"class_list":{"0":"post-118344","1":"post","2":"type-post","3":"status-publish","4":"format-standard","5":"has-post-thumbnail","7":"category-musique","8":"tag-divertissement","9":"tag-entertainment","10":"tag-fr","11":"tag-france","12":"tag-hezbollah","13":"tag-irlande","14":"tag-music","15":"tag-musique"},"share_on_mastodon":{"url":"https:\/\/pubeurope.com\/@fr\/114549121732561099","error":""},"_links":{"self":[{"href":"https:\/\/www.europesays.com\/fr\/wp-json\/wp\/v2\/posts\/118344","targetHints":{"allow":["GET"]}}],"collection":[{"href":"https:\/\/www.europesays.com\/fr\/wp-json\/wp\/v2\/posts"}],"about":[{"href":"https:\/\/www.europesays.com\/fr\/wp-json\/wp\/v2\/types\/post"}],"author":[{"embeddable":true,"href":"https:\/\/www.europesays.com\/fr\/wp-json\/wp\/v2\/users\/2"}],"replies":[{"embeddable":true,"href":"https:\/\/www.europesays.com\/fr\/wp-json\/wp\/v2\/comments?post=118344"}],"version-history":[{"count":0,"href":"https:\/\/www.europesays.com\/fr\/wp-json\/wp\/v2\/posts\/118344\/revisions"}],"wp:featuredmedia":[{"embeddable":true,"href":"https:\/\/www.europesays.com\/fr\/wp-json\/wp\/v2\/media\/118345"}],"wp:attachment":[{"href":"https:\/\/www.europesays.com\/fr\/wp-json\/wp\/v2\/media?parent=118344"}],"wp:term":[{"taxonomy":"category","embeddable":true,"href":"https:\/\/www.europesays.com\/fr\/wp-json\/wp\/v2\/categories?post=118344"},{"taxonomy":"post_tag","embeddable":true,"href":"https:\/\/www.europesays.com\/fr\/wp-json\/wp\/v2\/tags?post=118344"}],"curies":[{"name":"wp","href":"https:\/\/api.w.org\/{rel}","templated":true}]}}