{"id":118356,"date":"2025-05-22T02:33:14","date_gmt":"2025-05-22T02:33:14","guid":{"rendered":"https:\/\/www.europesays.com\/fr\/118356\/"},"modified":"2025-05-22T02:33:14","modified_gmt":"2025-05-22T02:33:14","slug":"pour-consolider-la-strategie-indo-pacifique-macron-va-enchainer-trois-visites-detat-en-asie-du-sud-est","status":"publish","type":"post","link":"https:\/\/www.europesays.com\/fr\/118356\/","title":{"rendered":"Pour consolider la \u00abstrat\u00e9gie indo-pacifique\u00bb, Macron va encha\u00eener trois visites d&rsquo;\u00c9tat en Asie du Sud-Est"},"content":{"rendered":"<p>Dans \u00able contexte actuel d\u2019une zone Asie-Pacifique prise entre les \u00c9tats-Unis et la Chine\u00bb, Paris veut se poser en partenaire \u00abfiable\u00bb et \u00abrespectueux\u00bb de la \u00absouverainet\u00e9\u00bb et de l\u2019\u00abind\u00e9pendance\u00bb de ces \u00c9tats.<\/p>\n<p class=\"fig-paragraph\">Emmanuel Macron va encha\u00eener la semaine prochaine trois visites d&rsquo;\u00c9tat au Vietnam, en Indon\u00e9sie et \u00e0\u00a0<a href=\"http:\/\/www.lefigaro.fr\/international\/quand-shimon-peres-voulait-transformer-la-bande-de-gaza-en-singapour-du-moyen-orient-20250205\" target=\"_blank\" data-fig-type=\"Article\" rel=\"noopener nofollow\" data-gtm-custom-categorie=\"navigation\" data-gtm-custom-action=\"crossclick\" data-gtm-custom-label=\"Contextuel\" data-gtm-event=\"customEventSPE\" data-fig-domain=\"LEFIGARO\">Singapour\u00a0<\/a>lors d&rsquo;une nouvelle tourn\u00e9e pour consolider la \u00abstrat\u00e9gie indo-pacifique\u00bb de la France, a annonc\u00e9 l&rsquo;\u00c9lys\u00e9e ce mercredi . Dans \u00able contexte actuel d&rsquo;une zone Asie-Pacifique prise entre les \u00c9tats-Unis et la Chine\u00bb, avec Washington qui met \u00abune pression extr\u00eamement forte\u00bb via les taxes commerciales de\u00a0<a href=\"http:\/\/www.lefigaro.fr\/conjoncture\/pourquoi-la-guerre-commerciale-de-donald-trump-pourrait-etre-jugee-illegale-20250521\" target=\"_blank\" data-fig-type=\"Article\" rel=\"noopener nofollow\" data-gtm-custom-categorie=\"navigation\" data-gtm-custom-action=\"crossclick\" data-gtm-custom-label=\"Contextuel\" data-gtm-event=\"customEventSPE\" data-fig-domain=\"LEFIGARO\">Donald Trump<\/a>\u00a0et P\u00e9kin de plus en plus offensif sur \u00ables contentieux territoriaux\u00bb, Paris veut se poser en partenaire \u00abfiable\u00bb et \u00abrespectueux\u00bb de la \u00absouverainet\u00e9\u00bb et de l&rsquo;\u00abind\u00e9pendance\u00bb de ces \u00c9tats, a expliqu\u00e9 la pr\u00e9sidence fran\u00e7aise \u00e0 des journalistes.<\/p>\n<p class=\"fig-paragraph\">\u00abNous, nous d\u00e9fendons l&rsquo;id\u00e9e de r\u00e8gles du commerce international, nous ne souhaitons pas une jungle o\u00f9 la loi du plus fort s&rsquo;impose\u00bb, sera en substance le message du chef de l&rsquo;\u00c9tat, selon son entourage. La tourn\u00e9e, apr\u00e8s de nombreux autres d\u00e9placements depuis 2017 en Inde, en Tha\u00eflande, dans l&rsquo;oc\u00e9an Pacifique et r\u00e9cemment dans l&rsquo;oc\u00e9an Indien, vise aussi \u00e0 assurer une \u00abdiversification de nos cha\u00eenes de valeur et nos cha\u00eenes d&rsquo;approvisionnement\u00bb, a ajout\u00e9 un de ses conseillers.<\/p>\n<p>Moscou \u00abd\u00e9stabilise l\u2019Asie\u00bb, selon Paris<\/p>\n<p class=\"fig-paragraph\">Emmanuel Macron entend notamment tordre le cou \u00e0 la vision d&rsquo;un \u00abdouble standard\u00bb europ\u00e9en et occidental entre<a href=\"http:\/\/www.lefigaro.fr\/international\/guerre-en-ukraine-poutine-s-engage-devant-trump-a-discuter-d-un-cessez-le-feu-20250519\" target=\"_blank\" data-fig-type=\"Article\" rel=\"noopener nofollow\" data-gtm-custom-categorie=\"navigation\" data-gtm-custom-action=\"crossclick\" data-gtm-custom-label=\"Contextuel\" data-gtm-event=\"customEventSPE\" data-fig-domain=\"LEFIGARO\">\u00a0la guerre en Ukraine<\/a>\u00a0et le conflit \u00e0 Gaza. \u00abNous comprenons parfaitement les sensibilit\u00e9s des communaut\u00e9s musulmanes dans la r\u00e9gion\u00bb, a expliqu\u00e9 ce conseiller, assurant vouloir d\u00e9montrer que le pr\u00e9sident fran\u00e7ais est \u00abparticuli\u00e8rement impliqu\u00e9\u00bb pour \u00abparvenir \u00e0 la paix au Proche-Orient\u00bb.<\/p>\n<p class=\"fig-paragraph\">En vue de la conf\u00e9rence que copr\u00e9sidera la France avec l&rsquo;Arabie saoudite en juin \u00e0\u00a0<a href=\"http:\/\/www.lefigaro.fr\/international\/licenciements-delocalisations-au-bord-du-gouffre-l-onu-entame-une-therapie-de-choc-20250516\" target=\"_blank\" data-fig-type=\"Article\" rel=\"noopener nofollow\" data-gtm-custom-categorie=\"navigation\" data-gtm-custom-action=\"crossclick\" data-gtm-custom-label=\"Contextuel\" data-gtm-event=\"customEventSPE\" data-fig-domain=\"LEFIGARO\">l&rsquo;ONU<\/a>\u00a0sur la solution dite \u00ab\u00e0 deux \u00c9tats\u00bb, palestinien et isra\u00e9lien, la reconnaissance de l&rsquo;\u00c9tat d&rsquo;Isra\u00ebl est aussi \u00abun enjeu\u00bb de l&rsquo;\u00e9tape en Indon\u00e9sie, pays \u00e0 majorit\u00e9 musulmane le plus peupl\u00e9 au monde, selon l&rsquo;\u00c9lys\u00e9e. Emmanuel Macron veut aussi marteler que \u00abla guerre men\u00e9e par la Russie en Ukraine est un conflit qui a des cons\u00e9quences mondiales\u00bb, \u00aby compris pour l&rsquo;Asie du Sud-Est\u00bb, puisqu&rsquo;il \u00abs&rsquo;agit d&rsquo;une remise en cause de la souverainet\u00e9\u00bb et que Moscou \u00abd\u00e9stabilise l&rsquo;Asie\u00bb en \u00abfaisant combattre les soldats nord-cor\u00e9ens sur le sol europ\u00e9en contre les Ukrainiens et en soutenant les programmes balistique et nucl\u00e9aire de la Cor\u00e9e du Nord\u00bb.<\/p>\n","protected":false},"excerpt":{"rendered":"Dans \u00able contexte actuel d\u2019une zone Asie-Pacifique prise entre les \u00c9tats-Unis et la Chine\u00bb, Paris veut se poser&hellip;\n","protected":false},"author":2,"featured_media":118357,"comment_status":"","ping_status":"","sticky":false,"template":"","format":"standard","meta":{"footnotes":""},"categories":[5],"tags":[259,11,260,6060,312,1073,1011,27,14,261,12,262,28],"class_list":{"0":"post-118356","1":"post","2":"type-post","3":"status-publish","4":"format-standard","5":"has-post-thumbnail","7":"category-international","8":"tag-actualite-internationale","9":"tag-actualites","10":"tag-affaires-etrangeres","11":"tag-asie","12":"tag-diplomatie","13":"tag-emmanuel-macron","14":"tag-fr","15":"tag-france","16":"tag-international","17":"tag-ministere-des-affaires-etrangeres","18":"tag-news","19":"tag-politique-etrangere","20":"tag-world"},"share_on_mastodon":{"url":"https:\/\/pubeurope.com\/@fr\/114549149180020480","error":""},"_links":{"self":[{"href":"https:\/\/www.europesays.com\/fr\/wp-json\/wp\/v2\/posts\/118356","targetHints":{"allow":["GET"]}}],"collection":[{"href":"https:\/\/www.europesays.com\/fr\/wp-json\/wp\/v2\/posts"}],"about":[{"href":"https:\/\/www.europesays.com\/fr\/wp-json\/wp\/v2\/types\/post"}],"author":[{"embeddable":true,"href":"https:\/\/www.europesays.com\/fr\/wp-json\/wp\/v2\/users\/2"}],"replies":[{"embeddable":true,"href":"https:\/\/www.europesays.com\/fr\/wp-json\/wp\/v2\/comments?post=118356"}],"version-history":[{"count":0,"href":"https:\/\/www.europesays.com\/fr\/wp-json\/wp\/v2\/posts\/118356\/revisions"}],"wp:featuredmedia":[{"embeddable":true,"href":"https:\/\/www.europesays.com\/fr\/wp-json\/wp\/v2\/media\/118357"}],"wp:attachment":[{"href":"https:\/\/www.europesays.com\/fr\/wp-json\/wp\/v2\/media?parent=118356"}],"wp:term":[{"taxonomy":"category","embeddable":true,"href":"https:\/\/www.europesays.com\/fr\/wp-json\/wp\/v2\/categories?post=118356"},{"taxonomy":"post_tag","embeddable":true,"href":"https:\/\/www.europesays.com\/fr\/wp-json\/wp\/v2\/tags?post=118356"}],"curies":[{"name":"wp","href":"https:\/\/api.w.org\/{rel}","templated":true}]}}