{"id":118358,"date":"2025-05-22T02:34:11","date_gmt":"2025-05-22T02:34:11","guid":{"rendered":"https:\/\/www.europesays.com\/fr\/118358\/"},"modified":"2025-05-22T02:34:11","modified_gmt":"2025-05-22T02:34:11","slug":"nogent-sur-oise-choc-apres-le-meurtre-dun-ado-devant-lidl-le-monde-devient-fou","status":"publish","type":"post","link":"https:\/\/www.europesays.com\/fr\/118358\/","title":{"rendered":"Nogent-sur-Oise. Choc apr\u00e8s le meurtre d&rsquo;un ado devant Lidl : \u00ab\u00a0Le monde devient fou\u00a0\u00bb"},"content":{"rendered":"<p>            Par<br \/>\n        <strong><br \/>\n            <a href=\"https:\/\/actu.fr\/auteur\/adrien-deschepper\" title=\"Consulter tous les articles de Adrien Deschepper\" target=\"_blank\" rel=\"noopener\">Adrien Deschepper<\/a><br \/>\n        <\/strong><\/p>\n<p>        Publi\u00e9 le<\/p>\n<p>            21 mai 2025 \u00e0 18h52        <\/p>\n<p>Des bouquets de roses blanches et rouges, d\u00e9pos\u00e9es \u00e0 tour de r\u00f4le par des habitants de <strong>Nogent-sur-Oise<\/strong> (<a href=\"http:\/\/actu.fr\/oise\/\" target=\"_blank\" rel=\"noopener\">Oise<\/a>), ce mercredi 21 mai 2025 au matin, au pied de l\u2019abri \u00e0 caddies du supermarch\u00e9 <strong>Lidl<\/strong>. Lieu o\u00f9, la veille au soir, <a href=\"https:\/\/actu.fr\/hauts-de-france\/nogent-sur-oise_60463\/un-jeune-de-17-ans-sauvagement-tue-sur-le-parking-d-un-lidl-dans-l-oise-ce-que-l-on-sait_62665395.html\" target=\"_blank\" rel=\"noopener\">un adolescent de 17 ans a \u00e9t\u00e9 sauvagement agress\u00e9 \u00e0 la hache<\/a> au niveau du cou, avant de perdre la vie \u00e0 l\u2019h\u00f4pital. Une sc\u00e8ne d\u2019une <strong>violence inou\u00efe<\/strong> qui a rapidement resonn\u00e9 dans la ville. Et qui ne laisse aucun habitant indiff\u00e9rent.\u00a0<\/p>\n<p class=\" wall-content\">\u00ab\u00a0Je n\u2019en reviens pas, j\u2019habite ici depuis vingt ans et <strong>c\u2019est plut\u00f4t calme d\u2019habitude\u00a0\u00bb<\/strong>, s\u2019\u00e9tonne un vieil homme, sac de courses autour du bras. \u00ab\u00a0C\u2019est un quartier paisible, je ne comprends pas ce qu\u2019il se passe\u2026 Ce matin, je suis venu car je voulais voir o\u00f9 est-ce que cela s\u2019\u00e9tait pass\u00e9\u00a0\u00bb.\u00a0<\/p>\n<p>\u00ab\u00a0Je suis compl\u00e8tement choqu\u00e9e\u00a0\u00bb<\/p>\n<p class=\" wall-content\">A deux pas, une jeune femme de 19 ans est foudroy\u00e9e par l\u2019\u00e9motion. \u00ab\u00a0C\u2019\u00e9tait un humain, un fr\u00e8re, un fils\u2026\u00a0\u00bb, d\u00e9plore-t-elle. \u00ab\u00a0<strong>On m\u2019a envoy\u00e9 une vid\u00e9o hier soir, je voyais le sang\u2026 C\u2019\u00e9tait tr\u00e8s dur<\/strong>. En plus, de savoir qu\u2019il a \u00e9t\u00e9 tu\u00e9 avec une hache, \u00e0 la gorge\u2026 C\u2019est horrible !\u00a0\u00bb<\/p>\n<p class=\" wall-content\">Au lendemain des faits, les clients ont pu retrouver leur supermarch\u00e9 et une ambiance quasi normale. M\u00eame si l\u2019\u00e9motion reste palpable devant ce Lidl, qui \u00e9tait encore ouvert au moment du drame. Certains passants et clients viennent d\u00e9poser un bouquet avant de se recueillir quelques secondes et de rebrousser chemin.<\/p>\n<p class=\" wall-content\">Une m\u00e8re de famille qui vit ici vient ajouter quelques roses, le pas timide. <strong>\u00ab\u00a0Je suis compl\u00e8tement choqu\u00e9e<\/strong>, le monde devient fou !\u00a0\u00bb, d\u00e9nonce-t-elle. \u00ab\u00a0Je ne comprends pas cette soci\u00e9t\u00e9, cette jeunesse\u2026\u00a0\u00bb<\/p>\n<blockquote class=\"ac-article-quote wall-content\">\n<p>Nogent-sur-Oise est une ville tr\u00e8s calme, mais maintenant, ce genre de drame peut arriver n&rsquo;importe o\u00f9 (&#8230;). J&rsquo;ai des adolescents \u00e0 la maison, j&rsquo;ai peur pour eux. Je ne les laisse plus sortir.<\/p>\n<p>    <strong>Une habitante<\/strong>\n            <\/p><\/blockquote>\n<p>    <img   decoding=\"async\" loading=\"lazy\" src=\"https:\/\/www.europesays.com\/fr\/wp-content\/uploads\/2025\/05\/lidl-nogent-sur-oise-meurtre-jeune-17-ans-960x640.jpeg\" alt=\"Au lendemain des faits, plusieurs habitants sont venus d\u00e9poser des fleurs sur le lieu de l'agression.\" width=\"960\" height=\"640\"\/><br \/>\n    Au lendemain des faits, plusieurs habitants sont venus d\u00e9poser des fleurs sur le lieu de l\u2019agression. (\u00a9Adrien Deschepper \/ actu Oise)\u00ab\u00a0Des conditions atroces\u00a0\u00bb, d\u00e9nonce le maire<\/p>\n<p class=\" wall-content\">Touch\u00e9e par l\u2019\u00e9motion, celle qui se dit \u00eatre \u00ab\u00a0\u00e0 deux doigts de pleurer\u00a0\u00bb confie avoir appris l\u2019\u00e9v\u00e8nement sur les r\u00e9seaux sociaux. \u00ab\u00a0Au d\u00e9but, on pensait qu\u2019il \u00e9tait simplement bless\u00e9\u2026 Mais on a appris qu\u2019il \u00e9tait d\u00e9c\u00e9d\u00e9 dans la nuit. C\u2019\u00e9tait un enfant\u00a0\u00bb.\u00a0<\/p>\n<p class=\" wall-content\">Le maire de <a href=\"https:\/\/actu.fr\/hauts-de-france\/nogent-sur-oise_60463\" target=\"_blank\" rel=\"noopener\">Nogent-sur-Oise<\/a>, <strong>Jean-Fran\u00e7ois Dardenne<\/strong>, a lui aussi r\u00e9agi \u00e0 ce drame. Il d\u00e9nonce les \u00ab\u00a0conditions atroces et inhumaines\u00a0\u00bb de ce meurtre. \u00ab\u00a0Nous avons une pens\u00e9e \u00e9mue pour la famille et les proches de la victime. Nous sommes \u00e0 leurs c\u00f4t\u00e9s dans cette \u00e9preuve\u00a0\u00bb, \u00e9crit-il dans un communiqu\u00e9.<\/p>\n<blockquote class=\"ac-article-quote wall-content\">\n<p>Nous ne supporterons jamais qu\u2019un enfant, qu\u2019un jeune, puisse \u00eatre assassin\u00e9 \u00e0 l\u2019arme blanche sur l\u2019espace public. Face \u00e0 pareille violence, jamais nous ne nous r\u00e9signerons.<\/p>\n<p>    <strong>Jean-Fran\u00e7ois Dardenne<\/strong><br \/>\n        Maire de Nogent-sur-Oise    <\/p><\/blockquote>\n<p class=\" wall-content\">L\u2019\u00e9lu lance un appel \u00ab\u00a0\u00e0 l\u2019apaisement et au calme face \u00e0 ce drame qui nous affecte tous\u00a0\u00bb. De son c\u00f4t\u00e9, le d\u00e9put\u00e9 (RN) de la circonscription, <strong>David Magnier<\/strong>, qualifie cet \u00ab\u00a0acte de barbarie\u00a0\u00bb de \u00ab\u00a0reflet d\u2019une soci\u00e9t\u00e9 en d\u00e9liquescence, o\u00f9 la violence devient le quotidien\u00a0\u00bb.<\/p>\n<p>Trois jeunes suspects arr\u00eat\u00e9s<\/p>\n<p class=\" wall-content\">Dans cette affaire, trois suspects qui avaient pris la fuite ont rapidement \u00e9t\u00e9 interpell\u00e9s par la police mardi soir. \u00ab\u00a0<strong>Ag\u00e9s de 19 ans, 17 ans et 16 ans<\/strong>, ils sont inconnus de la Justice et, \u00e0 ce stade, demeurent pr\u00e9sum\u00e9s innocents\u00a0\u00bb, pr\u00e9cisait le procureur de la R\u00e9publique de Senlis, Lo\u00efc Abrial, apr\u00e8s avoir ouvert une enqu\u00eate de flagrance pour meurtre.<\/p>\n<p class=\" wall-content\">Le mobile de cette agression, <strong>qui s\u2019apparente \u00e0 un r\u00e8glement de compte<\/strong>, reste \u00e0 cette heure inconnu. Les enqu\u00eateurs de la police judiciaire de Creil devront faire la lumi\u00e8re sur ce drame.<\/p>\n<p class=\" wall-content\">Suivez toute l\u2019actualit\u00e9 de vos villes et m\u00e9dias favoris en vous inscrivant \u00e0 <a href=\"https:\/\/moncompte.actu.fr\" title=\"D\u00e9couvez Mon Actu\" rel=\"nofollow noopener\" data-trk=\"{&quot;cta&quot;:{&quot;action&quot;:&quot;https:\\\/\\\/moncompte.actu.fr&quot;,&quot;category&quot;:&quot;mon compte&quot;,&quot;from&quot;:&quot;article footer&quot;,&quot;name&quot;:&quot;Mon actu&quot;,&quot;type&quot;:&quot;cta&quot;}}\" target=\"_blank\">Mon Actu<\/a>.<\/p>\n","protected":false},"excerpt":{"rendered":"Par Adrien Deschepper Publi\u00e9 le 21 mai 2025 \u00e0 18h52 Des bouquets de roses blanches et rouges, d\u00e9pos\u00e9es&hellip;\n","protected":false},"author":2,"featured_media":118359,"comment_status":"","ping_status":"","sticky":false,"template":"","format":"standard","meta":{"footnotes":""},"categories":[4],"tags":[11,118,1011,27,7364,12,25],"class_list":{"0":"post-118358","1":"post","2":"type-post","3":"status-publish","4":"format-standard","5":"has-post-thumbnail","7":"category-france","8":"tag-actualites","9":"tag-faits-divers","10":"tag-fr","11":"tag-france","12":"tag-loise","13":"tag-news","14":"tag-republique-francaise"},"share_on_mastodon":{"url":"https:\/\/pubeurope.com\/@fr\/114549153140705215","error":""},"_links":{"self":[{"href":"https:\/\/www.europesays.com\/fr\/wp-json\/wp\/v2\/posts\/118358","targetHints":{"allow":["GET"]}}],"collection":[{"href":"https:\/\/www.europesays.com\/fr\/wp-json\/wp\/v2\/posts"}],"about":[{"href":"https:\/\/www.europesays.com\/fr\/wp-json\/wp\/v2\/types\/post"}],"author":[{"embeddable":true,"href":"https:\/\/www.europesays.com\/fr\/wp-json\/wp\/v2\/users\/2"}],"replies":[{"embeddable":true,"href":"https:\/\/www.europesays.com\/fr\/wp-json\/wp\/v2\/comments?post=118358"}],"version-history":[{"count":0,"href":"https:\/\/www.europesays.com\/fr\/wp-json\/wp\/v2\/posts\/118358\/revisions"}],"wp:featuredmedia":[{"embeddable":true,"href":"https:\/\/www.europesays.com\/fr\/wp-json\/wp\/v2\/media\/118359"}],"wp:attachment":[{"href":"https:\/\/www.europesays.com\/fr\/wp-json\/wp\/v2\/media?parent=118358"}],"wp:term":[{"taxonomy":"category","embeddable":true,"href":"https:\/\/www.europesays.com\/fr\/wp-json\/wp\/v2\/categories?post=118358"},{"taxonomy":"post_tag","embeddable":true,"href":"https:\/\/www.europesays.com\/fr\/wp-json\/wp\/v2\/tags?post=118358"}],"curies":[{"name":"wp","href":"https:\/\/api.w.org\/{rel}","templated":true}]}}