{"id":118375,"date":"2025-05-22T02:43:15","date_gmt":"2025-05-22T02:43:15","guid":{"rendered":"https:\/\/www.europesays.com\/fr\/118375\/"},"modified":"2025-05-22T02:43:15","modified_gmt":"2025-05-22T02:43:15","slug":"la-france-insoumise-1ere-force-politique-a-montpellier-avance-le-mouvement","status":"publish","type":"post","link":"https:\/\/www.europesays.com\/fr\/118375\/","title":{"rendered":"\u00ab\u00a0La France insoumise, 1\u00e8re force politique \u00e0 Montpellier\u00a0\u00bb, avance le mouvement"},"content":{"rendered":"<p>\n\t\t\t\t\tLundi 12 mai dernier, l&rsquo;Assembl\u00e9e municipale de\u00a0La\u00a0France\u00a0Insoumise\u00a0\u00e0 Montpellier a adopt\u00e9 par consensus un texte d&rsquo;orientation strat\u00e9gique pour les \u00e9lections municipales.\t\t\t\t<\/p>\n<p>\n\t\t\t\t\t\t\t\t\t\u00a9 DR. Une r\u00e9union des membres LFI de Montpellier. .\t\t\t\t\t\t\t\t<\/p>\n<p>Ce texte a ensuite \u00e9t\u00e9 valid\u00e9 par le Comit\u00e9 \u00e9lectoral national de LFI, dont Guilhem Serieys est le correspondant pour l\u2019Occitanie. \u00ab\u00a0Dix ans apr\u00e8s la fondation de La France insoumise, le rendez-vous des municipales doit marquer une nouvelle \u00e9tape du d\u00e9veloppement de notre mouvement et acc\u00e9l\u00e9rer notre<br \/>implantation \u00e0 Montpellier\u00a0\u00bb, expose-t-il dans un communiqu\u00e9 de presse. <\/p>\n<p>\u00ab\u00a0Nous comptons d\u00e9sormais plus de 30 groupes d\u2019action dans plusieurs quartiers de Montpellier\u00a0\u00bb<\/p>\n<p>Guilhem Serieys illustre de quelques chiffres : \u00ab\u00a0Nos groupes d\u2019action se sont multipli\u00e9s et ont gagn\u00e9 des centaines de nouveaux membres ces derniers mois, particuli\u00e8rement depuis les \u00e9lections europ\u00e9ennes et les l\u00e9gislatives anticip\u00e9es. Nous comptons d\u00e9sormais plus de 30 groupes d\u2019action dans plusieurs quartiers de Montpellier. Le groupe des jeunes insoumis est la premi\u00e8re force politique jeune, notamment gr\u00e2ce \u00e0 son implantation dans les trois principaux campus universitaires de la ville\u00ab\u00a0. <\/p>\n<p>Pour rappel, aux \u00e9lections europ\u00e9ennes de juin 2024, la liste de l\u2019Union Populaire soutenue par La France insoumise a fini en t\u00eate \u00e0 Montpellier \u00e0 24%, soit pr\u00e8s de 20 000 voix, devant la liste du Parti Socialiste et celle du Rassemblement National.  Lors de l\u2019\u00e9lection pr\u00e9sidentielle de 2022, Jean-Luc M\u00e9lenchon avait obtenu 40,73% des voix \u00e0 Montpellier. \u00ab\u00a0Forts de nos r\u00e9sultats, nous voulons gagner les prochaines \u00e9lections municipales de 2026 \u00e0 Montpellier sur la base d\u2019un programme de rupture clair et ambitieux. Rompre avec la politique antisociale, anti\u00e9cologique et antid\u00e9mocratique de Micha\u00ebl Delafosse\u00a0\u00bb, abonde le mouvement Insoumis montpelli\u00e9rain. <\/p>\n<p>\u00ab\u00a0Le maire de Montpellier n\u2019a jamais men\u00e9 de politique de rupture avec le macronisme et le n\u00e9olib\u00e9ralisme\u00a0\u00bb <\/p>\n<p>L\u2019Assembl\u00e9e municipale de\u00a0La\u00a0France\u00a0Insoumise\u00a0\u00e0 <a href=\"https:\/\/infoccitanie.fr\/tag\/montpellier\/\" rel=\"nofollow noopener\" target=\"_blank\">Montpellier<\/a>\u00a0tire \u00e0 boulets rouges : \u00ab\u00a0Par ailleurs, le bilan de <a href=\"https:\/\/infoccitanie.fr\/tag\/michael-delafosse\/\" rel=\"nofollow noopener\" target=\"_blank\">Micha\u00ebl Delafosse<\/a> apr\u00e8s 5 ans \u00e0 la mairie de Montpellier et \u00e0 la m\u00e9tropole est d\u00e9sastreux. Sa politique est antisociale comme l\u2019ont montr\u00e9 l\u2019installation de rochers anti-SDF (qui avaient ensuite \u00e9t\u00e9 retir\u00e9s tant cela avait fait scandale), ou encore le m\u00e9pris et le rejet des revendications des ATSEM qui subissent, aujourd\u2019hui encore, le rallongement de leur temps de travail et leur maintien dans la pr\u00e9carit\u00e9. Il instrumentalise la la\u00efcit\u00e9 et s\u00e8me un climat de division entre les citoyen\u00b7nes au pr\u00e9texte de leur religion\u00ab\u00a0. <\/p>\n<p>L\u2019assembl\u00e9e municipale LFI de poursuivre : \u00ab\u00a0Sa politique est anti\u00e9cologique : il soutient les projets routiers inutiles du LIEN et du<a href=\"https:\/\/infoccitanie.fr\/herault-contournement-ouest-de-montpellier-ou-en-est-on\/\" rel=\"nofollow noopener\" target=\"_blank\"> COM<\/a>, m\u00e8ne des projets de b\u00e9tonisation et ne lutte pas contre l\u2019\u00e9talement urbain, alors que Montpellier subit d\u00e9j\u00e0 de plein fouet les effets du r\u00e9chauffement climatique\u00a0\u00bb. <\/p>\n<p>Les <a href=\"https:\/\/www.facebook.com\/insoumisMTP?locale=fr_FR\" target=\"_blank\" rel=\"nofollow noopener\">Insoumis <\/a>de Montpellier entendent consolider dans les prochains mois leur programme local en s\u2019appuyant sur la bo\u00eete \u00e0 outils programmatiques publi\u00e9e par La France insoumise, sur les propositions faites \u00e0 l\u2019Assembl\u00e9e nationale, comme le moratoire sur les projets routiers jug\u00e9s \u00e9cocides ou sur les<a href=\"https:\/\/infoccitanie.fr\/tag\/zfe\/\" rel=\"nofollow noopener\" target=\"_blank\"> ZFE,<\/a> mais aussi sur les \u00ab\u00a0revendications populaires port\u00e9es dans les manifestations et dans les luttes locales\u00ab\u00a0. <\/p>\n<p><a data-no-instant=\"1\" href=\"https:\/\/billetterie.usam-nimesgard.fr\/\" rel=\"noopener nofollow\" class=\"a2t-link\" aria-label=\"937-image\" target=\"_blank\"><img decoding=\"async\" src=\"https:\/\/www.europesays.com\/fr\/wp-content\/uploads\/2025\/05\/1747881795_747_937-image.png\" alt=\"\"  \/><\/a>\t\t\t\t<\/p>\n","protected":false},"excerpt":{"rendered":"Lundi 12 mai dernier, l&rsquo;Assembl\u00e9e municipale de\u00a0La\u00a0France\u00a0Insoumise\u00a0\u00e0 Montpellier a adopt\u00e9 par consensus un texte d&rsquo;orientation strat\u00e9gique pour les&hellip;\n","protected":false},"author":2,"featured_media":118376,"comment_status":"","ping_status":"","sticky":false,"template":"","format":"standard","meta":{"footnotes":""},"categories":[9599],"tags":[1111,11,1777,674,1011,27,2208,3434,12,2680,25],"class_list":{"0":"post-118375","1":"post","2":"type-post","3":"status-publish","4":"format-standard","5":"has-post-thumbnail","7":"category-montpellier","8":"tag-actu","9":"tag-actualites","10":"tag-eu","11":"tag-europe","12":"tag-fr","13":"tag-france","14":"tag-montpellier","15":"tag-municipales-2026","16":"tag-news","17":"tag-occitanie","18":"tag-republique-francaise"},"share_on_mastodon":{"url":"https:\/\/pubeurope.com\/@fr\/114549188443020366","error":""},"_links":{"self":[{"href":"https:\/\/www.europesays.com\/fr\/wp-json\/wp\/v2\/posts\/118375","targetHints":{"allow":["GET"]}}],"collection":[{"href":"https:\/\/www.europesays.com\/fr\/wp-json\/wp\/v2\/posts"}],"about":[{"href":"https:\/\/www.europesays.com\/fr\/wp-json\/wp\/v2\/types\/post"}],"author":[{"embeddable":true,"href":"https:\/\/www.europesays.com\/fr\/wp-json\/wp\/v2\/users\/2"}],"replies":[{"embeddable":true,"href":"https:\/\/www.europesays.com\/fr\/wp-json\/wp\/v2\/comments?post=118375"}],"version-history":[{"count":0,"href":"https:\/\/www.europesays.com\/fr\/wp-json\/wp\/v2\/posts\/118375\/revisions"}],"wp:featuredmedia":[{"embeddable":true,"href":"https:\/\/www.europesays.com\/fr\/wp-json\/wp\/v2\/media\/118376"}],"wp:attachment":[{"href":"https:\/\/www.europesays.com\/fr\/wp-json\/wp\/v2\/media?parent=118375"}],"wp:term":[{"taxonomy":"category","embeddable":true,"href":"https:\/\/www.europesays.com\/fr\/wp-json\/wp\/v2\/categories?post=118375"},{"taxonomy":"post_tag","embeddable":true,"href":"https:\/\/www.europesays.com\/fr\/wp-json\/wp\/v2\/tags?post=118375"}],"curies":[{"name":"wp","href":"https:\/\/api.w.org\/{rel}","templated":true}]}}