{"id":118377,"date":"2025-05-22T02:47:18","date_gmt":"2025-05-22T02:47:18","guid":{"rendered":"https:\/\/www.europesays.com\/fr\/118377\/"},"modified":"2025-05-22T02:47:18","modified_gmt":"2025-05-22T02:47:18","slug":"grenoble-mise-sur-des-micro-usines-pour-faire-eclore-des-start-up-quantiques-2","status":"publish","type":"post","link":"https:\/\/www.europesays.com\/fr\/118377\/","title":{"rendered":"Grenoble mise sur des micro-usines pour faire \u00e9clore des start-up quantiques"},"content":{"rendered":"<p>Son nom de code\u00a0: BHT FAB. S&rsquo;il ne sortira de terre qu&rsquo;en 2028, ce nouveau b\u00e2timent d\u00e9di\u00e9 \u00e0 l&rsquo;industrialisation \u00ab des start-up \u00e0 haute intensit\u00e9 technologique \u00bb promet de faire prendre \u00e0 tout l&rsquo;\u00e9cosyst\u00e8me grenoblois un nouveau virage. Car apr\u00e8s la cr\u00e9ation du premier\u00a0campus d&rsquo;innovation europ\u00e9en en micro et nanotechnologies imagin\u00e9 en 1999 par l&rsquo;ex directeur du centre de recherche du CEA Leti, Jean Therme, puis d&rsquo;une s\u00e9rie de trois b\u00e2timents (BHT 1, 2, 3) d\u00e9di\u00e9s \u00e0 l&rsquo;accueil des start-up technologiques, le p\u00f4le Minatec annonce le lancement d&rsquo;un nouveau programme immobilier dont les ambitions sont bien plus larges.<\/p>\n<p>Il est en effet imagin\u00e9 comme\u00a0\u00ab l&rsquo;acte 2 de Minatec \u00bb, qui constitue lui-m\u00eame d\u00e9j\u00e0 un p\u00f4le d&rsquo;innovation au rayonnement international avec ses 3.000 chercheurs, 1.200 \u00e9tudiants et 600 industriels et sp\u00e9cialistes du transfert technologique regroup\u00e9s sur 20 hectares dont 13.000 m\u00b2 de salles blanches.<\/p>\n","protected":false},"excerpt":{"rendered":"Son nom de code\u00a0: BHT FAB. S&rsquo;il ne sortira de terre qu&rsquo;en 2028, ce nouveau b\u00e2timent d\u00e9di\u00e9 \u00e0&hellip;\n","protected":false},"author":2,"featured_media":118378,"comment_status":"","ping_status":"","sticky":false,"template":"","format":"standard","meta":{"footnotes":""},"categories":[9566],"tags":[17,1111,11,2430,154,1777,674,4560,1011,27,2731,23915,23916,6352,12,471,25,3356],"class_list":{"0":"post-118377","1":"post","2":"type-post","3":"status-publish","4":"format-standard","5":"has-post-thumbnail","7":"category-grenoble","8":"tag-17","9":"tag-actu","10":"tag-actualites","11":"tag-auvergne-rhone-alpes","12":"tag-des","13":"tag-eu","14":"tag-europe","15":"tag-faire","16":"tag-fr","17":"tag-france","18":"tag-grenoble","19":"tag-innovation-la-tribune-aura","20":"tag-micro-usines","21":"tag-mise","22":"tag-news","23":"tag-pour","24":"tag-republique-francaise","25":"tag-sur"},"share_on_mastodon":{"url":"https:\/\/pubeurope.com\/@fr\/114549204219647954","error":""},"_links":{"self":[{"href":"https:\/\/www.europesays.com\/fr\/wp-json\/wp\/v2\/posts\/118377","targetHints":{"allow":["GET"]}}],"collection":[{"href":"https:\/\/www.europesays.com\/fr\/wp-json\/wp\/v2\/posts"}],"about":[{"href":"https:\/\/www.europesays.com\/fr\/wp-json\/wp\/v2\/types\/post"}],"author":[{"embeddable":true,"href":"https:\/\/www.europesays.com\/fr\/wp-json\/wp\/v2\/users\/2"}],"replies":[{"embeddable":true,"href":"https:\/\/www.europesays.com\/fr\/wp-json\/wp\/v2\/comments?post=118377"}],"version-history":[{"count":0,"href":"https:\/\/www.europesays.com\/fr\/wp-json\/wp\/v2\/posts\/118377\/revisions"}],"wp:featuredmedia":[{"embeddable":true,"href":"https:\/\/www.europesays.com\/fr\/wp-json\/wp\/v2\/media\/118378"}],"wp:attachment":[{"href":"https:\/\/www.europesays.com\/fr\/wp-json\/wp\/v2\/media?parent=118377"}],"wp:term":[{"taxonomy":"category","embeddable":true,"href":"https:\/\/www.europesays.com\/fr\/wp-json\/wp\/v2\/categories?post=118377"},{"taxonomy":"post_tag","embeddable":true,"href":"https:\/\/www.europesays.com\/fr\/wp-json\/wp\/v2\/tags?post=118377"}],"curies":[{"name":"wp","href":"https:\/\/api.w.org\/{rel}","templated":true}]}}