{"id":118379,"date":"2025-05-22T02:48:27","date_gmt":"2025-05-22T02:48:27","guid":{"rendered":"https:\/\/www.europesays.com\/fr\/118379\/"},"modified":"2025-05-22T02:48:27","modified_gmt":"2025-05-22T02:48:27","slug":"decouvrez-3-recettes-signatures-concoctees-par-lecole-de-cuisine-de-rennes-a-realiser-chez-vous-pas-a-pas","status":"publish","type":"post","link":"https:\/\/www.europesays.com\/fr\/118379\/","title":{"rendered":"D\u00e9couvrez 3 recettes signatures concoct\u00e9es par l\u2018\u00c9cole de cuisine de Rennes \u00e0 r\u00e9aliser chez vous pas \u00e0 pas"},"content":{"rendered":"<p>&#8211; 4 c\u00f4tes de porc fermier<\/p>\n<p>&#8211; 80 g de beurre demi-sel<\/p>\n<p>&#8211; 500 g de pommes de terre<\/p>\n<p>&#8211; 120 g de pois mange-tout<\/p>\n<p>&#8211; 2 cuil. \u00e0 soupe d\u2019algues wakam\u00e9 s\u00e9ch\u00e9es<\/p>\n<p>&#8211; 2 cuil. \u00e0 soupe de sauce soja<\/p>\n<p>&#8211; 1 cuil. \u00e0 soupe de miel liquide<\/p>\n<p>&#8211; fleur de sel, poivre du moulin<\/p>\n<p>R\u00e9alisation<\/p>\n<p>\u00c9plucher, laver et cuire les pommes de terre \u00e0 l\u2019eau sal\u00e9e pendant 25 minutes. Les maintenir au chaud. Sortir le beurre du r\u00e9frig\u00e9rateur 1 heure avant son utilisation. R\u00e9hydrater les algues en les plongeant dans un bol d\u2019eau froide pendant 15 minutes. Cuire les algues et l\u2019eau du bol pendant 20 minutes \u00e0 feu doux. Les \u00e9goutter, puis les hacher. R\u00e9server. Dans un saladier, travailler le beurre \u00e0 la fourchette jusqu\u2019\u00e0 ce qu\u2019il prenne la consistance d\u2019une pommade. Incorporer les algues hach\u00e9es. M\u00e9langer jusqu\u2019\u00e0 l\u2019obtention d\u2019une texture homog\u00e8ne. Placer le beurre ainsi compos\u00e9 sur une feuille de papier film et fa\u00e7onner en rouleau en prenant soin de bien fermer les extr\u00e9mit\u00e9s. Laisser reposer au frais pendant 1h15. \u00c9craser les pommes de terre en pur\u00e9e et ajouter le beurre d\u2019algues. Cuire les c\u00f4tes de porc sans mati\u00e8re grasse et d\u00e9glacer \u00e0 la sauce soja et au miel. Assaisonner de fleur de sel et de poivre. Faire sauter tr\u00e8s rapidement les pois mange-tout dans 20 g de beurre demi-sel, poivrer, saler. Pr\u00e9senter sur une assiette la c\u00f4te de porc caram\u00e9lis\u00e9e accompagn\u00e9e d\u2019un d\u00f4me de pur\u00e9e rehauss\u00e9 du beurre d\u2019algues et des pois mange-tout.<\/p>\n<p>2 Homard grill\u00e9 au beurre d\u2019orangePr\u00e9paration : 25 min \u2013 Cuisson : 8 minIngr\u00e9dients pour 4 personnes<\/p>\n<p>&#8211; 2 homards femelles (de 500 g)<\/p>\n<p>&#8211; 4 cuil. \u00e0 soupe d\u2019amandes effil\u00e9es grill\u00e9es<\/p>\n<p>&#8211; gros sel<\/p>\n<p>&#8211; poivre du moulin<\/p>\n<p>Beurre d\u2019orange :<\/p>\n<p>&#8211; 100 g de beurre doux<\/p>\n<p>&#8211; 70 g d\u2019amandes en poudre<\/p>\n<p>&#8211; 1 orange<\/p>\n<p>&#8211; poivre du moulin<\/p>\n<p>R\u00e9alisation<\/p>\n<p>Pour le beurre d\u2019orange : dans un saladier, r\u00e9unir le beurre pommade (ramolli), la poudre d\u2019amandes et les zestes de l\u2019orange. Poivrer. Bien m\u00e9langer. Si n\u00e9cessaire, passer l\u00e9g\u00e8rement au froid. \u2022 Mettre le four en position gril. Porter de l\u2019eau sal\u00e9e au gros sel \u00e0 \u00e9bullition, y \u00e9bouillanter les homards 20 secondes. Les retirer. Les placer sur une planche \u00e0 d\u00e9couper. \u00c0 l\u2019aide d\u2019un couteau \u00e0 lame large, les couper en deux de la t\u00eate vers la queue. Enlever la poche \u00e0 cailloux. Disposer les homards dans un plat et parsemer leur chair de morceaux de beurre compos\u00e9. Poivrer. Les placer 7 \u00e0 8 minutes sous le gril du four (veiller \u00e0 ce qu\u2019ils ne br\u00fblent pas mais dorent). Les arroser \u00e0 mi-cuisson. Les maintenir au chaud, couverts de papier d\u2019aluminium (afin d\u2019\u00e9viter qu\u2019ils ne dess\u00e8chent). Servir rapidement parsem\u00e9 d\u2019amandes effil\u00e9es grill\u00e9es, avec un riz ou des petits l\u00e9gumes.<\/p>\n<p><a class=\"tlg-kiosque tlg-kiosque-bretagne-magazine gtm-kiosque-bretagne-magazine\" href=\"https:\/\/www.bretagne-magazine.fr\/\" target=\"_blank\" rel=\"noopener\"><img decoding=\"async\" src=\"https:\/\/www.europesays.com\/fr\/wp-content\/uploads\/2025\/05\/BMAG_une_complete.png\" alt=\"Couverture Bretagne Magazine\"\/><\/p>\n<p>Bretagne Magazine<\/p>\n<p>(Re)d\u00e9couvrez la Bretagne !<\/p>\n<p>En savoir plus<\/a>3 Michon Breton<img decoding=\"async\" src=\"https:\/\/www.europesays.com\/fr\/wp-content\/uploads\/2025\/05\/682da9fabb2c7017d60204d6.1.jpeg\" width=\"480\" height=\"300\" class=\"web_golden_m\" loading=\"lazy\" alt=\"Recette du Michon breton de l\u2019\u00c9cole de cuisine de Rennes.\"\/>Recette du Michon breton de l\u2019\u00c9cole de cuisine de Rennes. (Franck Hamel)<\/p>\n<p><a href=\"http:\/\/www.photographe-culinaire.net\/\" target=\"_blank\" rel=\"noopener\">D\u00e9couvrez l\u2019univers du photographe Franck Hamel<\/a><\/p>\n<p>Pr\u00e9paration : 20 min \u2013 Cuisson : 45 min \u2013 Repos : 1hIngr\u00e9dients pour 4 personnes<\/p>\n<p>&#8211; 100 g de beurre demi-sel<\/p>\n<p>&#8211; 3 \u0153ufs entiers<\/p>\n<p>&#8211; 1 pinc\u00e9e de sel<\/p>\n<p>&#8211; 180 g de farine<\/p>\n<p>&#8211; 40 g de sucre en poudre<\/p>\n<p>&#8211; 50 cl de lait<\/p>\n<p>&#8211; 800 g de pommes (reines des reinettes)<\/p>\n<p>&#8211; 1 cuil. \u00e0 soupe de sucre glace<\/p>\n<p>&#8211; 2 cuil. \u00e0 soupe de confiture d\u2019abricot<\/p>\n<p>R\u00e9alisation<\/p>\n<p>Pr\u00e9chauffer le four \u00e0 180 \u00b0C (th. 6). Dans une casserole, faire fondre le beurre. Battre les \u0153ufs en omelette avec 1 pinc\u00e9e de sel. Dans un saladier, verser la farine, le sucre, les \u0153ufs battus, le lait et 50 g de beurre fondu, bien m\u00e9langer et laisser reposer une heure. \u00c9plucher et \u00e9vider les pommes, les couper en morceaux ou en tranches. Beurrer un moule \u00e0 manqu\u00e9, y d\u00e9poser les morceaux de pommes. Verser la pr\u00e9paration, enfourner et d\u00e8s que le dessus est pris, verser le reste de beurre fondu sur le michon, puis saupoudrer de sucre glace. Enfourner \u00e0 nouveau 30 \u00e0 35 minutes. Napper de confiture.<\/p>\n<p>Cet article est paru dans le Bretagne Magazine hors-s\u00e9rie cuisine (novembre-d\u00e9cembre-janvier 2016-2017)<\/p>\n","protected":false},"excerpt":{"rendered":"&#8211; 4 c\u00f4tes de porc fermier &#8211; 80 g de beurre demi-sel &#8211; 500 g de pommes de&hellip;\n","protected":false},"author":2,"featured_media":118380,"comment_status":"","ping_status":"","sticky":false,"template":"","format":"standard","meta":{"footnotes":""},"categories":[2821],"tags":[1111,11,829,9383,1777,674,1011,27,12,584,25,23917,9584,22719,9585,9057],"class_list":{"0":"post-118379","1":"post","2":"type-post","3":"status-publish","4":"format-standard","5":"has-post-thumbnail","7":"category-rennes","8":"tag-actu","9":"tag-actualites","10":"tag-bretagne","11":"tag-culture-bretonne","12":"tag-eu","13":"tag-europe","14":"tag-fr","15":"tag-france","16":"tag-news","17":"tag-rennes","18":"tag-republique-francaise","19":"tag-specialites-bretonnes","20":"tag-tourisme-en-bretagne","21":"tag-visiter-lille-et-vilaine","22":"tag-visiter-la-bretagne","23":"tag-visiter-rennes"},"share_on_mastodon":{"url":"https:\/\/pubeurope.com\/@fr\/114549208178690301","error":""},"_links":{"self":[{"href":"https:\/\/www.europesays.com\/fr\/wp-json\/wp\/v2\/posts\/118379","targetHints":{"allow":["GET"]}}],"collection":[{"href":"https:\/\/www.europesays.com\/fr\/wp-json\/wp\/v2\/posts"}],"about":[{"href":"https:\/\/www.europesays.com\/fr\/wp-json\/wp\/v2\/types\/post"}],"author":[{"embeddable":true,"href":"https:\/\/www.europesays.com\/fr\/wp-json\/wp\/v2\/users\/2"}],"replies":[{"embeddable":true,"href":"https:\/\/www.europesays.com\/fr\/wp-json\/wp\/v2\/comments?post=118379"}],"version-history":[{"count":0,"href":"https:\/\/www.europesays.com\/fr\/wp-json\/wp\/v2\/posts\/118379\/revisions"}],"wp:featuredmedia":[{"embeddable":true,"href":"https:\/\/www.europesays.com\/fr\/wp-json\/wp\/v2\/media\/118380"}],"wp:attachment":[{"href":"https:\/\/www.europesays.com\/fr\/wp-json\/wp\/v2\/media?parent=118379"}],"wp:term":[{"taxonomy":"category","embeddable":true,"href":"https:\/\/www.europesays.com\/fr\/wp-json\/wp\/v2\/categories?post=118379"},{"taxonomy":"post_tag","embeddable":true,"href":"https:\/\/www.europesays.com\/fr\/wp-json\/wp\/v2\/tags?post=118379"}],"curies":[{"name":"wp","href":"https:\/\/api.w.org\/{rel}","templated":true}]}}