{"id":118403,"date":"2025-05-22T03:02:11","date_gmt":"2025-05-22T03:02:11","guid":{"rendered":"https:\/\/www.europesays.com\/fr\/118403\/"},"modified":"2025-05-22T03:02:11","modified_gmt":"2025-05-22T03:02:11","slug":"lautomobiliste-qui-avait-renverse-une-enseignante-depose-a-lhopital-avec-une-balle-dans-le-thorax","status":"publish","type":"post","link":"https:\/\/www.europesays.com\/fr\/118403\/","title":{"rendered":"l\u2019automobiliste qui avait renvers\u00e9 une enseignante d\u00e9pos\u00e9 \u00e0 l\u2019h\u00f4pital avec une balle dans le thorax"},"content":{"rendered":"<p>\u00c9trange rebondissement deux jours apr\u00e8s le <a href=\"https:\/\/www.laprovence.com\/article\/faits-divers-justice\/15321948829877\/pompier-gravement-blesse-lors-dun-rodeo-urbain-en-haute-savoie-son-etat-est-stable-assure-la-prefete\" target=\"_blank\" rel=\"noopener\">rod\u00e9o<\/a> qui a conduit une enseignante du <a href=\"https:\/\/www.laprovence.com\/article\/faits-divers-justice\/1819051275205815\/une-enseignante-du-lycee-saint-exupery-percutee-par-une-audi-rs6-apres-un-rodeo\" target=\"_blank\" rel=\"noopener\">lyc\u00e9e Saint-Exup\u00e9ry<\/a> \u00e0 l\u2019h\u00f4pital. Renvers\u00e9e lundi en fin de matin\u00e9e par un chauffard qui effectuait des rod\u00e9os depuis 8\u00a0heures dans les quartiers nord de Marseille, la jeune femme s\u2019en \u00e9tait tir\u00e9e avec une blessure \u00e0 la cheville.<\/p>\n<p>Quant au conducteur, il s\u2019\u00e9tait aussit\u00f4t arr\u00eat\u00e9 et avait attendu la police. Mais avant que les forces de l\u2019ordre n\u2019aient le temps d\u2019arriver sur les lieux de l\u2019accident, plusieurs personnes avaient rejoint le conducteur afin de r\u00e9cup\u00e9rer la voiture en cause. L\u2019<a href=\"https:\/\/www.laprovence.com\/article\/economie\/50929752328261\/automobile-audi-va-supprimer-7-500-emplois-face-aux-difficultes-economiques-et-a-la-concurrence-chinoise\" target=\"_blank\" rel=\"noopener\">Audi<\/a> blanche immatricul\u00e9e en Allemagne, dont l\u2019aile et le capot avaient \u00e9t\u00e9 endommag\u00e9s par l\u2019impact avec la jeune femme, avait finalement \u00e9t\u00e9 retrouv\u00e9e peu apr\u00e8s par un \u00e9quipage de la brigade nord de la police municipale. Gr\u00e2ce \u00e0 des t\u00e9moins, les agents avaient d\u00e9couvert la RS6, dissimul\u00e9e dans la cit\u00e9 de Campagne L\u00e9v\u00eaque, \u00e0 500 m\u00e8tres de l\u2019\u00e9tablissement scolaire. Le v\u00e9hicule avait alors \u00e9t\u00e9 saisi et emmen\u00e9 sous escorte par la fourri\u00e8re.<\/p>\n<p>La piste de repr\u00e9sailles apr\u00e8s la mise en fourri\u00e8re de la puissante berline accident\u00e9e<\/p>\n<p>Comme sa victime deux jours plus t\u00f4t, le chauffard qui devait faire l\u2019objet d\u2019une convocation ult\u00e9rieure pour les faits commis lundi serait d\u00e9sormais lui aussi hospitalis\u00e9, a appris La Provence. Il aurait en effet \u00e9t\u00e9 d\u00e9pos\u00e9 dans la nuit de mardi \u00e0 mercredi devant l\u2019<a href=\"https:\/\/www.laprovence.com\/article\/sante\/1519801834358115\/diabete-la-recherche-avance-notamment-a-lhopital-europeen-de-marseille\" target=\"_blank\" rel=\"noopener\">h\u00f4pital europ\u00e9en<\/a> o\u00f9 il a \u00e9t\u00e9 admis en urgence pour une blessure par balle au thorax.<\/p>\n<p>Est-ce le \u00ab\u00a0d\u00e9faut de ma\u00eetrise\u00a0\u00bb du v\u00e9hicule et la confiscation de la puissante berline qui ont suscit\u00e9 la col\u00e8re des individus qui s\u2019\u00e9taient empress\u00e9s de r\u00e9cup\u00e9rer la RS6 d\u00e9sormais sous bonne garde \u00e0 la fourri\u00e8re\u00a0? Toujours est-il que cette blessure par arme \u00e0 feu \u00e9voquant des repr\u00e9sailles, interroge forc\u00e9ment les enqu\u00eateurs\u2026<\/p>\n","protected":false},"excerpt":{"rendered":"\u00c9trange rebondissement deux jours apr\u00e8s le rod\u00e9o qui a conduit une enseignante du lyc\u00e9e Saint-Exup\u00e9ry \u00e0 l\u2019h\u00f4pital. Renvers\u00e9e&hellip;\n","protected":false},"author":2,"featured_media":118404,"comment_status":"","ping_status":"","sticky":false,"template":"","format":"standard","meta":{"footnotes":""},"categories":[2814],"tags":[17,1111,11,8851,1777,674,274,1011,27,23918,884,12,882,3583,23717,25,19974,4889],"class_list":{"0":"post-118403","1":"post","2":"type-post","3":"status-publish","4":"format-standard","5":"has-post-thumbnail","7":"category-marseille","8":"tag-17","9":"tag-actu","10":"tag-actualites","11":"tag-avait","12":"tag-eu","13":"tag-europe","14":"tag-faits-divers-justice","15":"tag-fr","16":"tag-france","17":"tag-lautomobiliste","18":"tag-marseille","19":"tag-news","20":"tag-provence-alpes-cote-dazur","21":"tag-qui","22":"tag-renverse","23":"tag-republique-francaise","24":"tag-rodeo","25":"tag-urbain"},"share_on_mastodon":{"url":"https:\/\/pubeurope.com\/@fr\/114549263301057080","error":""},"_links":{"self":[{"href":"https:\/\/www.europesays.com\/fr\/wp-json\/wp\/v2\/posts\/118403","targetHints":{"allow":["GET"]}}],"collection":[{"href":"https:\/\/www.europesays.com\/fr\/wp-json\/wp\/v2\/posts"}],"about":[{"href":"https:\/\/www.europesays.com\/fr\/wp-json\/wp\/v2\/types\/post"}],"author":[{"embeddable":true,"href":"https:\/\/www.europesays.com\/fr\/wp-json\/wp\/v2\/users\/2"}],"replies":[{"embeddable":true,"href":"https:\/\/www.europesays.com\/fr\/wp-json\/wp\/v2\/comments?post=118403"}],"version-history":[{"count":0,"href":"https:\/\/www.europesays.com\/fr\/wp-json\/wp\/v2\/posts\/118403\/revisions"}],"wp:featuredmedia":[{"embeddable":true,"href":"https:\/\/www.europesays.com\/fr\/wp-json\/wp\/v2\/media\/118404"}],"wp:attachment":[{"href":"https:\/\/www.europesays.com\/fr\/wp-json\/wp\/v2\/media?parent=118403"}],"wp:term":[{"taxonomy":"category","embeddable":true,"href":"https:\/\/www.europesays.com\/fr\/wp-json\/wp\/v2\/categories?post=118403"},{"taxonomy":"post_tag","embeddable":true,"href":"https:\/\/www.europesays.com\/fr\/wp-json\/wp\/v2\/tags?post=118403"}],"curies":[{"name":"wp","href":"https:\/\/api.w.org\/{rel}","templated":true}]}}