{"id":118405,"date":"2025-05-22T03:03:13","date_gmt":"2025-05-22T03:03:13","guid":{"rendered":"https:\/\/www.europesays.com\/fr\/118405\/"},"modified":"2025-05-22T03:03:13","modified_gmt":"2025-05-22T03:03:13","slug":"des-gendarmes-empechent-un-suicide-pres-de-marseille","status":"publish","type":"post","link":"https:\/\/www.europesays.com\/fr\/118405\/","title":{"rendered":"des gendarmes emp\u00eachent un suicide pr\u00e8s de Marseille"},"content":{"rendered":"<p>            Par<br \/>\n        <strong><br \/>\n            <a href=\"https:\/\/actu.fr\/auteur\/fabien-binacchi\" title=\"Consulter tous les articles de Fabien Binacchi\" rel=\"nofollow noopener\" target=\"_blank\">Fabien Binacchi<\/a><br \/>\n        <\/strong><\/p>\n<p>        Publi\u00e9 le<\/p>\n<p>            21 mai 2025 \u00e0 16h44        <\/p>\n<p>Ils passaient l\u00e0 par hasard et leur intervention a permis d\u2019<strong>\u00e9viter un drame.<\/strong> Ce mercredi 21 mai 2025, peu apr\u00e8s 14h, des gendarmes ont emp\u00each\u00e9 <strong>un homme d\u2019une trentaine d\u2019ann\u00e9es<\/strong> de sauter du viaduc de <a href=\"https:\/\/actu.fr\/provence-alpes-cote-d-azur\/martigues_13056\" rel=\"nofollow noopener\" target=\"_blank\">Martigues<\/a> (<a href=\"https:\/\/actu.fr\/provence-alpes-cote-d-azur\/bouches-du-rhone_13\" rel=\"nofollow noopener\" target=\"_blank\">Bouches-du-Rh\u00f4ne<\/a>), pr\u00e8s de <a href=\"https:\/\/actu.fr\/marseille\/\" rel=\"nofollow noopener\" target=\"_blank\">Marseille<\/a>, a-t-on appris des pompiers aupr\u00e8s de la direction r\u00e9gionale de la gendarmerie.<\/p>\n<p class=\" wall-content\">Elle \u00e9voque un v\u00e9ritable \u00ab\u2009acte de bravoure\u2009\u00bb.<\/p>\n<p>Le \u00ab\u2009convaincre de ne pas sauter\u2009\u00bb<\/p>\n<p class=\" wall-content\">Ce mercredi 21\u00a0mai, alors qu\u2019ils circulaient sur l\u2019A55, \u00ab\u20098 militaires de la communaut\u00e9 de brigade fluviale et nautique du groupement du 13\u2009\u00bb ont aper\u00e7u un individu enjamber les barri\u00e8res de protection install\u00e9es au niveau du <strong>viaduc de Martigues,<\/strong> culminant \u00e0 pr\u00e8s de 50m au-dessus du canal de Caronte, qui relie l\u2019\u00c9tang de Berre \u00e0 la mer.<\/p>\n<p class=\" wall-content\">Ce trentenaire <strong>voulait mettre fin \u00e0 ses jours.<\/strong> \u00ab\u2009Il est 14h19 quand les gendarmes stoppent leur v\u00e9hicule pour tenter de convaincre le jeune homme de ne pas sauter\u2009\u00bb, indiquent-ils dans un communiqu\u00e9 transmis \u00e0 actu Marseille.<\/p>\n<p>En pr\u00e9sence de deux t\u00e9moins<\/p>\n<p class=\" wall-content\">Ils commencent \u00e0 discuter, \u00e0 tout tenter pour l\u2019emp\u00eacher de se jeter dans le vide. \u00ab\u2009Apr\u00e8s un quart d\u2019heure d\u2019\u00e9changes et <strong>profitant de l\u2019inattention de ce dernier,<\/strong> les gendarmes<strong> le saisissent et l\u2019immobilisent au sol,<\/strong> le temps que les sapeurs-pompiers arrivent et prennent le relais\u2009\u00bb, d\u00e9taille encore la direction r\u00e9gionale de la gendarmerie.<\/p>\n<p>Vid\u00e9os : en ce moment sur Actu<\/p>\n<p class=\" wall-content\">\u00ab\u2009Deux t\u00e9moins ont assist\u00e9 \u00e0 cet acte de bravoure\u2009\u00bb, fait-elle \u00e9galement savoir.<\/p>\n<p class=\" wall-content\">Contact\u00e9 par actu Marseille, le Service d\u00e9partemental d\u2019incendie et de secours confirme que l\u2019homme d\u2019une trentaine d\u2019ann\u00e9es, qui n\u2019a pas \u00e9t\u00e9 bless\u00e9, <strong>a \u00e9t\u00e9 pris en charge.<\/strong><\/p>\n<p class=\" wall-content\">Suivez toute l\u2019actualit\u00e9 de vos villes et m\u00e9dias favoris en vous inscrivant \u00e0 <a href=\"https:\/\/moncompte.actu.fr\" title=\"D\u00e9couvez Mon Actu\" rel=\"nofollow noopener\" data-trk=\"{&quot;cta&quot;:{&quot;action&quot;:&quot;https:\\\/\\\/moncompte.actu.fr&quot;,&quot;category&quot;:&quot;mon compte&quot;,&quot;from&quot;:&quot;article footer&quot;,&quot;name&quot;:&quot;Mon actu&quot;,&quot;type&quot;:&quot;cta&quot;}}\" target=\"_blank\">Mon Actu<\/a>.<\/p>\n","protected":false},"excerpt":{"rendered":"Par Fabien Binacchi Publi\u00e9 le 21 mai 2025 \u00e0 16h44 Ils passaient l\u00e0 par hasard et leur intervention&hellip;\n","protected":false},"author":2,"featured_media":118406,"comment_status":"","ping_status":"","sticky":false,"template":"","format":"standard","meta":{"footnotes":""},"categories":[2814],"tags":[1111,11,1777,674,118,1011,27,3381,884,12,882,25],"class_list":{"0":"post-118405","1":"post","2":"type-post","3":"status-publish","4":"format-standard","5":"has-post-thumbnail","7":"category-marseille","8":"tag-actu","9":"tag-actualites","10":"tag-eu","11":"tag-europe","12":"tag-faits-divers","13":"tag-fr","14":"tag-france","15":"tag-gendarmerie","16":"tag-marseille","17":"tag-news","18":"tag-provence-alpes-cote-dazur","19":"tag-republique-francaise"},"share_on_mastodon":{"url":"https:\/\/pubeurope.com\/@fr\/114549267260449225","error":""},"_links":{"self":[{"href":"https:\/\/www.europesays.com\/fr\/wp-json\/wp\/v2\/posts\/118405","targetHints":{"allow":["GET"]}}],"collection":[{"href":"https:\/\/www.europesays.com\/fr\/wp-json\/wp\/v2\/posts"}],"about":[{"href":"https:\/\/www.europesays.com\/fr\/wp-json\/wp\/v2\/types\/post"}],"author":[{"embeddable":true,"href":"https:\/\/www.europesays.com\/fr\/wp-json\/wp\/v2\/users\/2"}],"replies":[{"embeddable":true,"href":"https:\/\/www.europesays.com\/fr\/wp-json\/wp\/v2\/comments?post=118405"}],"version-history":[{"count":0,"href":"https:\/\/www.europesays.com\/fr\/wp-json\/wp\/v2\/posts\/118405\/revisions"}],"wp:featuredmedia":[{"embeddable":true,"href":"https:\/\/www.europesays.com\/fr\/wp-json\/wp\/v2\/media\/118406"}],"wp:attachment":[{"href":"https:\/\/www.europesays.com\/fr\/wp-json\/wp\/v2\/media?parent=118405"}],"wp:term":[{"taxonomy":"category","embeddable":true,"href":"https:\/\/www.europesays.com\/fr\/wp-json\/wp\/v2\/categories?post=118405"},{"taxonomy":"post_tag","embeddable":true,"href":"https:\/\/www.europesays.com\/fr\/wp-json\/wp\/v2\/tags?post=118405"}],"curies":[{"name":"wp","href":"https:\/\/api.w.org\/{rel}","templated":true}]}}