{"id":118409,"date":"2025-05-22T03:05:14","date_gmt":"2025-05-22T03:05:14","guid":{"rendered":"https:\/\/www.europesays.com\/fr\/118409\/"},"modified":"2025-05-22T03:05:14","modified_gmt":"2025-05-22T03:05:14","slug":"la-premiere-mesure-de-jean-michel-aulas-sil-etait-elu-a-lyon","status":"publish","type":"post","link":"https:\/\/www.europesays.com\/fr\/118409\/","title":{"rendered":"la premi\u00e8re mesure de Jean-Michel Aulas s\u2019il \u00e9tait \u00e9lu \u00e0 Lyon"},"content":{"rendered":"<p><a href=\"https:\/\/www.leprogres.fr\/p\/jean-michel-aulas\" target=\"_blank\" rel=\"nofollow noopener\">Jean-Michel Aulas<\/a> candidat \u00e0 la mairie de Lyon, \u00e9pisode\u2026 on ne les compte d\u00e9j\u00e0 plus.<\/p>\n<p>Alors que la campagne est lanc\u00e9e de toutes parts pour s\u2019offrir le fauteuil du nouveau maire de Lyon, un homme \u2013 futur candidat ou pas \u2013 attire plus que tout autre la lumi\u00e8re. Chacun de ses faits et gestes est scrut\u00e9, ses paroles relay\u00e9es \u00e0 souhait. Lui, c\u2019est Jean-Michel Aulas, l\u2019ex-boss de l\u2019OL et de la Cegid.<\/p>\n<p>  \u00ab\u00a0Il faut \u00eatre totalement align\u00e9 avec ses proches\u00a0\u00bb<\/p>\n<p>Derni\u00e8re escarmouche\u00a0? Quelques mots donn\u00e9s \u00e0 <a href=\"https:\/\/www.challenges.fr\/politique\/soutiens-methode-et-premiere-mesure-jean-michel-aulas-affute-sa-conquete-de-la-mairie-de-lyon_604681\" target=\"_blank\" rel=\"nofollow noopener\">Challenges<\/a>, parus ce mercredi 21 mai. Le m\u00e9dia \u00e9conomique y dresse son portrait et narre sa volont\u00e9 de \u2013 peut-\u00eatre \u2013 basculer en politique. \u00ab\u00a0C\u2019est une d\u00e9cision trop importante pour \u00eatre prise dans la pr\u00e9cipitation\u00a0\u00bb, confie-t-il.<\/p>\n<p>L\u2019actuel vice-pr\u00e9sident d\u00e9l\u00e9gu\u00e9 de la F\u00e9d\u00e9ration fran\u00e7aise de football (FFF) laisse, une fois encore, planer le doute &#8211; \u00ab\u00a0Quand on s\u2019engage, on n\u2019est jamais seul, il faut \u00eatre totalement align\u00e9 avec ses proches\u00a0\u00bb &#8211; sans toutefois oublier de l\u00e2cher une petite phrase choc.<\/p>\n<p>  Reverser aux associations pour la jeunesse lyonnaise<\/p>\n<p>Sa premi\u00e8re mesure \u00e0 la t\u00eate de la ville de Lyon\u00a0? \u00ab\u00a0Renoncer aux indemnit\u00e9s de maire et, avec les fonds d\u00e9gag\u00e9s, alimenter des associations fondamentales pour la jeunesse lyonnaise, par exemple pour l\u2019association Sport dans la Ville, et aussi pour la m\u00e9decine (le Centre de Recherche L\u00e9on B\u00e9rard)\u00a0\u00bb, propose Jean-Michel le candidat\u2026<\/p>\n<p>Une raison suppl\u00e9mentaire d\u2019y voir un basculement en politique\u00a0? Avant une bataille qui s\u2019annonce f\u00e9roce.<\/p>\n","protected":false},"excerpt":{"rendered":"Jean-Michel Aulas candidat \u00e0 la mairie de Lyon, \u00e9pisode\u2026 on ne les compte d\u00e9j\u00e0 plus. Alors que la&hellip;\n","protected":false},"author":2,"featured_media":118410,"comment_status":"","ping_status":"","sticky":false,"template":"","format":"standard","meta":{"footnotes":""},"categories":[1889],"tags":[1111,11,2430,2757,4188,1777,674,107,1011,27,2428,2756,12,316,25,2429],"class_list":{"0":"post-118409","1":"post","2":"type-post","3":"status-publish","4":"format-standard","5":"has-post-thumbnail","7":"category-lyon","8":"tag-actu","9":"tag-actualites","10":"tag-auvergne-rhone-alpes","11":"tag-edition-lyon-villeurbanne","12":"tag-elections-municipales","13":"tag-eu","14":"tag-europe","15":"tag-fil-info","16":"tag-fr","17":"tag-france","18":"tag-lyon","19":"tag-lyon-bassin","20":"tag-news","21":"tag-politique","22":"tag-republique-francaise","23":"tag-rhone"},"share_on_mastodon":{"url":"https:\/\/pubeurope.com\/@fr\/114549274908436424","error":""},"_links":{"self":[{"href":"https:\/\/www.europesays.com\/fr\/wp-json\/wp\/v2\/posts\/118409","targetHints":{"allow":["GET"]}}],"collection":[{"href":"https:\/\/www.europesays.com\/fr\/wp-json\/wp\/v2\/posts"}],"about":[{"href":"https:\/\/www.europesays.com\/fr\/wp-json\/wp\/v2\/types\/post"}],"author":[{"embeddable":true,"href":"https:\/\/www.europesays.com\/fr\/wp-json\/wp\/v2\/users\/2"}],"replies":[{"embeddable":true,"href":"https:\/\/www.europesays.com\/fr\/wp-json\/wp\/v2\/comments?post=118409"}],"version-history":[{"count":0,"href":"https:\/\/www.europesays.com\/fr\/wp-json\/wp\/v2\/posts\/118409\/revisions"}],"wp:featuredmedia":[{"embeddable":true,"href":"https:\/\/www.europesays.com\/fr\/wp-json\/wp\/v2\/media\/118410"}],"wp:attachment":[{"href":"https:\/\/www.europesays.com\/fr\/wp-json\/wp\/v2\/media?parent=118409"}],"wp:term":[{"taxonomy":"category","embeddable":true,"href":"https:\/\/www.europesays.com\/fr\/wp-json\/wp\/v2\/categories?post=118409"},{"taxonomy":"post_tag","embeddable":true,"href":"https:\/\/www.europesays.com\/fr\/wp-json\/wp\/v2\/tags?post=118409"}],"curies":[{"name":"wp","href":"https:\/\/api.w.org\/{rel}","templated":true}]}}