{"id":118415,"date":"2025-05-22T03:09:14","date_gmt":"2025-05-22T03:09:14","guid":{"rendered":"https:\/\/www.europesays.com\/fr\/118415\/"},"modified":"2025-05-22T03:09:14","modified_gmt":"2025-05-22T03:09:14","slug":"enorme-et-totalement-inedite-la-mairie-de-paris-denonce-une-ponction-a-275-millions-deuros-de-letat-sur-son-budget-21-05-2025-a-1459","status":"publish","type":"post","link":"https:\/\/www.europesays.com\/fr\/118415\/","title":{"rendered":"\u00ab\u00a0Enorme et totalement in\u00e9dite\u00a0\u00bb : la mairie de Paris d\u00e9nonce une \u00ab\u00a0ponction\u00a0\u00bb \u00e0 275 millions d&rsquo;euros de l&rsquo;Etat sur son budget &#8211; 21\/05\/2025 \u00e0 14:59"},"content":{"rendered":"<p> Face aux \u00ab\u00a0efforts\u00a0\u00bb demand\u00e9s par l&rsquo;Etat, la municipalit\u00e9 d&rsquo;Anne Hidalgo va notamment actionner le levier des frais de notaire, et puiser dans ses \u00ab\u00a0r\u00e9serves strat\u00e9giques\u00a0\u00bb.<\/p>\n<p>        <img fetchpriority=\"high\" decoding=\"async\" src=\"https:\/\/www.europesays.com\/fr\/wp-content\/uploads\/2025\/05\/abe86f7392436f111ccd4abc351ba6f1-760x507.jpg\" alt=\"Anne Hidalgo, \u00e0 Paris, le 15 janvier 2025 ( AFP \/ MARTIN LELIEVRE )\" loading=\"eager\" width=\"760\" height=\"507\" style=\"max-width: 100%!important; height: auto;\"\/><\/p>\n<p class=\"c-image-news__legend\">Anne Hidalgo, \u00e0 Paris, le 15 janvier 2025 ( AFP \/ MARTIN LELIEVRE )<\/p>\n<p>\n \u00ab\u00a0Ce que vient prendre le gouvernement, c&rsquo;est la totalit\u00e9 de notre exc\u00e9dent de fonctionnement pour l&rsquo;ann\u00e9e 2024\u00a0\u00bb. Lors d&rsquo;un point presse organis\u00e9 mercredi 21 mai, la mairie de Paris a d\u00e9nonc\u00e9 la \u00ab\u00a0ponction in\u00e9dite\u00a0\u00bb de son budget par l&rsquo;Etat, pour un co\u00fbt de 275 millions d&rsquo;euros pour la municipalit\u00e9. \u00ab\u00a0C&rsquo;est \u00e9norme et totalement in\u00e9dit\u00a0\u00bb, a d\u00e9plor\u00e9 Paul Simondon, adjoint \u00e0 la maire charg\u00e9 des Finances et du Budget.\n<\/p>\n<p>\n Le budget de l&rsquo;Etat pour 2025 demande au total une contribution de 2,2 milliards d&rsquo;euros aux collectivit\u00e9s locales, dont plus du dixi\u00e8me va ainsi reposer sur la ville de Paris.\n<\/p>\n<p>\n <strong><br \/>\n  Le budget 2025 de la capitale pr\u00e9voit 11,5 milliards d&rsquo;euros de d\u00e9penses dont 1,75 milliard d&rsquo;investissements, en l\u00e9g\u00e8re baisse par rapport \u00e0 2024,<br \/>\n <\/strong><br \/>\n a indiqu\u00e9 la mairie en pr\u00e9sentant les ajustements au budget pr\u00e9visionnel adopt\u00e9 en d\u00e9cembre. Ce budget suppl\u00e9mentaire, dernier de plein exercice de la maire socialiste Anne Hidalgo, doit \u00eatre vot\u00e9 d\u00e9but juin en Conseil de Paris.\n<\/p>\n<p>\n <strong><br \/>\n  La loi de finances adopt\u00e9e en f\u00e9vrier au Parlement gr\u00e8vera le budget de la ville de 275 millions d&rsquo;euros, via une \u00ab\u00a0ponction\u00a0\u00bb directe sur ses recettes ou des rentr\u00e9es en moins,<br \/>\n <\/strong><br \/>\n a calcul\u00e9 Paul Simondon, adjoint charg\u00e9 des Finances de la ville, \u00e0 la fois commune et d\u00e9partement.  \u00ab\u00a0L&rsquo;objectif du gouvernement n&rsquo;est pas de faire faire des \u00e9conomies aux collectivit\u00e9s mais bien de les ponctionner pour diminuer le d\u00e9ficit de l&rsquo;Etat. Une situation totalement in\u00e9dite\u00a0\u00bb, a d\u00e9nonc\u00e9 l&rsquo;\u00e9lu parisien.\n<\/p>\n<p>\n La contribution des collectivit\u00e9s au redressement des finances publiques est pass\u00e9e de cinq milliards d&rsquo;euros \u00e0 2,2 milliards dans le budget 2025. Mais les associations d&rsquo;\u00e9lus chiffrent la facture \u00e0 plus de sept milliards.\n<\/p>\n<p>\n Le gouvernement de Fran\u00e7ois Bayrou \u00ab\u00a0a chang\u00e9 de ton avec les collectivit\u00e9s (par rapport \u00e0 la pr\u00e9c\u00e9dente mandature de Michel Barnier, NDLR).<br \/>\n <strong><br \/>\n  Il nous explique qu&rsquo;elles ont fait des efforts, qu&rsquo;elles ne sont plus responsables de la faillite&#8230; mais en nous annon\u00e7ant des montants potentiellement pires\u00a0\u00bb<br \/>\n <\/strong><br \/>\n , a comment\u00e9 Paul Simondon.\n<\/p>\n<p>\n La ville compensera ses pertes de recettes par des \u00e9conomies sur les co\u00fbts administratifs et de fonctionnement, \u00ab\u00a0sans toucher au coeur des services publics ni fragiliser les dispositifs de solidarit\u00e9\u00a0\u00bb dont les aides aux familles (tarif des cantines, remboursement du pass Navigo pour les enfants, etc.), a assur\u00e9 M. Simondon. Fait rare,<br \/>\n <strong><br \/>\n  la premi\u00e8re collectivit\u00e9 de France va puiser dans ses \u00ab\u00a0r\u00e9serves strat\u00e9giques\u00a0\u00bb,<br \/>\n <\/strong><br \/>\n en r\u00e9cup\u00e9rant notamment l&rsquo;exc\u00e9dent de l&rsquo;op\u00e9ration d&rsquo;am\u00e9nagement du quartier de Clichy-Batignolles dans le nord-ouest de la capitale.\n<\/p>\n<p> La dette de Paris approche la barre des dix milliards<\/p>\n<p>\n La municipalit\u00e9 a \u00e9galement d\u00e9cid\u00e9 de relever de 0,5 point le plafond des taxes sur les transactions immobili\u00e8res (DMTO), \u00ab\u00a0seul levier fiscal dont disposent les d\u00e9partements pour payer leurs d\u00e9penses de solidarit\u00e9\u00a0\u00bb, a justifi\u00e9 l&rsquo;adjoint aux Finances. Au vu des premi\u00e8res transactions sign\u00e9es, les recettes de ces droits devraient s&rsquo;\u00e9lever \u00e0 1,5 milliard d&rsquo;euros en 2025, soit 300 millions de plus qu&rsquo;en 2024. L&rsquo;endettement devrait s&rsquo;\u00e9lever \u00e0 pr\u00e8s de un milliard d&rsquo;euros pour 2025, portant la dette cumul\u00e9e de la ville \u00e0 9,3 milliards d&rsquo;euros.<\/p>\n","protected":false},"excerpt":{"rendered":"Face aux \u00ab\u00a0efforts\u00a0\u00bb demand\u00e9s par l&rsquo;Etat, la municipalit\u00e9 d&rsquo;Anne Hidalgo va notamment actionner le levier des frais de&hellip;\n","protected":false},"author":2,"featured_media":118416,"comment_status":"","ping_status":"","sticky":false,"template":"","format":"standard","meta":{"footnotes":""},"categories":[1888],"tags":[400,1111,1928,11,1927,398,408,405,1777,674,1011,27,403,402,399,404,12,1926,626,1925,25,401,406,407],"class_list":{"0":"post-118415","1":"post","2":"type-post","3":"status-publish","4":"format-standard","5":"has-post-thumbnail","7":"category-paris","8":"tag-action-cac-40","9":"tag-actu","10":"tag-actu-paris","11":"tag-actualites","12":"tag-actualites-paris","13":"tag-bourse-de-paris","14":"tag-boursorama","15":"tag-cotations","16":"tag-eu","17":"tag-europe","18":"tag-fr","19":"tag-france","20":"tag-indices-devises","21":"tag-investir","22":"tag-investissement","23":"tag-marche-boursier","24":"tag-news","25":"tag-news-paris","26":"tag-paris","27":"tag-paris-news","28":"tag-republique-francaise","29":"tag-sicav","30":"tag-trackers","31":"tag-warrants"},"share_on_mastodon":{"url":"https:\/\/pubeurope.com\/@fr\/114549290679572652","error":""},"_links":{"self":[{"href":"https:\/\/www.europesays.com\/fr\/wp-json\/wp\/v2\/posts\/118415","targetHints":{"allow":["GET"]}}],"collection":[{"href":"https:\/\/www.europesays.com\/fr\/wp-json\/wp\/v2\/posts"}],"about":[{"href":"https:\/\/www.europesays.com\/fr\/wp-json\/wp\/v2\/types\/post"}],"author":[{"embeddable":true,"href":"https:\/\/www.europesays.com\/fr\/wp-json\/wp\/v2\/users\/2"}],"replies":[{"embeddable":true,"href":"https:\/\/www.europesays.com\/fr\/wp-json\/wp\/v2\/comments?post=118415"}],"version-history":[{"count":0,"href":"https:\/\/www.europesays.com\/fr\/wp-json\/wp\/v2\/posts\/118415\/revisions"}],"wp:featuredmedia":[{"embeddable":true,"href":"https:\/\/www.europesays.com\/fr\/wp-json\/wp\/v2\/media\/118416"}],"wp:attachment":[{"href":"https:\/\/www.europesays.com\/fr\/wp-json\/wp\/v2\/media?parent=118415"}],"wp:term":[{"taxonomy":"category","embeddable":true,"href":"https:\/\/www.europesays.com\/fr\/wp-json\/wp\/v2\/categories?post=118415"},{"taxonomy":"post_tag","embeddable":true,"href":"https:\/\/www.europesays.com\/fr\/wp-json\/wp\/v2\/tags?post=118415"}],"curies":[{"name":"wp","href":"https:\/\/api.w.org\/{rel}","templated":true}]}}