{"id":118417,"date":"2025-05-22T03:10:10","date_gmt":"2025-05-22T03:10:10","guid":{"rendered":"https:\/\/www.europesays.com\/fr\/118417\/"},"modified":"2025-05-22T03:10:10","modified_gmt":"2025-05-22T03:10:10","slug":"employes-confines-bri-sur-place-a-montreuil-mysterieux-tirs-sur-la-facade-dun-batiment-de-la-bnp","status":"publish","type":"post","link":"https:\/\/www.europesays.com\/fr\/118417\/","title":{"rendered":"Employ\u00e9s confin\u00e9s, BRI sur place\u00a0: \u00e0 Montreuil, myst\u00e9rieux tirs sur la fa\u00e7ade d\u2019un b\u00e2timent de la BNP"},"content":{"rendered":"<p class=\"paragraph text_align_left\">\u00ab C\u2019est ici qu\u2019ils ont tir\u00e9, regarde ! \u00bb En discussion au pied de l\u2019imposant b\u00e2timent de <a href=\"https:\/\/www.leparisien.fr\/vie-de-bureau\/changer-de-metier-bnp-paribas-permet-a-ses-employes-de-se-former-en-alternance-a-linterieur-meme-de-lentreprise-29-04-2025-EINF2WOULRFKRNHDKWCWFSQDBU.php\" target=\"_self\" rel=\"nofollow noopener\">la BNP Paribas<\/a> de la rue de la R\u00e9publique \u00e0 Montreuil, trois employ\u00e9s se dirigent vers une des vitres de la fa\u00e7ade, le long du trottoir, o\u00f9 l\u2019on distingue un impact de quelques centim\u00e8tres. L\u2019un d\u2019eux nous d\u00e9signe ensuite une seconde trace de projectile visible sous le porche d\u2019entr\u00e9e. \u00c0 peine a-t-il point\u00e9 son doigt que ses coll\u00e8gues l\u2019invitent \u00e0 couper court \u00e0 la conversation avec un journaliste selon eux bien trop curieux.<\/p>\n<p class=\"paragraph text_align_left\">Ce mardi apr\u00e8s-midi, l\u2019immeuble du groupe bancaire fran\u00e7ais, premier employeur priv\u00e9 de Seine-Saint-Denis, a \u00e9t\u00e9 la cible de tirs qui ont conduit <a href=\"https:\/\/www.leparisien.fr\/faits-divers\/des-risques-permanents-la-revolte-des-policiers-delite-de-la-bri-qui-reclament-une-prime-depuis-10-ans-15-04-2025-B7YVLYAENJFH7BIW56LPIDAHGY.php\" target=\"_self\" rel=\"nofollow noopener\">la Brigade de recherche et d\u2019intervention (BRI)<\/a> \u00e0 se rendre sur place en fin de journ\u00e9e. Une partie de la rue a \u00e9t\u00e9 boucl\u00e9e durant l\u2019op\u00e9ration et les salari\u00e9s ont \u00e9t\u00e9 confin\u00e9s \u00e0 l\u2019int\u00e9rieur du b\u00e2timent. \u00ab Certains clients habitu\u00e9s sont arriv\u00e9s plus tard que d\u2019habitude hier soir (NDLR : mardi) car ils ne pouvaient pas sortir \u00bb, glisse-t-on au Birdie\u2019s Caf\u00e9, un bar-restaurant situ\u00e9 non loin<\/p>\n<p class=\"paragraph text_align_left\">Le dispositif, impressionnant, a \u00e9t\u00e9 lev\u00e9 en d\u00e9but de soir\u00e9e sans que l\u2019origine des tirs et leur(s) auteur(s) aient pu \u00eatre d\u00e9termin\u00e9s avec certitude. Selon une source polici\u00e8re, un agent de s\u00e9curit\u00e9 a donn\u00e9 l\u2019alerte apr\u00e8s avoir entendu des d\u00e9tonations. Les employ\u00e9s de BNP Paribas qui se trouvaient sur place ont \u00e9t\u00e9 mis en s\u00e9curit\u00e9 \u00e0 l\u2019arri\u00e8re du b\u00e2timent. Les policiers ont recens\u00e9 une trentaine de petits impacts, la grande majorit\u00e9 au niveau du premier \u00e9tage. Mais ils n\u2019ont retrouv\u00e9 aucune douille ni \u00e9tui.<\/p>\n<p><img decoding=\"async\" class=\"image \" loading=\"lazy\" src=\"https:\/\/www.europesays.com\/fr\/wp-content\/uploads\/2025\/05\/E75ZFU553NFHTBIZUYOTECZSOE.jpg\" alt=\"Montreuil, ce mercredi. Les impacts relev\u00e9s par les policiers ne mesurent que quelques centim\u00e8tres de diam\u00e8tre. LP\/A.A.\" align=\"\" data-rubrique-principale=\"\" data-article-type=\"\" fetchpriority=\"auto\"\/>Montreuil, ce mercredi. Les impacts relev\u00e9s par les policiers ne mesurent que quelques centim\u00e8tres de diam\u00e8tre. LP\/A.A.<\/p>\n<p class=\"paragraph text_align_left\">D\u2019apr\u00e8s les premiers \u00e9l\u00e9ments de l\u2019enqu\u00eate, les tirs pourraient provenir du premier \u00e9tage d\u2019un immeuble d\u2019habitation situ\u00e9 de l\u2019autre c\u00f4t\u00e9 de la rue de R\u00e9publique.<\/p>\n<p>Des billes de plomb retrouv\u00e9es par la police dans la rue<\/p>\n<p class=\"paragraph text_align_left\">Plus tard dans la soir\u00e9e, des policiers ont mis la main dans cette m\u00eame rue sur six billes de plomb d\u2019un calibre de 4,5 millim\u00e8tres. L\u2019enqu\u00eate a \u00e9t\u00e9 confi\u00e9e au commissariat de Montreuil.<\/p>\n<p class=\"paragraph text_align_left\">Ce mercredi apr\u00e8s-midi, le sujet alimentait les conversations des salari\u00e9s crois\u00e9s devant l\u2019entr\u00e9e. Ceux que nous avons interrog\u00e9s ne se trouvaient pas \u00e0 l\u2019int\u00e9rieur du b\u00e2timent la veille et observaient \u00e0 notre \u00e9gard une prudente discr\u00e9tion. \u00ab La direction nous a adress\u00e9 un mail \u00e0 ce sujet mais on ne sait pas grand-chose \u00bb, l\u00e2che, sans plus de pr\u00e9cisions, une employ\u00e9e sur sa pause cigarette.<\/p>\n<p class=\"paragraph text_align_left\">Une source polici\u00e8re \u00e9voque des faits r\u00e9currents dans le quartier ces derni\u00e8res semaines, qui auraient vis\u00e9 d\u2019autres cibles. \u00ab Cela fait dix ans que je suis l\u00e0 et c\u2019est la premi\u00e8re fois que j\u2019entends cela \u00bb, s\u2019\u00e9tonne une commer\u00e7ante dont la boutique fait face \u00e0 l\u2019entr\u00e9e du b\u00e2timent de la BNP Paribas.<\/p>\n","protected":false},"excerpt":{"rendered":"\u00ab C\u2019est ici qu\u2019ils ont tir\u00e9, regarde ! \u00bb En discussion au pied de l\u2019imposant b\u00e2timent de la&hellip;\n","protected":false},"author":2,"featured_media":118418,"comment_status":"","ping_status":"","sticky":false,"template":"","format":"standard","meta":{"footnotes":""},"categories":[1888],"tags":[11,1777,674,118,1011,27,1944,12,626,25,1945],"class_list":{"0":"post-118417","1":"post","2":"type-post","3":"status-publish","4":"format-standard","5":"has-post-thumbnail","7":"category-paris","8":"tag-actualites","9":"tag-eu","10":"tag-europe","11":"tag-faits-divers","12":"tag-fr","13":"tag-france","14":"tag-ma-ville","15":"tag-news","16":"tag-paris","17":"tag-republique-francaise","18":"tag-seine-saint-denis"},"share_on_mastodon":{"url":"https:\/\/pubeurope.com\/@fr\/114549294623286171","error":""},"_links":{"self":[{"href":"https:\/\/www.europesays.com\/fr\/wp-json\/wp\/v2\/posts\/118417","targetHints":{"allow":["GET"]}}],"collection":[{"href":"https:\/\/www.europesays.com\/fr\/wp-json\/wp\/v2\/posts"}],"about":[{"href":"https:\/\/www.europesays.com\/fr\/wp-json\/wp\/v2\/types\/post"}],"author":[{"embeddable":true,"href":"https:\/\/www.europesays.com\/fr\/wp-json\/wp\/v2\/users\/2"}],"replies":[{"embeddable":true,"href":"https:\/\/www.europesays.com\/fr\/wp-json\/wp\/v2\/comments?post=118417"}],"version-history":[{"count":0,"href":"https:\/\/www.europesays.com\/fr\/wp-json\/wp\/v2\/posts\/118417\/revisions"}],"wp:featuredmedia":[{"embeddable":true,"href":"https:\/\/www.europesays.com\/fr\/wp-json\/wp\/v2\/media\/118418"}],"wp:attachment":[{"href":"https:\/\/www.europesays.com\/fr\/wp-json\/wp\/v2\/media?parent=118417"}],"wp:term":[{"taxonomy":"category","embeddable":true,"href":"https:\/\/www.europesays.com\/fr\/wp-json\/wp\/v2\/categories?post=118417"},{"taxonomy":"post_tag","embeddable":true,"href":"https:\/\/www.europesays.com\/fr\/wp-json\/wp\/v2\/tags?post=118417"}],"curies":[{"name":"wp","href":"https:\/\/api.w.org\/{rel}","templated":true}]}}