{"id":118423,"date":"2025-05-22T03:13:09","date_gmt":"2025-05-22T03:13:09","guid":{"rendered":"https:\/\/www.europesays.com\/fr\/118423\/"},"modified":"2025-05-22T03:13:09","modified_gmt":"2025-05-22T03:13:09","slug":"pour-favoriser-les-negociations-rubio-refuse-de-traiter-poutine-de-criminel-de-guerre","status":"publish","type":"post","link":"https:\/\/www.europesays.com\/fr\/118423\/","title":{"rendered":"Pour favoriser les n\u00e9gociations, Rubio refuse de traiter Poutine de \u00ab\u00a0criminel de guerre\u00a0\u00bb"},"content":{"rendered":"<p>Alors que la guerre continue de faire rage en <a href=\"https:\/\/www.20minutes.fr\/monde\/ukraine\/\" target=\"_blank\" class=\"color-ultramarine c-link\" rel=\"noopener\">Ukraine<\/a>, Marco Rubio ne veut pas se f\u00e2cher avec le Kremlin. Le secr\u00e9taire d\u2019Etat am\u00e9ricain s\u2019est abstenu mercredi de qualifier <a href=\"https:\/\/www.20minutes.fr\/monde\/vladimir_poutine\/\" target=\"_blank\" class=\"color-ultramarine c-link\" rel=\"noopener\">Vladimir Poutine<\/a> de \u00ab\u00a0criminel de guerre\u00a0\u00bb, affirmant que la priorit\u00e9 \u00e9tait de n\u00e9gocier pour mettre fin au conflit.<\/p>\n<p>Lors d\u2019une audition tendue au Congr\u00e8s, le repr\u00e9sentant d\u00e9mocrate Bill Keating a rappel\u00e9 les critiques virulentes de <a href=\"https:\/\/www.20minutes.fr\/politique\/marco-rubio\/\" target=\"_blank\" class=\"color-ultramarine c-link\" rel=\"noopener\">Marco Rubio<\/a> \u00e0 l\u2019encontre du bilan de Vladimir Poutine lorsque le chef de la diplomatie am\u00e9ricaine \u00e9tait s\u00e9nateur et lui a demand\u00e9 s\u2019il pensait toujours que le pr\u00e9sident russe Poutine \u00e9tait un \u00ab\u00a0criminel de guerre\u00a0\u00bb.<\/p>\n<p>Rubio accus\u00e9 d\u2019\u00eatre \u00ab\u00a0incoh\u00e9rent\u00a0\u00bb<\/p>\n<p>\u00ab\u00a0Des crimes ont \u00e9t\u00e9 commis dans la guerre contre l\u2019Ukraine, et il faudra en rendre compte, mais notre objectif actuel est de mettre fin \u00e0 cette guerre\u00a0\u00bb, a r\u00e9pondu Marco Rubio. \u00ab\u00a0Car laissez-moi vous dire que chaque jour que dure cette guerre, des gens sont tu\u00e9s, d\u2019autres sont mutil\u00e9s et, franchement, d\u2019autres crimes de guerre sont commis\u00a0\u00bb, a-t-il ajout\u00e9. L\u2019\u00e9lu d\u00e9mocrate a accus\u00e9 le chef de la diplomatie d\u2019\u00eatre \u00ab\u00a0incoh\u00e9rent\u00a0\u00bb et \u00ab\u00a0\u00e9quivoque\u00a0\u00bb.<\/p>\n<\/p>\n<p>\u00ab\u00a0S\u2019il n\u2019y avait pas eu de communications entre les <a href=\"https:\/\/www.20minutes.fr\/monde\/etats-unis\/\" target=\"_blank\" class=\"color-ultramarine c-link\" rel=\"noopener\">Etats-Unis<\/a> et la Russie en\u00a01961\u00a0\u00bb, le monde aurait pu s\u2019arr\u00eater pendant la crise des missiles de Cuba, a encore fait valoir Marco Rubio en r\u00e9ponse \u00e0 un autre \u00e9lu.<\/p>\n<p>Mandat d\u2019arr\u00eat de la CPI contre Poutine<\/p>\n<p>Le pr\u00e9sident Donald Trump s\u2019est entretenu lundi par t\u00e9l\u00e9phone avec Vladimir Poutine et le pr\u00e9sident ukrainien <a href=\"https:\/\/www.20minutes.fr\/monde\/volodymyr-zelensky\/\" target=\"_blank\" class=\"color-ultramarine c-link\" rel=\"noopener\">Volodymyr Zelensky<\/a> dans le cadre des efforts de Washington, jusqu\u2019\u00e0 pr\u00e9sent infructueux, pour mettre fin \u00e0 la guerre. Le ma\u00eetre du Kremlin, consid\u00e9r\u00e9 comme paria sous l\u2019administration de l\u2019ancien pr\u00e9sident Joe Biden, a repouss\u00e9 les appels des Etats-Unis, soutenus par l\u2019Ukraine, en faveur d\u2019un cessez-le-feu de 30 jours.<\/p>\n<p><a href=\"https:\/\/www.20minutes.fr\/monde\/ukraine\/\" target=\"_blank\" class=\"c-link c-btn c-btn--primary\" rel=\"noopener\">Notre dossier sur la Guerre en Ukraine<\/a><\/p>\n<p>Des dizaines de milliers de personnes sont mortes, dont de nombreux civils, depuis que la Russie a attaqu\u00e9 l\u2019Ukraine en f\u00e9vrier\u00a02022. Interrog\u00e9 pour savoir qui \u00e9tait l\u2019agresseur, Marco Rubio a r\u00e9pondu que \u00ab\u00a0la Russie a envahi l\u2019Ukraine\u00a0\u00bb, alors que Donald Trump s\u2019est jusqu\u2019alors refus\u00e9 \u00e0 qualifier Moscou d\u2019agresseur. Vladimir Poutine fait en outre l\u2019objet d\u2019un mandat d\u2019arr\u00eat de la Cour p\u00e9nale internationale (CPI) pour le transfert en Russie d\u2019enfants des r\u00e9gions de l\u2019Ukraine occup\u00e9es par les Russes.<\/p>\n","protected":false},"excerpt":{"rendered":"Alors que la guerre continue de faire rage en Ukraine, Marco Rubio ne veut pas se f\u00e2cher avec&hellip;\n","protected":false},"author":2,"featured_media":118424,"comment_status":"","ping_status":"","sticky":false,"template":"","format":"standard","meta":{"footnotes":""},"categories":[1590],"tags":[47,11,7611,2048,75,73,1777,674,131,1907,74,12,132,220,133,135,134],"class_list":{"0":"post-118423","1":"post","2":"type-post","3":"status-publish","4":"format-standard","5":"has-post-thumbnail","7":"category-ukraine","8":"tag-actualite","9":"tag-actualites","10":"tag-cour-penale-internationale-cpi","11":"tag-crime-de-guerre","12":"tag-donald-trump","13":"tag-etats-unis","14":"tag-eu","15":"tag-europe","16":"tag-guerre-en-ukraine","17":"tag-marco-rubio","18":"tag-monde","19":"tag-news","20":"tag-russie","21":"tag-ukraine","22":"tag-video","23":"tag-vladimir-poutine","24":"tag-volodymyr-zelensky"},"share_on_mastodon":{"url":"https:\/\/pubeurope.com\/@fr\/114549306402507938","error":""},"_links":{"self":[{"href":"https:\/\/www.europesays.com\/fr\/wp-json\/wp\/v2\/posts\/118423","targetHints":{"allow":["GET"]}}],"collection":[{"href":"https:\/\/www.europesays.com\/fr\/wp-json\/wp\/v2\/posts"}],"about":[{"href":"https:\/\/www.europesays.com\/fr\/wp-json\/wp\/v2\/types\/post"}],"author":[{"embeddable":true,"href":"https:\/\/www.europesays.com\/fr\/wp-json\/wp\/v2\/users\/2"}],"replies":[{"embeddable":true,"href":"https:\/\/www.europesays.com\/fr\/wp-json\/wp\/v2\/comments?post=118423"}],"version-history":[{"count":0,"href":"https:\/\/www.europesays.com\/fr\/wp-json\/wp\/v2\/posts\/118423\/revisions"}],"wp:featuredmedia":[{"embeddable":true,"href":"https:\/\/www.europesays.com\/fr\/wp-json\/wp\/v2\/media\/118424"}],"wp:attachment":[{"href":"https:\/\/www.europesays.com\/fr\/wp-json\/wp\/v2\/media?parent=118423"}],"wp:term":[{"taxonomy":"category","embeddable":true,"href":"https:\/\/www.europesays.com\/fr\/wp-json\/wp\/v2\/categories?post=118423"},{"taxonomy":"post_tag","embeddable":true,"href":"https:\/\/www.europesays.com\/fr\/wp-json\/wp\/v2\/tags?post=118423"}],"curies":[{"name":"wp","href":"https:\/\/api.w.org\/{rel}","templated":true}]}}