{"id":118425,"date":"2025-05-22T03:14:10","date_gmt":"2025-05-22T03:14:10","guid":{"rendered":"https:\/\/www.europesays.com\/fr\/118425\/"},"modified":"2025-05-22T03:14:10","modified_gmt":"2025-05-22T03:14:10","slug":"gaza-carney-a-informe-les-etats-unis-de-la-declaration-sans-chercher-a-les-rallier","status":"publish","type":"post","link":"https:\/\/www.europesays.com\/fr\/118425\/","title":{"rendered":"Gaza: Carney a inform\u00e9 les \u00c9tats-Unis de la d\u00e9claration sans chercher \u00e0 les rallier"},"content":{"rendered":"<p>OTTAWA \u2014 Le premier ministre Mark Carney avait pr\u00e9venu le vice-pr\u00e9sident am\u00e9ricain, J.D. Vance, que le Canada comptait diffusait une d\u00e9claration commune avec la France et le Royaume-Uni pour condamner l\u2019offensive isra\u00e9lienne \u00e0 Gaza et le blocage de l\u2019aide humanitaire.<\/p>\n<p>M.\u00a0Carney a indiqu\u00e9 mercredi avoir communiqu\u00e9 l\u2019information \u00e0 titre de \u00abrenseignement\u00bb afin d\u2019\u00abinformer\u00bb le bras doit de Donald Trump. Le premier ministre a ainsi laiss\u00e9 entendre que le but n\u2019\u00e9tait pas de convaincre les \u00c9tats-Unis d\u2019aussi signer la d\u00e9claration.<\/p>\n<p>\u00abJ\u2019ai mentionn\u00e9 au vice-pr\u00e9sident (\u2026) la probabilit\u00e9 d\u2019avoir cette annonce-l\u00e0 en ce qui concerne Gaza. Mais ce n\u2019\u00e9tait pas une conversation\u00bb, a dit le premier ministre au cours d\u2019un point de presse \u00e0 Ottawa.<\/p>\n<p>M.\u00a0Carney a rencontr\u00e9 dimanche J.D. Vance, au cours de son s\u00e9jour \u00e0 Rome, en Italie. Le lendemain, Ottawa, Paris et Londres d\u00e9claraient, tous ensemble, qu\u2019ils s\u2019opposent \u00abfermement \u00e0 l\u2019\u00e9largissement des op\u00e9rations militaires men\u00e9es par Isra\u00ebl \u00e0 Gaza\u00bb.<\/p>\n<p>\u00abSi Isra\u00ebl ne met pas fin \u00e0 cette nouvelle offensive militaire et ne l\u00e8ve pas les restrictions entourant l\u2019aide humanitaire, nous prendrons d\u2019autres mesures concr\u00e8tes\u00bb, mena\u00e7ait-on, \u00e9voquant des \u00absanctions cibl\u00e9es\u00bb.<\/p>\n<p>Questionn\u00e9 mercredi \u00e0 savoir quelles sanctions le Canada consid\u00e8re prendre, M.\u00a0Carney n\u2019a pas voulu s\u2019avancer.<\/p>\n<p>\u00abOn va d\u00e9cider, mais (\u2026) c\u2019est la responsabilit\u00e9 du gouvernement d\u2019Isra\u00ebl d\u2019agir\u00bb, s\u2019est-il content\u00e9 de r\u00e9pondre.<\/p>\n<p>Le premier ministre avait convi\u00e9 les journalistes pour faire le point sur la retraite de deux jours qu\u2019il venait de conclure \u00e0 Chelsea avec son cabinet. Le lac-\u00e0-l\u2019\u00e9paule s\u2019est d\u00e9roul\u00e9 enti\u00e8rement \u00e0 l\u2019abri du regard des m\u00e9dias, qui ont \u00e9t\u00e9 tenus \u00e0 l\u2019\u00e9cart. Les journalistes n\u2019ont donc pas eu l\u2019occasion d\u2019intercepter des ministres pour leur poser des questions dans le cadre d\u2019impromptus de presse.<\/p>\n<p>M.\u00a0Carney a fait savoir qu\u2019il avait partag\u00e9 aux ministres \u2014 asserment\u00e9s la semaine derni\u00e8re \u2014 leur lettre de mandat.<\/p>\n<p>Contrairement \u00e0 la coutume qu\u2019avait instaur\u00e9e son pr\u00e9d\u00e9cesseur, Justin Trudeau, chaque ministre n\u2019a pas re\u00e7u une lettre de mandat individuelle pour dresser les priorit\u00e9s auxquelles il doit s\u2019attaquer. Ainsi, le nouveau premier ministre a choisi de ne partager qu\u2019une seule lettre de mandat commune \u00e0 tous.<\/p>\n<p>\u00abLe Canada doit construire une \u00e9norme quantit\u00e9 de nouvelles infrastructures \u00e0 une vitesse jamais vue depuis des g\u00e9n\u00e9rations, peut-on lire. Cela inclut l\u2019infrastructure qui nous permettra de diversifier nos relations commerciales, de devenir une superpuissance \u00e9nerg\u00e9tique dans les \u00e9nergies propres et conventionnelles, de r\u00e9tablir l\u2019abordabilit\u00e9 des logements, et de prot\u00e9ger nos fronti\u00e8res et nos collectivit\u00e9s.\u00bb<\/p>\n<p>La missive insiste aussi beaucoup sur la volont\u00e9 du gouvernement Carney d\u2019accro\u00eetre la productivit\u00e9.<\/p>\n<p>M.\u00a0Carney demande, par le biais de cette lettre, \u00e0 chaque ministre, d\u2019identifier, dans le cadre de ses responsabilit\u00e9s sp\u00e9cifiques, comment il compte s\u2019y prendre pour atteindre les objectifs communs \u00e0 chaque membre du cabinet. Le premier ministre souhaite que chacun \u00e9tablisse des \u00abmesures de r\u00e9ussite en fonction desquelles (ils) \u00e9value(ront) les r\u00e9sultats\u00bb.<\/p>\n<p>\u00abOn s\u2019attendra \u00e0 ce que vous fassiez preuve de leadership, que vous pr\u00e9sentiez de nouvelles id\u00e9es, que vous ayez une vision claire et que vous preniez des actions d\u00e9cisives \u2013 et on vous donnera les moyens de le faire\u00bb, promet le premier ministre.<\/p>\n<p>En point de presse, il a soutenu que \u00ables prochaines semaines et mois seront cruciaux pour catalyser les changements que les Canadiens m\u00e9ritent\u00bb. Il a ensuite \u00e9num\u00e9r\u00e9 des \u00e9v\u00e9nements \u00e0 venir, tels que la pr\u00e9sentation du discours du tr\u00f4ne et le sommet des dirigeants du G7.<\/p>\n<p>Interrog\u00e9 sur les tirs de sommations qui ont \u00e9t\u00e9 tir\u00e9s par l\u2019arm\u00e9e isra\u00e9lienne pr\u00e8s d\u2019une d\u00e9l\u00e9gation comprenant quatre diplomates canadiens en visite en Cisjordanie, M.\u00a0Carney a r\u00e9pondu que \u00abce n\u2019est absolument pas acceptable\u00bb. <\/p>\n<p>Il a ajout\u00e9 qu\u2019il est de la responsabilit\u00e9 de l\u2019ambassadeur d\u2019Isra\u00ebl de fournir des explications. <\/p>\n<p>\u00abC\u2019est un autre exemple des affaires qui ne sont pas acceptables (dans la r\u00e9gion)\u00bb.<\/p>\n<p>Un peu plus t\u00f4t dans l\u2019apr\u00e8s-midi, la ministre des Affaires \u00e9trang\u00e8res, Anita Anand, a annonc\u00e9 qu\u2019elle convoquait l\u2019ambassadeur isra\u00e9lien.<\/p>\n","protected":false},"excerpt":{"rendered":"OTTAWA \u2014 Le premier ministre Mark Carney avait pr\u00e9venu le vice-pr\u00e9sident am\u00e9ricain, J.D. Vance, que le Canada comptait&hellip;\n","protected":false},"author":2,"featured_media":118426,"comment_status":"","ping_status":"","sticky":false,"template":"","format":"standard","meta":{"footnotes":""},"categories":[1589],"tags":[11,73,1866,4576,12,1864,1865,1863,308],"class_list":{"0":"post-118425","1":"post","2":"type-post","3":"status-publish","4":"format-standard","5":"has-post-thumbnail","7":"category-etats-unis","8":"tag-actualites","9":"tag-etats-unis","10":"tag-etats-unis-damerique","11":"tag-https-lactualite-com-sujet-politique","12":"tag-news","13":"tag-united-states","14":"tag-united-states-of-america","15":"tag-us","16":"tag-usa"},"share_on_mastodon":{"url":"https:\/\/pubeurope.com\/@fr\/114549310399742810","error":""},"_links":{"self":[{"href":"https:\/\/www.europesays.com\/fr\/wp-json\/wp\/v2\/posts\/118425","targetHints":{"allow":["GET"]}}],"collection":[{"href":"https:\/\/www.europesays.com\/fr\/wp-json\/wp\/v2\/posts"}],"about":[{"href":"https:\/\/www.europesays.com\/fr\/wp-json\/wp\/v2\/types\/post"}],"author":[{"embeddable":true,"href":"https:\/\/www.europesays.com\/fr\/wp-json\/wp\/v2\/users\/2"}],"replies":[{"embeddable":true,"href":"https:\/\/www.europesays.com\/fr\/wp-json\/wp\/v2\/comments?post=118425"}],"version-history":[{"count":0,"href":"https:\/\/www.europesays.com\/fr\/wp-json\/wp\/v2\/posts\/118425\/revisions"}],"wp:featuredmedia":[{"embeddable":true,"href":"https:\/\/www.europesays.com\/fr\/wp-json\/wp\/v2\/media\/118426"}],"wp:attachment":[{"href":"https:\/\/www.europesays.com\/fr\/wp-json\/wp\/v2\/media?parent=118425"}],"wp:term":[{"taxonomy":"category","embeddable":true,"href":"https:\/\/www.europesays.com\/fr\/wp-json\/wp\/v2\/categories?post=118425"},{"taxonomy":"post_tag","embeddable":true,"href":"https:\/\/www.europesays.com\/fr\/wp-json\/wp\/v2\/tags?post=118425"}],"curies":[{"name":"wp","href":"https:\/\/api.w.org\/{rel}","templated":true}]}}