{"id":118431,"date":"2025-05-22T03:17:10","date_gmt":"2025-05-22T03:17:10","guid":{"rendered":"https:\/\/www.europesays.com\/fr\/118431\/"},"modified":"2025-05-22T03:17:10","modified_gmt":"2025-05-22T03:17:10","slug":"leurope-ne-defendra-pas-ses-principes-a-coups-de-formulaires-administratifs","status":"publish","type":"post","link":"https:\/\/www.europesays.com\/fr\/118431\/","title":{"rendered":"\u00abL\u2019Europe ne d\u00e9fendra pas ses principes \u00e0 coups de formulaires administratifs\u00bb"},"content":{"rendered":"<p><strong>TRIBUNE<\/strong> &#8211; Alors que de nombreuses normes \u00e9touffent d\u00e9j\u00e0 le continent europ\u00e9en, la directive du devoir de vigilance risque d\u2019alourdir encore le poids de la surr\u00e9glementation. Pour l\u2019eurod\u00e9put\u00e9, il est urgent de rendre aux entreprises la libert\u00e9 de produire, sans quoi l\u2019\u00e9conomie europ\u00e9enne perdra d\u00e9finitivement pied.<\/p>\n<p class=\"fig-paragraph\">Notre classe politique a-t-elle vraiment pris la mesure du\u00a0<a href=\"http:\/\/www.lefigaro.fr\/conjoncture\/droits-de-douane-la-france-revoit-en-baisse-sa-prevision-de-croissance-pour-2025-20250409\" data-fig-type=\"NewsFlash\" data-gtm-custom-categorie=\"navigation\" data-gtm-custom-action=\"crossclick\" data-gtm-custom-label=\"Contextuel\" data-gtm-event=\"customEventSPE\" data-fig-domain=\"LEFIGARO\" target=\"_blank\" rel=\"noopener\">d\u00e9crochage \u00e9conomique<\/a>\u00a0majeur qui frappe la France et l\u2019Europe\u00a0? Nous arrivons \u00e0 un moment de v\u00e9rit\u00e9. Le ralentissement progressif du continent \u00e9tait d\u00e9j\u00e0 manifeste\u00a0: \u00e0 la veille de la crise de 2008, le PIB europ\u00e9en \u00e9tait sup\u00e9rieur au PIB am\u00e9ricain\u00a0; quinze ans plus tard, il est 60\u00a0% inf\u00e9rieur. La richesse produite par habitant atteint aux \u00c9tats-Unis le double de la moyenne europ\u00e9enne. Les cons\u00e9quences sont \u00e9videntes\u00a0: appauvrissement des m\u00e9nages, faible r\u00e9mun\u00e9ration du travail, augmentation du ch\u00f4mage. Mais elles sont aussi tangibles sur le plan g\u00e9opolitique\u00a0: en d\u00e9courageant l\u2019investissement et l\u2019initiative, nous nous condamnons \u00e0 regarder l\u2019innovation s\u2019\u00e9crire ailleurs, et notre \u00c9tat, endett\u00e9 et priv\u00e9 de marges de man\u0153uvre, a perdu en capacit\u00e9 d\u2019action sur la sc\u00e8ne internationale.<\/p>\n<p class=\"fig-paragraph\">Le d\u00e9clin \u00e9tait perceptible, il s\u2019acc\u00e9l\u00e8re brutalement depuis quelques mois\u00a0: les pr\u00e9visions de croissance sont partout en recul\u2026<\/p>\n<p class=\"fig-premium-paywall__infos\">\n        Cet article est r\u00e9serv\u00e9 aux abonn\u00e9s.        Il vous reste 83% \u00e0 d\u00e9couvrir.\n    <\/p>\n<p>                <img  data- alt=\"Le Figaro\" class=\"fig-img--complete fig-img\"\/><\/p>\n<p class=\"fig-premium-paywall__title\">Vente Flash<\/p>\n<p class=\"fig-premium-paywall__subtitle\">4,99\u20ac par mois pendant 12 mois. Sans engagement.<\/p>\n<p class=\"fig-premium-paywall__connect\">\n                D\u00e9j\u00e0 abonn\u00e9\u00a0?                <a class=\"fig-premium-paywall__connect-link\" href=\"https:\/\/connect.lefigaro.fr\/login?client=horizon_web&amp;type=main&amp;redirect_uri=https%3A%2F%2Fwww.lefigaro.fr%2Fvox%2Feconomie%2Ffrancois-xavier-bellamy-l-europe-ne-defendra-pas-ses-principes-a-coups-de-formulaires-administratifs-20250521\" data-js-gtm=\"{&quot;customCategorie&quot;: &quot;conversion&quot;, &quot;customAction&quot;: &quot;before_Landing_Connexion_paywall_auto&quot;, &quot;customLabel&quot;: &quot;bGVmaWdhcm8uZnJfXzFmMDM2M2FmLTYwNjAtNmQ1Yy1hMjAyLWExY2I2YWMzYTM1YV9fQXJ0aWNsZQ==_Fran\u00e7ois-Xavier Bellamy\u00a0: \u00abL\u2019Europe ne d\u00e9fendra pas ses principes \u00e0 coups de formulaires administratifs\u00bb_128&quot;, &quot;customIDSPE&quot;: &quot;bGVmaWdhcm8uZnJfXzFmMDM2M2FmLTYwNjAtNmQ1Yy1hMjAyLWExY2I2YWMzYTM1YV9fQXJ0aWNsZQ==&quot;, &quot;event&quot;: &quot;customEventSPE&quot;}\" target=\"_blank\" rel=\"noopener\"><br \/>\n                    Connectez-vous<br \/>\n                <\/a>\n            <\/p>\n","protected":false},"excerpt":{"rendered":"TRIBUNE &#8211; Alors que de nombreuses normes \u00e9touffent d\u00e9j\u00e0 le continent europ\u00e9en, la directive du devoir de vigilance&hellip;\n","protected":false},"author":2,"featured_media":118432,"comment_status":"","ping_status":"","sticky":false,"template":"","format":"standard","meta":{"footnotes":""},"categories":[1586],"tags":[11,1428,1292,8427,8426,33,257,1777,674,1429,1011,27,12,1427,1426,25],"class_list":{"0":"post-118431","1":"post","2":"type-post","3":"status-publish","4":"format-standard","5":"has-post-thumbnail","7":"category-europe","8":"tag-actualites","9":"tag-chroniqueurs","10":"tag-debat","11":"tag-debat-economie","12":"tag-debats-economiques","13":"tag-economie","14":"tag-entreprise","15":"tag-eu","16":"tag-europe","17":"tag-figarovox","18":"tag-fr","19":"tag-france","20":"tag-news","21":"tag-opinions","22":"tag-questions","23":"tag-republique-francaise"},"share_on_mastodon":{"url":"https:\/\/pubeurope.com\/@fr\/114549322129792020","error":""},"_links":{"self":[{"href":"https:\/\/www.europesays.com\/fr\/wp-json\/wp\/v2\/posts\/118431","targetHints":{"allow":["GET"]}}],"collection":[{"href":"https:\/\/www.europesays.com\/fr\/wp-json\/wp\/v2\/posts"}],"about":[{"href":"https:\/\/www.europesays.com\/fr\/wp-json\/wp\/v2\/types\/post"}],"author":[{"embeddable":true,"href":"https:\/\/www.europesays.com\/fr\/wp-json\/wp\/v2\/users\/2"}],"replies":[{"embeddable":true,"href":"https:\/\/www.europesays.com\/fr\/wp-json\/wp\/v2\/comments?post=118431"}],"version-history":[{"count":0,"href":"https:\/\/www.europesays.com\/fr\/wp-json\/wp\/v2\/posts\/118431\/revisions"}],"wp:featuredmedia":[{"embeddable":true,"href":"https:\/\/www.europesays.com\/fr\/wp-json\/wp\/v2\/media\/118432"}],"wp:attachment":[{"href":"https:\/\/www.europesays.com\/fr\/wp-json\/wp\/v2\/media?parent=118431"}],"wp:term":[{"taxonomy":"category","embeddable":true,"href":"https:\/\/www.europesays.com\/fr\/wp-json\/wp\/v2\/categories?post=118431"},{"taxonomy":"post_tag","embeddable":true,"href":"https:\/\/www.europesays.com\/fr\/wp-json\/wp\/v2\/tags?post=118431"}],"curies":[{"name":"wp","href":"https:\/\/api.w.org\/{rel}","templated":true}]}}