{"id":118433,"date":"2025-05-22T03:18:13","date_gmt":"2025-05-22T03:18:13","guid":{"rendered":"https:\/\/www.europesays.com\/fr\/118433\/"},"modified":"2025-05-22T03:18:13","modified_gmt":"2025-05-22T03:18:13","slug":"lunion-europeenne-prete-a-taxer-les-engrais-russes-des-juillet-actualites","status":"publish","type":"post","link":"https:\/\/www.europesays.com\/fr\/118433\/","title":{"rendered":"L&rsquo;Union europ\u00e9enne pr\u00eate \u00e0 taxer les engrais russes d\u00e8s juillet : Actualit\u00e9s"},"content":{"rendered":"<p class=\"lead \">Le Parlement europ\u00e9en doit approuver jeudi une surtaxation des millions de tonnes d&rsquo;engrais import\u00e9es de Russie chaque ann\u00e9e en Europe, malgr\u00e9 les craintes des agriculteurs d&rsquo;une envol\u00e9e des prix mondiaux, dans ce qui appara\u00eet comme une \u00e9tape de plus dans le bras de fer entre Bruxelles et Moscou.<\/p>\n<p class=\"lead \">Le projet pr\u00e9voit la mise en place d\u00e8s juillet de taxes douani\u00e8res qui doivent augmenter progressivement durant trois ans, jusqu&rsquo;\u00e0 couper le robinet des fertilisants azot\u00e9s venus de Russie et de son alli\u00e9 b\u00e9larusse.<\/p>\n<p class=\"lead \">Plus de trois ans apr\u00e8s l&rsquo;invasion de l&rsquo;Ukraine, il faut cesser \u00ab\u00a0d&rsquo;alimenter la machine de guerre\u00a0\u00bb de Vladimir Poutine et \u00ab\u00a0limiter la d\u00e9pendance des agriculteurs europ\u00e9ens \u00e0 l&rsquo;\u00e9gard des engrais russes\u00a0\u00bb, revendique l&rsquo;eurod\u00e9put\u00e9e lettone Inese Vaidere (PPE, droite), rapporteure de ce texte.<\/p>\n<p class=\"lead \">L&rsquo;Union europ\u00e9enne a import\u00e9 6,2 millions de tonnes d&rsquo;engrais russes en 2024 et d\u00e9j\u00e0 pr\u00e8s de 2,5 millions depuis d\u00e9but 2025, soit un quart de ses importations en la mati\u00e8re.<\/p>\n<p class=\"lead \">\u00ab\u00a0L&rsquo;origine russe est la plus comp\u00e9titive en termes de prix\u00a0\u00bb et la logistique de livraisons est \u00ab\u00a0bien \u00e9tablie\u00a0\u00bb, indique Dominique Dejonckheere, cadre du Copa-Cogeca, l&rsquo;organisation des syndicats agricoles europ\u00e9ens.<\/p>\n<p class=\"lead \">Avec les surtaxes, l&rsquo;Europe veut emp\u00eacher la Russie de passer par ses engrais pour exporter son gaz naturel, mati\u00e8re premi\u00e8re principale de fabrication de ces fertilisants azot\u00e9s.<\/p>\n<p class=\"lead \">Bruxelles vise surtout une augmentation de la production europ\u00e9enne, pour davantage d&rsquo;ind\u00e9pendance. La taxation des engrais russes est d&rsquo;ailleurs applaudie par les industriels de l&rsquo;UE.<\/p>\n<p class=\"lead \">\u00ab\u00a0Le temps presse. Cela fait trois ans que nous demandons \u00e0 l&rsquo;UE d&rsquo;agir\u00a0\u00bb, souligne Tiffanie Stephani, chez Yara, l&rsquo;un des plus gros producteurs d&rsquo;engrais en Europe.<\/p>\n<p class=\"lead \">\u00ab\u00a0Les importations russes ont eu un impact massif\u00a0\u00bb avec une \u00ab\u00a0pression\u00a0\u00bb sur les prix, estime-t-elle.<\/p>\n<p class=\"lead \">&#8211; \u00ab\u00a0Punir les agriculteurs\u00a0\u00bb &#8211;<\/p>\n<p class=\"lead \">L&rsquo;UE va maintenant devoir rassurer les agriculteurs qui s&rsquo;alarment d&rsquo;une \u00e9ventuelle explosion des prix sur l&rsquo;ensemble du march\u00e9.<\/p>\n<p class=\"lead \">Cette taxation peut \u00eatre \u00ab\u00a0potentiellement d\u00e9vastatrice\u00a0\u00bb, a lanc\u00e9 le Copa-Cogeca. \u00ab\u00a0Les agriculteurs europ\u00e9ens ne doivent pas devenir des dommages collat\u00e9raux\u00a0\u00bb de la situation g\u00e9opolitique, dit ce lobby agricole.<\/p>\n<p class=\"lead \">A Berloz, dans le centre de la Belgique, Amaury Poncelet vient d&rsquo;\u00e9pandre des engrais azot\u00e9s. Il se ravitaille aupr\u00e8s d&rsquo;un n\u00e9gociant \u00e0 Gant, sans conna\u00eetre l&rsquo;origine des fertilisants. Mais ce c\u00e9r\u00e9alier et betteravier \u00ab\u00a0ne comprend pas l&rsquo;id\u00e9e de l&rsquo;Union europ\u00e9enne de punir ses agriculteurs\u00a0\u00bb avec la taxe sur les produits russes.<\/p>\n<p class=\"lead \">\u00ab\u00a0On perd de l&rsquo;argent \u00e0 cause de ces d\u00e9cisions europ\u00e9ennes qui nous m\u00e9prisent et nous prennent pour des pions\u00a0\u00bb, grince-t-il.<\/p>\n<p class=\"lead \">A la Commission europ\u00e9enne, on assure pourtant que toutes les pr\u00e9cautions ont \u00e9t\u00e9 prises pour que le march\u00e9 ne soit pas affect\u00e9. <\/p>\n<p class=\"lead \">L&rsquo;ex\u00e9cutif europ\u00e9en insiste sur la progressivit\u00e9 de la mesure, en trois ans. Et promet d&rsquo;intervenir si les prix grimpent.<\/p>\n<p class=\"lead \">En cas d&rsquo;inflation, la Commission pourrait suspendre les taxes douani\u00e8res sur les engrais d&rsquo;autres r\u00e9gions pour compenser: Maghreb, Asie Centrale, Etats-Unis, Trinit\u00e9-et-Tobago ou Nigeria&#8230;<\/p>\n<p class=\"lead \">De son c\u00f4t\u00e9, l&rsquo;entreprise Yara, qui assure comprendre les inqui\u00e9tudes \u00ab\u00a0l\u00e9gitimes\u00a0\u00bb des agriculteurs, \u00e9voque une potentielle hausse limit\u00e9e des prix du march\u00e9 de \u00ab\u00a05 \u00e0 10 dollars (4,5 \u00e0 9 euros) par tonne en raison de diff\u00e9rents co\u00fbts logistiques\u00a0\u00bb. <\/p>\n<p class=\"lead \">Les cours varient, mais la tonne d&rsquo;engrais \u00e0 base d&rsquo;azote vaut quelque 350 euros actuellement. <\/p>\n<p class=\"lead \">Sauf coup de th\u00e9\u00e2tre, le vote du Parlement europ\u00e9en devrait \u00eatre acquis sans trop de difficult\u00e9 jeudi en pl\u00e9ni\u00e8re \u00e0 Bruxelles. Mais des voix \u00e0 droite demandent un report d&rsquo;un an de la mesure.<\/p>\n<p class=\"lead \">Et une s\u00e9rie d&rsquo;\u00e9lus d&rsquo;extr\u00eame droite ont tent\u00e9, en vain, de d\u00e9tricoter la proposition. La taxation des engrais russes \u00ab\u00a0ne va pas changer d&rsquo;un iota la guerre et est extr\u00eamement p\u00e9rilleuse pour nos agriculteurs\u00a0\u00bb, juge l&rsquo;eurod\u00e9put\u00e9 Thierry Mariani (RN, Patriotes).<\/p>\n<p class=\"lead \">\u00ab\u00a0C&rsquo;est une usine \u00e0 gaz et un suicide \u00e9conomique\u00a0\u00bb, l\u00e2che cet \u00e9lu fran\u00e7ais, r\u00e9guli\u00e8rement point\u00e9 du doigt par ses adversaires politiques pour sa proximit\u00e9 avec la Russie de Vladimir Poutine.<\/p>\n<p class=\"lead \">Echaud\u00e9e par la col\u00e8re agricole de 2024, la Commission europ\u00e9enne va surveiller le sujet comme le lait sur le feu. L&rsquo;ex\u00e9cutif a encha\u00een\u00e9 les gestes \u00e0 l&rsquo;\u00e9gard des agriculteurs ces derniers mois, \u00e0 l&rsquo;image d&rsquo;un plan pr\u00e9sent\u00e9 mi-mai pour simplifier la politique agricole commune en all\u00e9geant les r\u00e8gles environnementales.<\/p>\n<p class=\"lead \">Interpell\u00e9 mercredi, le gouvernement fran\u00e7ais a assur\u00e9 avoir n\u00e9goci\u00e9 des concessions avant ces surtaxes, notamment de ne pas inclure les produits \u00e0 base d&rsquo;ammoniac.<\/p>\n<p class=\"small font-weight-bold text-gray3 \"> publi\u00e9 le 22 mai \u00e0 04h24, AFP<\/p>\n<p>                             Partager<\/p>\n","protected":false},"excerpt":{"rendered":"Le Parlement europ\u00e9en doit approuver jeudi une surtaxation des millions de tonnes d&rsquo;engrais import\u00e9es de Russie chaque ann\u00e9e&hellip;\n","protected":false},"author":2,"featured_media":118434,"comment_status":"","ping_status":"","sticky":false,"template":"","format":"standard","meta":{"footnotes":""},"categories":[1586],"tags":[11,327,10531,215,2822,1777,674,1779,1011,27,12,316,25,132,7185,1778,220,364],"class_list":{"0":"post-118433","1":"post","2":"type-post","3":"status-publish","4":"format-standard","5":"has-post-thumbnail","7":"category-europe","8":"tag-actualites","9":"tag-agriculture","10":"tag-chimie","11":"tag-commerce","12":"tag-douanes","13":"tag-eu","14":"tag-europe","15":"tag-european-union","16":"tag-fr","17":"tag-france","18":"tag-news","19":"tag-politique","20":"tag-republique-francaise","21":"tag-russie","22":"tag-sanctions","23":"tag-ue","24":"tag-ukraine","25":"tag-union-europeenne"},"share_on_mastodon":{"url":"https:\/\/pubeurope.com\/@fr\/114549326114358755","error":""},"_links":{"self":[{"href":"https:\/\/www.europesays.com\/fr\/wp-json\/wp\/v2\/posts\/118433","targetHints":{"allow":["GET"]}}],"collection":[{"href":"https:\/\/www.europesays.com\/fr\/wp-json\/wp\/v2\/posts"}],"about":[{"href":"https:\/\/www.europesays.com\/fr\/wp-json\/wp\/v2\/types\/post"}],"author":[{"embeddable":true,"href":"https:\/\/www.europesays.com\/fr\/wp-json\/wp\/v2\/users\/2"}],"replies":[{"embeddable":true,"href":"https:\/\/www.europesays.com\/fr\/wp-json\/wp\/v2\/comments?post=118433"}],"version-history":[{"count":0,"href":"https:\/\/www.europesays.com\/fr\/wp-json\/wp\/v2\/posts\/118433\/revisions"}],"wp:featuredmedia":[{"embeddable":true,"href":"https:\/\/www.europesays.com\/fr\/wp-json\/wp\/v2\/media\/118434"}],"wp:attachment":[{"href":"https:\/\/www.europesays.com\/fr\/wp-json\/wp\/v2\/media?parent=118433"}],"wp:term":[{"taxonomy":"category","embeddable":true,"href":"https:\/\/www.europesays.com\/fr\/wp-json\/wp\/v2\/categories?post=118433"},{"taxonomy":"post_tag","embeddable":true,"href":"https:\/\/www.europesays.com\/fr\/wp-json\/wp\/v2\/tags?post=118433"}],"curies":[{"name":"wp","href":"https:\/\/api.w.org\/{rel}","templated":true}]}}