{"id":118435,"date":"2025-05-22T03:19:11","date_gmt":"2025-05-22T03:19:11","guid":{"rendered":"https:\/\/www.europesays.com\/fr\/118435\/"},"modified":"2025-05-22T03:19:11","modified_gmt":"2025-05-22T03:19:11","slug":"larme-sest-enrayee-un-homme-arrete-apres-avoir-tente-de-tuer-un-passant-a-besancon","status":"publish","type":"post","link":"https:\/\/www.europesays.com\/fr\/118435\/","title":{"rendered":"\u00ab L\u2019arme s\u2019est enray\u00e9e \u00bb : un homme arr\u00eat\u00e9 apr\u00e8s avoir tent\u00e9 de tuer un passant \u00e0 Besan\u00e7on"},"content":{"rendered":"<p class=\"paragraph text_align_left\">Un homme de 21 ans soup\u00e7onn\u00e9 d\u2019avoir voulu tirer sur un passant dans le centre historique de Besan\u00e7on a \u00e9t\u00e9 <a href=\"https:\/\/www.leparisien.fr\/faits-divers\/infanticide-annonce-sur-linkedin-sortie-de-psychiatrie-le-pere-demma-13-ans-place-en-garde-a-vue-21-05-2025-U64CKU3RVFAVXJ4KMBDAN6GGLE.php\" target=\"_blank\" rel=\"noreferrer nofollow noopener\">mis en examen<\/a> mercredi pour tentative de meurtre et plac\u00e9 en d\u00e9tention provisoire, a-t-on appris aupr\u00e8s du parquet, confirmant une information de <a href=\"https:\/\/www.estrepublicain.fr\/faits-divers-justice\/2025\/05\/21\/il-vise-un-passant-au-hasard-et-lui-tire-dessus-a-besancon-par-miracle-l-arme-s-enraye\" target=\"_blank\" rel=\"noreferrer nofollow noopener\">l\u2019Est r\u00e9publicain<\/a>.<\/p>\n<p class=\"paragraph text_align_left\">Les faits ont \u00e9t\u00e9 commis dans la nuit de lundi \u00e0 mardi dans le centre historique de Besan\u00e7on. La sc\u00e8ne a \u00e9t\u00e9 enregistr\u00e9e par les cam\u00e9ras de vid\u00e9osurveillance de la ville. L\u2019agresseur a vis\u00e9 avec une arme de calibre 7,65 mm une personne en pleine rue, pour une raison que l\u2019enqu\u00eate judiciaire devra d\u00e9terminer.<\/p>\n<p>\u00ab La personne vis\u00e9e en a profit\u00e9 pour d\u00e9sarmer son agresseur \u00bb<\/p>\n<p class=\"paragraph text_align_left\">\u00ab L\u2019arme s\u2019est enray\u00e9e ou la munition n\u2019a pas fonctionn\u00e9 et la personne vis\u00e9e en a profit\u00e9 pour d\u00e9sarmer son agresseur et pr\u00e9venir les services de police. Un d\u00e9roul\u00e9 des faits confirm\u00e9 par la vid\u00e9osurveillance de la ville De Besan\u00e7on \u00bb a pr\u00e9cis\u00e9 \u00e0 l\u2019AFP le parquet.<\/p>\n<p class=\"paragraph text_align_left\">Rapidement sur place, les forces de l\u2019ordre ont interpell\u00e9 l\u2019agresseur, saisi l\u2019arme et ont retrouv\u00e9 \u00e0 proximit\u00e9 une munition \u00e9ject\u00e9e de calibre 7,65 mm. L\u2019agresseur \u00e9tait positif \u00e0 <a href=\"https:\/\/www.leparisien.fr\/societe\/sante\/des-chercheurs-suisses-mettent-au-point-un-gel-qui-supprime-les-effets-de-lalcool-14-05-2024-UYRUIODWDFE3ZP655BW3OIEKTM.php\" target=\"_blank\" rel=\"noreferrer nofollow noopener\">l\u2019alcool\u00e9mie<\/a> et a \u00e9t\u00e9 plac\u00e9 en cellule de d\u00e9grisement au commissariat.<\/p>\n<p>Il n\u2019aurait pas donn\u00e9 d\u2019explication \u00e0 son geste<\/p>\n<p class=\"paragraph text_align_left\">\u00ab Selon les premiers \u00e9l\u00e9ments, il n\u2019a pas donn\u00e9 d\u2019explication \u00e0 son geste. Et lors d\u2019une perquisition effectu\u00e9e par les enqu\u00eateurs, une seconde arme et des munitions ont \u00e9t\u00e9 retrouv\u00e9es au domicile de l\u2019agresseur \u00bb, a poursuivi le minist\u00e8re public. Une information judiciaire a \u00e9t\u00e9 ouverte.<\/p>\n<p class=\"paragraph text_align_left\">Le suspect a \u00e9t\u00e9 mis en examen pour tentative de meurtre par un juge d\u2019instruction du tribunal judiciaire de Besan\u00e7on et plac\u00e9 en d\u00e9tention provisoire \u00e0 la maison d\u2019arr\u00eat.<\/p>\n<p class=\"lp-card-podcast-highlighting__title  lp-f-subtitle-05\">Affaire Fiona\u00a0: une fillette disparue\u2026 et l\u2019ombre du mensonge<\/p>\n<p class=\"lp-card-podcast-highlighting__description lp-f-ui-05\">Crime story raconte chaque semaine les grandes affaires criminelles.<\/p>\n<p><a class=\"lp-card-podcast-highlighting__call-to-action\" data-page-type=\"HP\" data-block-name=\"podcast-highlight\">\u00c9couter<\/a><\/p>\n<p class=\"paragraph text_align_left\">L\u2019enqu\u00eate, confi\u00e9e au service local de police judiciaire du commissariat de Besan\u00e7on, se poursuivait mercredi soir.<\/p>\n","protected":false},"excerpt":{"rendered":"Un homme de 21 ans soup\u00e7onn\u00e9 d\u2019avoir voulu tirer sur un passant dans le centre historique de Besan\u00e7on&hellip;\n","protected":false},"author":2,"featured_media":118436,"comment_status":"","ping_status":"","sticky":false,"template":"","format":"standard","meta":{"footnotes":""},"categories":[2],"tags":[11,459,118,1011,27,12,25],"class_list":{"0":"post-118435","1":"post","2":"type-post","3":"status-publish","4":"format-standard","5":"has-post-thumbnail","7":"category-actualites","8":"tag-actualites","9":"tag-departements-horsidfo","10":"tag-faits-divers","11":"tag-fr","12":"tag-france","13":"tag-news","14":"tag-republique-francaise"},"share_on_mastodon":{"url":"https:\/\/pubeurope.com\/@fr\/114549329995161675","error":""},"_links":{"self":[{"href":"https:\/\/www.europesays.com\/fr\/wp-json\/wp\/v2\/posts\/118435","targetHints":{"allow":["GET"]}}],"collection":[{"href":"https:\/\/www.europesays.com\/fr\/wp-json\/wp\/v2\/posts"}],"about":[{"href":"https:\/\/www.europesays.com\/fr\/wp-json\/wp\/v2\/types\/post"}],"author":[{"embeddable":true,"href":"https:\/\/www.europesays.com\/fr\/wp-json\/wp\/v2\/users\/2"}],"replies":[{"embeddable":true,"href":"https:\/\/www.europesays.com\/fr\/wp-json\/wp\/v2\/comments?post=118435"}],"version-history":[{"count":0,"href":"https:\/\/www.europesays.com\/fr\/wp-json\/wp\/v2\/posts\/118435\/revisions"}],"wp:featuredmedia":[{"embeddable":true,"href":"https:\/\/www.europesays.com\/fr\/wp-json\/wp\/v2\/media\/118436"}],"wp:attachment":[{"href":"https:\/\/www.europesays.com\/fr\/wp-json\/wp\/v2\/media?parent=118435"}],"wp:term":[{"taxonomy":"category","embeddable":true,"href":"https:\/\/www.europesays.com\/fr\/wp-json\/wp\/v2\/categories?post=118435"},{"taxonomy":"post_tag","embeddable":true,"href":"https:\/\/www.europesays.com\/fr\/wp-json\/wp\/v2\/tags?post=118435"}],"curies":[{"name":"wp","href":"https:\/\/api.w.org\/{rel}","templated":true}]}}