{"id":118441,"date":"2025-05-22T03:23:21","date_gmt":"2025-05-22T03:23:21","guid":{"rendered":"https:\/\/www.europesays.com\/fr\/118441\/"},"modified":"2025-05-22T03:23:21","modified_gmt":"2025-05-22T03:23:21","slug":"des-championnes-de-volleyball-de-plage","status":"publish","type":"post","link":"https:\/\/www.europesays.com\/fr\/118441\/","title":{"rendered":"Des championnes de volleyball de plage"},"content":{"rendered":"<p><img decoding=\"async\" data-chromatic=\"ignore\" alt=\"La premi&#xE8;re &#xE9;dition du tournoi de volleyball de plage de l&#x2019;&#xE9;cole Monseigneur-Desranleau, de Bedford, a &#xE9;t&#xE9; un succ&#xE8;s sur toute la ligne.&#10;\" class=\"c-image\" loading=\"lazy\" src=\"https:\/\/www.europesays.com\/fr\/wp-content\/uploads\/2025\/05\/P6LTSM7DEJH7RDDHRKXXMEMSDQ.jpg\"  width=\"1200\" height=\"800\"\/><\/p>\n<p class=\"image-metadata__MetadataParagraph-sc-1gfk7p2-0 cAaLKg image-metadata\">La premi\u00e8re \u00e9dition du tournoi de volleyball de plage de l\u2019\u00e9cole Monseigneur-Desranleau, de Bedford, a \u00e9t\u00e9 un succ\u00e8s sur toute la ligne.<br \/>\n (St\u00e9phane Champagne\/La Voix de l&rsquo;Est)<\/p>\n<p><img decoding=\"async\" data-chromatic=\"ignore\" alt=\"La complicit&#xE9; entre les joueuses &#xE9;tait &#xE9;vidente.&#13;        \" class=\"c-image\" loading=\"lazy\" src=\"https:\/\/www.europesays.com\/fr\/wp-content\/uploads\/2025\/05\/Q2Y433MUGBF4JCEN3CEJL7BBNQ.jpg\"  width=\"1200\" height=\"800\"\/><\/p>\n<p class=\"image-metadata__MetadataParagraph-sc-1gfk7p2-0 cAaLKg image-metadata\">La complicit\u00e9 entre les joueuses \u00e9tait \u00e9vidente.&#13;         (St\u00e9phane Champagne\/La Voix de l&rsquo;Est)<\/p>\n<p><img decoding=\"async\" data-chromatic=\"ignore\" alt=\"Grand moment de concentration au moment de servir le ballon.\" class=\"c-image\" loading=\"lazy\" src=\"https:\/\/www.europesays.com\/fr\/wp-content\/uploads\/2025\/05\/KAWJSYVYTBDD3N2H7AG7H3XMAQ.jpg\"  width=\"1200\" height=\"800\"\/><\/p>\n<p class=\"image-metadata__MetadataParagraph-sc-1gfk7p2-0 cAaLKg image-metadata\">Grand moment de concentration au moment de servir le ballon. (St\u00e9phane Champagne\/La Voix de l&rsquo;Est)<\/p>\n<p><img decoding=\"async\" data-chromatic=\"ignore\" alt=\"C&#x2019;est l&#x2019;heure du caucus. &#13;\" class=\"c-image\" loading=\"lazy\" src=\"https:\/\/www.europesays.com\/fr\/wp-content\/uploads\/2025\/05\/YQ4ULDXY35BOFPPMS3YAGWGIPY.jpg\"  width=\"1200\" height=\"800\"\/><\/p>\n<p class=\"image-metadata__MetadataParagraph-sc-1gfk7p2-0 cAaLKg image-metadata\">C\u2019est l\u2019heure du caucus. &#13; (St\u00e9phane Champagne\/La Voix de l&rsquo;Est)<\/p>\n<p><img decoding=\"async\" data-chromatic=\"ignore\" alt=\"Le tournoi s&#x2019;est tenu sur une partie du terrain de la Soci&#xE9;t&#xE9; d&#x2019;agriculture de Missisquoi.&#13;                 \" class=\"c-image\" loading=\"lazy\" src=\"https:\/\/www.europesays.com\/fr\/wp-content\/uploads\/2025\/05\/BQZLVFPIQRF5LCN3JDSHNAJ4V4.jpg\"  width=\"1200\" height=\"800\"\/><\/p>\n<p class=\"image-metadata__MetadataParagraph-sc-1gfk7p2-0 cAaLKg image-metadata\">Le tournoi s\u2019est tenu sur une partie du terrain de la Soci\u00e9t\u00e9 d\u2019agriculture de Missisquoi.&#13;                  (St\u00e9phane Champagne\/La Voix de l&rsquo;Est)<\/p>\n<p><img decoding=\"async\" data-chromatic=\"ignore\" alt=\"On voit ici l&#x2019;ensemble des jeunes athl&#xE8;tes qui ont pris part au tournoi de volleyball de plage. Ces derni&#xE8;res ont re&#xE7;u la visite de la ministre responsable du Sport, du Loisir et du Plein air, Isabelle Charest, de m&#xEA;me que, en arri&#xE8;re-plan, du DG du CSSVDC, Carl Morissette, et du maire de Bedford, Claude Dubois.&#10;\" class=\"c-image\" loading=\"lazy\" src=\"https:\/\/www.europesays.com\/fr\/wp-content\/uploads\/2025\/05\/L5VINBPEWFGG3PYH2Z32MIKKXI.jpg\"  width=\"1200\" height=\"800\"\/><\/p>\n<p class=\"image-metadata__MetadataParagraph-sc-1gfk7p2-0 cAaLKg image-metadata\">On voit ici l\u2019ensemble des jeunes athl\u00e8tes qui ont pris part au tournoi de volleyball de plage. Ces derni\u00e8res ont re\u00e7u la visite de la ministre responsable du Sport, du Loisir et du Plein air, Isabelle Charest, de m\u00eame que, en arri\u00e8re-plan, du DG du CSSVDC, Carl Morissette, et du maire de Bedford, Claude Dubois.<br \/>\n (St\u00e9phane Champagne\/La Voix de l&rsquo;Est)<\/p>\n<p><img decoding=\"async\" data-chromatic=\"ignore\" alt=\"Ce jeune homme ne faisait pas que marquer les points; il encourageait les joueuses &#xE0; pleins poumons.&#13;       \" class=\"c-image\" loading=\"lazy\" src=\"https:\/\/www.europesays.com\/fr\/wp-content\/uploads\/2025\/05\/PZKYYSAN6RHRVE4OXQFVJIHSA4.jpg\"  width=\"1200\" height=\"800\"\/><\/p>\n<p class=\"image-metadata__MetadataParagraph-sc-1gfk7p2-0 cAaLKg image-metadata\">Ce jeune homme ne faisait pas que marquer les points; il encourageait les joueuses \u00e0 pleins poumons.&#13;        (St\u00e9phane Champagne\/La Voix de l&rsquo;Est)<\/p>\n<p><img decoding=\"async\" data-chromatic=\"ignore\" alt=\"Elles n&#x2019;ont peut-&#xEA;tre pas gagn&#xE9; la m&#xE9;daille d&#x2019;or, mais ces joueuses gardaient le sourire avant la remise des m&#xE9;dailles.&#13;  \" class=\"c-image\" loading=\"lazy\" src=\"https:\/\/www.europesays.com\/fr\/wp-content\/uploads\/2025\/05\/3LQNQTMOXJASJES6VQHIYNICVM.jpg\"  width=\"1200\" height=\"800\"\/><\/p>\n<p class=\"image-metadata__MetadataParagraph-sc-1gfk7p2-0 cAaLKg image-metadata\">Elles n\u2019ont peut-\u00eatre pas gagn\u00e9 la m\u00e9daille d\u2019or, mais ces joueuses gardaient le sourire avant la remise des m\u00e9dailles.&#13;   (St\u00e9phane Champagne\/La Voix de l&rsquo;Est)<\/p>\n<p><img decoding=\"async\" data-chromatic=\"ignore\" alt=\"Pour certaines joueuses, le tournoi a pris fin de fa&#xE7;on abrupte. &#13;               \" class=\"c-image\" loading=\"lazy\" src=\"https:\/\/www.europesays.com\/fr\/wp-content\/uploads\/2025\/05\/Y55BR4XVUVE2NPQKGWCBT6EZYY.jpg\"  width=\"1200\" height=\"800\"\/><\/p>\n<p class=\"image-metadata__MetadataParagraph-sc-1gfk7p2-0 cAaLKg image-metadata\">Pour certaines joueuses, le tournoi a pris fin de fa\u00e7on abrupte. &#13;                (St\u00e9phane Champagne\/La Voix de l&rsquo;Est)<\/p>\n","protected":false},"excerpt":{"rendered":"La premi\u00e8re \u00e9dition du tournoi de volleyball de plage de l\u2019\u00e9cole Monseigneur-Desranleau, de Bedford, a \u00e9t\u00e9 un succ\u00e8s&hellip;\n","protected":false},"author":2,"featured_media":118442,"comment_status":"","ping_status":"","sticky":false,"template":"","format":"standard","meta":{"footnotes":""},"categories":[1417],"tags":[1011,27,60,1470,1469],"class_list":{"0":"post-118441","1":"post","2":"type-post","3":"status-publish","4":"format-standard","5":"has-post-thumbnail","7":"category-volley","8":"tag-fr","9":"tag-france","10":"tag-sports","11":"tag-volley","12":"tag-volleyball"},"share_on_mastodon":{"url":"https:\/\/pubeurope.com\/@fr\/114549345906086301","error":""},"_links":{"self":[{"href":"https:\/\/www.europesays.com\/fr\/wp-json\/wp\/v2\/posts\/118441","targetHints":{"allow":["GET"]}}],"collection":[{"href":"https:\/\/www.europesays.com\/fr\/wp-json\/wp\/v2\/posts"}],"about":[{"href":"https:\/\/www.europesays.com\/fr\/wp-json\/wp\/v2\/types\/post"}],"author":[{"embeddable":true,"href":"https:\/\/www.europesays.com\/fr\/wp-json\/wp\/v2\/users\/2"}],"replies":[{"embeddable":true,"href":"https:\/\/www.europesays.com\/fr\/wp-json\/wp\/v2\/comments?post=118441"}],"version-history":[{"count":0,"href":"https:\/\/www.europesays.com\/fr\/wp-json\/wp\/v2\/posts\/118441\/revisions"}],"wp:featuredmedia":[{"embeddable":true,"href":"https:\/\/www.europesays.com\/fr\/wp-json\/wp\/v2\/media\/118442"}],"wp:attachment":[{"href":"https:\/\/www.europesays.com\/fr\/wp-json\/wp\/v2\/media?parent=118441"}],"wp:term":[{"taxonomy":"category","embeddable":true,"href":"https:\/\/www.europesays.com\/fr\/wp-json\/wp\/v2\/categories?post=118441"},{"taxonomy":"post_tag","embeddable":true,"href":"https:\/\/www.europesays.com\/fr\/wp-json\/wp\/v2\/tags?post=118441"}],"curies":[{"name":"wp","href":"https:\/\/api.w.org\/{rel}","templated":true}]}}