{"id":118443,"date":"2025-05-22T03:24:12","date_gmt":"2025-05-22T03:24:12","guid":{"rendered":"https:\/\/www.europesays.com\/fr\/118443\/"},"modified":"2025-05-22T03:24:12","modified_gmt":"2025-05-22T03:24:12","slug":"les-all-blacks-securisent-leur-pepite-wallace-sititi","status":"publish","type":"post","link":"https:\/\/www.europesays.com\/fr\/118443\/","title":{"rendered":"Les All Blacks s\u00e9curisent leur p\u00e9pite Wallace Sititi"},"content":{"rendered":"<p>Il fut s\u00fbrement l\u2019une des r\u00e9v\u00e9lations de la derni\u00e8re campagne de tests-matchs des All Blacks. Lui\u00a0? C\u2019est Wallace Sititi. Avec ses 1m85 pour 113 kilos sur la balance, le troisi\u00e8me ligne n\u00e9o-z\u00e9landais, <strong>\u00e9lu r\u00e9v\u00e9lation de l\u2019ann\u00e9e 2024<\/strong>, a terrifi\u00e9 la plan\u00e8te ovale la saison derni\u00e8re.<\/p>\n<p>Si bien qu\u2019il fut \u00e0 n\u2019en pas douter l\u2019un des meilleurs joueurs \u00e0 la foug\u00e8re argent\u00e9e sur ces pr\u00e9c\u00e9dents mois.<\/p>\n<p>Sititi prolonge avec les Chiefs<\/p>\n<p>\u00c0 seulement 22 ans, celui qui peut aussi bien \u00e9voluer comme flanker que num\u00e9ro 8 a forc\u00e9ment taper dans l\u2019\u0153il de plusieurs formations. Op\u00e9r\u00e9 d\u2019un genou d\u00e9but janvier<strong>, le natif des Samoa a repris la comp\u00e9tition en avril dernier<\/strong> et a inscrit un essai il y a quinze jours, lors de la victoire des Chiefs contre les Crusaders.<\/p>\n<p>Et que les fans n\u00e9o-z\u00e9landais se rassurent, <strong>Wallace Sititi continuera encore d\u2019arpenter les pelouses de Super Rugby<\/strong>. En effet, les All Blacks et les Chiefs <strong>ont annonc\u00e9 la prolongation de leur joyau jusqu\u2019en 2027<\/strong>, date de la prochaine Coupe du Monde. Dans un communiqu\u00e9, le joueur s\u2019est dit ravi de poursuivre l\u2019aventure en Aotearoa\u00a0: \u00ab\u00a0J\u2019adore jouer pour les Chiefs. Leur style de jeu me convient. Il y a encore beaucoup de place pour moi pour grandir et me d\u00e9velopper en tant que joueur et je pense que le meilleur endroit pour moi est ici en Nouvelle-Z\u00e9lande avec les Chiefs\u00a0\u00bb. Son coach chez les Chiefs, Clayton McMillan ne tarit pas d\u2019\u00e9loges \u00e0 son sujet\u00a0: \u00ab\u00a0Wallace est l\u2019un des jeunes joueurs les plus dynamiques du rugby mondial. Il a fait preuve d\u2019une incroyable r\u00e9silience pour surmonter les blessures et revenir encore plus fort. L\u2019\u00e9nergie, les comp\u00e9tences et le physique qu\u2019il apporte \u00e0 chaque match sont contagieux. Nous sommes ravis d\u2019avoir Wallace \u00e0 la t\u00eate de la prochaine g\u00e9n\u00e9ration des Gallagher Chiefs\u00a0\u00bb.<\/p>\n<p>Sititi <strong>aura pour objectif de d\u00e9crocher le Super Rugby Pacific avec les Chiefs<\/strong> dans quelques semaines, avant de probablement retrouver les All Blacks cet \u00e9t\u00e9.<\/p>\n<p>Biberonn\u00e9 au rugby, tomb\u00e9 malade de ce sport lors de la Coupe du Monde 2003, alors que je savais \u00e0 peine marcher, je suis le seul sudiste ayant reni\u00e9 le Stade Toulousain pour l\u2019autre Stade\u2026 Fran\u00e7ais. Condamn\u00e9 \u00e0 souffrir avec mon club de c\u0153ur, j\u2019esp\u00e8re vous transmettre mon amour pour la balle ovale \u00e0 travers XV Ovalie !<\/p>\n","protected":false},"excerpt":{"rendered":"Il fut s\u00fbrement l\u2019une des r\u00e9v\u00e9lations de la derni\u00e8re campagne de tests-matchs des All Blacks. Lui\u00a0? C\u2019est Wallace&hellip;\n","protected":false},"author":2,"featured_media":118444,"comment_status":"","ping_status":"","sticky":false,"template":"","format":"standard","meta":{"footnotes":""},"categories":[1416],"tags":[2305,23919,1011,27,479,1468,60,10662,23920],"class_list":{"0":"post-118443","1":"post","2":"type-post","3":"status-publish","4":"format-standard","5":"has-post-thumbnail","7":"category-rugby","8":"tag-all-blacks","9":"tag-chiefs","10":"tag-fr","11":"tag-france","12":"tag-rugby","13":"tag-rugby-football","14":"tag-sports","15":"tag-transferts","16":"tag-wallace-sititi"},"share_on_mastodon":{"url":"https:\/\/pubeurope.com\/@fr\/114549349644247213","error":""},"_links":{"self":[{"href":"https:\/\/www.europesays.com\/fr\/wp-json\/wp\/v2\/posts\/118443","targetHints":{"allow":["GET"]}}],"collection":[{"href":"https:\/\/www.europesays.com\/fr\/wp-json\/wp\/v2\/posts"}],"about":[{"href":"https:\/\/www.europesays.com\/fr\/wp-json\/wp\/v2\/types\/post"}],"author":[{"embeddable":true,"href":"https:\/\/www.europesays.com\/fr\/wp-json\/wp\/v2\/users\/2"}],"replies":[{"embeddable":true,"href":"https:\/\/www.europesays.com\/fr\/wp-json\/wp\/v2\/comments?post=118443"}],"version-history":[{"count":0,"href":"https:\/\/www.europesays.com\/fr\/wp-json\/wp\/v2\/posts\/118443\/revisions"}],"wp:featuredmedia":[{"embeddable":true,"href":"https:\/\/www.europesays.com\/fr\/wp-json\/wp\/v2\/media\/118444"}],"wp:attachment":[{"href":"https:\/\/www.europesays.com\/fr\/wp-json\/wp\/v2\/media?parent=118443"}],"wp:term":[{"taxonomy":"category","embeddable":true,"href":"https:\/\/www.europesays.com\/fr\/wp-json\/wp\/v2\/categories?post=118443"},{"taxonomy":"post_tag","embeddable":true,"href":"https:\/\/www.europesays.com\/fr\/wp-json\/wp\/v2\/tags?post=118443"}],"curies":[{"name":"wp","href":"https:\/\/api.w.org\/{rel}","templated":true}]}}