{"id":118447,"date":"2025-05-22T03:27:09","date_gmt":"2025-05-22T03:27:09","guid":{"rendered":"https:\/\/www.europesays.com\/fr\/118447\/"},"modified":"2025-05-22T03:27:09","modified_gmt":"2025-05-22T03:27:09","slug":"motogp-alex-rins-accuse-johann-zarco-de-lui-avoir-vole-la-derniere-victoire-honda-et-lcr","status":"publish","type":"post","link":"https:\/\/www.europesays.com\/fr\/118447\/","title":{"rendered":"MotoGP Alex Rins accuse Johann Zarco de lui avoir vol\u00e9 la derni\u00e8re victoire Honda (et LCR) !"},"content":{"rendered":"<p>C\u2019est \u00e9videmment sur le ton de la boutade qu\u2019Alex Rins, dimanche dernier, a accus\u00e9 Johann Zarco de lui avoir vol\u00e9 la derni\u00e8re victoire d\u2019une Honda, et de l\u2019\u00e9quipe satellite LCR. Car pour m\u00e9moire, c\u2019est l\u2019actuel pilote Yamaha qui d\u00e9tenait le dernier succ\u00e8s, avant le Mans, du constructeur Japonais. Cela s\u2019\u00e9tait produit au Grand-Prix des USA, \u00e0 Austin, en 2023.<\/p>\n<p>MotoGP : Alex Rins avait fait le bon choix, lui aussi !<\/p>\n<p>\u00ab Je suis tr\u00e8s en col\u00e8re, Ils m\u2019ont pris ma derni\u00e8re victoire. C\u2019est l\u2019enfer ! C\u2019est tout ce que je peux dire, d\u00e9clarait alors Alex Rins, dans un esprit second degr\u00e9, au Grand-Prix de France de MotoGP. D\u2019ailleurs, il avait fait partie des nombreux pilotes \u00e0 venir f\u00e9liciter chaleureusement Johann Zarco, quelques minutes apr\u00e8s l\u2019arriv\u00e9e, en salle d\u2019interview. \u00ab Je suis tellement heureux pour eux. Je suis vraiment heureux pour Lucio, et pour tous les gars, David, Alberto, Jaume, Dakota, tous les m\u00e9caniciens. Mais putain, ils ont pris ma derni\u00e8re victoire. Je l\u2019ai dit aussi \u00e0 mes gars dans le garage. \u00bb, poursuivait le pilote Espagnol, class\u00e9 douzi\u00e8me de la course en ayant choisi la m\u00eame strat\u00e9gie que JZ5.<\/p>\n<p>Avec moins de r\u00e9ussite et surtout, un coup de guidon moins impressionnant que celui de son coll\u00e8gue v\u00e9ritable sp\u00e9cialiste de la pluie.<\/p>\n<blockquote class=\"twitter-tweet\">\n<p dir=\"ltr\" lang=\"en\">Stars truly aligned for <a href=\"https:\/\/twitter.com\/JohannZarco1?ref_src=twsrc%5Etfw\" target=\"_blank\" rel=\"noopener\">@JohannZarco1<\/a> in Le Mans! \ud83d\udcab<a href=\"https:\/\/twitter.com\/hashtag\/FrenchGP?src=hash&amp;ref_src=twsrc%5Etfw\" target=\"_blank\" rel=\"noopener\">#FrenchGP<\/a> \ud83c\uddeb\ud83c\uddf7 <a href=\"https:\/\/t.co\/gCkDUghHXn\" target=\"_blank\">pic.twitter.com\/gCkDUghHXn<\/a><\/p>\n<p>\u2014 MotoGP\u2122\ud83c\udfc1 (@MotoGP) <a href=\"https:\/\/twitter.com\/MotoGP\/status\/1922324781904347169?ref_src=twsrc%5Etfw\" target=\"_blank\" rel=\"noopener\">May 13, 2025<\/a><\/p>\n<\/blockquote>\n<p>Article publi\u00e9 le 16\/05\/2025 \u00e0 11h59<\/p>\n<p>                                                            <script async src=\"https:\/\/platform.twitter.com\/widgets.js\" charset=\"utf-8\"><\/script><\/p>\n","protected":false},"excerpt":{"rendered":"C\u2019est \u00e9videmment sur le ton de la boutade qu\u2019Alex Rins, dimanche dernier, a accus\u00e9 Johann Zarco de lui&hellip;\n","protected":false},"author":2,"featured_media":118448,"comment_status":"","ping_status":"","sticky":false,"template":"","format":"standard","meta":{"footnotes":""},"categories":[1413],"tags":[22185,1011,27,1741,1457,1456,1458,60],"class_list":{"0":"post-118447","1":"post","2":"type-post","3":"status-publish","4":"format-standard","5":"has-post-thumbnail","7":"category-moto","8":"tag-alex-rins","9":"tag-fr","10":"tag-france","11":"tag-johann-zarco","12":"tag-moto","13":"tag-motocycle","14":"tag-motogp","15":"tag-sports"},"share_on_mastodon":{"url":"https:\/\/pubeurope.com\/@fr\/114549361433039376","error":""},"_links":{"self":[{"href":"https:\/\/www.europesays.com\/fr\/wp-json\/wp\/v2\/posts\/118447","targetHints":{"allow":["GET"]}}],"collection":[{"href":"https:\/\/www.europesays.com\/fr\/wp-json\/wp\/v2\/posts"}],"about":[{"href":"https:\/\/www.europesays.com\/fr\/wp-json\/wp\/v2\/types\/post"}],"author":[{"embeddable":true,"href":"https:\/\/www.europesays.com\/fr\/wp-json\/wp\/v2\/users\/2"}],"replies":[{"embeddable":true,"href":"https:\/\/www.europesays.com\/fr\/wp-json\/wp\/v2\/comments?post=118447"}],"version-history":[{"count":0,"href":"https:\/\/www.europesays.com\/fr\/wp-json\/wp\/v2\/posts\/118447\/revisions"}],"wp:featuredmedia":[{"embeddable":true,"href":"https:\/\/www.europesays.com\/fr\/wp-json\/wp\/v2\/media\/118448"}],"wp:attachment":[{"href":"https:\/\/www.europesays.com\/fr\/wp-json\/wp\/v2\/media?parent=118447"}],"wp:term":[{"taxonomy":"category","embeddable":true,"href":"https:\/\/www.europesays.com\/fr\/wp-json\/wp\/v2\/categories?post=118447"},{"taxonomy":"post_tag","embeddable":true,"href":"https:\/\/www.europesays.com\/fr\/wp-json\/wp\/v2\/tags?post=118447"}],"curies":[{"name":"wp","href":"https:\/\/api.w.org\/{rel}","templated":true}]}}