{"id":118449,"date":"2025-05-22T03:28:16","date_gmt":"2025-05-22T03:28:16","guid":{"rendered":"https:\/\/www.europesays.com\/fr\/118449\/"},"modified":"2025-05-22T03:28:16","modified_gmt":"2025-05-22T03:28:16","slug":"neymar-de-retour-avec-santos-avant-lannonce-de-la-liste-dancelotti-au-bresil","status":"publish","type":"post","link":"https:\/\/www.europesays.com\/fr\/118449\/","title":{"rendered":"Neymar de retour avec Santos avant l\u2019annonce de la liste d\u2019Ancelotti au Br\u00e9sil"},"content":{"rendered":"<p>La star br\u00e9silienne, qui n\u2019a plus jou\u00e9 depuis plus d\u2019un mois, est convoqu\u00e9e avec son club pour un match de Coupe du Br\u00e9sil ce jeudi.<\/p>\n<p class=\"fig-paragraph\"><a href=\"http:\/\/www.lefigaro.fr\/sports\/football\/foot-neymar-reclame-la-suspension-d-un-podcast-retracant-sa-vie-la-justice-le-deboute-20250429\" target=\"_blank\" data-fig-type=\"NewsFlash\" rel=\"noopener\" data-gtm-custom-categorie=\"navigation\" data-gtm-custom-action=\"crossclick\" data-gtm-custom-label=\"Contextuel\" data-gtm-event=\"customEventSPE\" data-fig-domain=\"LEFIGARO\">Neymar<\/a>\u00a0figure dans le groupe de Santos pour un match de Coupe du Br\u00e9sil jeudi et pourrait ainsi rejouer apr\u00e8s plus d&rsquo;un mois d&rsquo;absence sur blessure, cinq jours avant l&rsquo;annonce de la liste\u00a0<a href=\"http:\/\/www.lefigaro.fr\/sports\/football\/foot-il-sait-comment-preparer-les-joueurs-pour-qu-ils-soient-performants-au-bon-moment-raphael-varane-confiant-pour-le-bresil-avec-carlo-ancelotti-20250519\" target=\"_blank\" data-fig-type=\"NewsFlash\" rel=\"noopener\" data-gtm-custom-categorie=\"navigation\" data-gtm-custom-action=\"crossclick\" data-gtm-custom-label=\"Contextuel\" data-gtm-event=\"customEventSPE\" data-fig-domain=\"LEFIGARO\">du nouveau s\u00e9lectionneur Carlo Ancelotti.\u00a0<\/a>L&rsquo;attaquant de 33 ans a voyag\u00e9 mercredi avec le reste de l&rsquo;\u00e9quipe \u00e0 Maceio (nord-est), pour la rencontre face au CRB, a confirm\u00e9 Santos \u00e0 l&rsquo;AFP.<\/p>\n<p class=\"fig-paragraph\">Cette rencontre se jouera dans un stade baptis\u00e9 \u00abRoi Pel\u00e9\u00bb, comme un clin d&rsquo;\u0153il du destin pour Neymar, longtemps consid\u00e9r\u00e9 comme le prince h\u00e9ritier de l&rsquo;\u00e9ternel num\u00e9ro 10 de Santos et de la Sele\u00e7ao. Sur les r\u00e9seaux sociaux, le club a publi\u00e9 une vid\u00e9o montrant l&rsquo;attaquant, qui arbore un nouveau look, les cheveux tress\u00e9s, dire au revoir \u00e0 sa petite fille Mavie, d&rsquo;un an et demi, avant de partir pour Maceio. Selon le site Globoesporte, il devrait d\u00e9buter sur le banc jeudi et pourrait entrer en jeu en seconde p\u00e9riode.<\/p>\n<p>Premier choix fort d\u2019Ancelotti\u00a0?<\/p>\n<p class=\"fig-paragraph\">Neymar n&rsquo;a pas jou\u00e9 depuis le 16 avril, quand il avait d\u00fb \u00eatre remplac\u00e9 avant la mi-temps en raison d&rsquo;une blessure \u00e0 la cuisse, lors d&rsquo;un match de championnat br\u00e9silien contre Atl\u00e9tico Mineiro. De retour \u00e0 Santos, son club formateur, en f\u00e9vrier, il n&rsquo;a disput\u00e9 que neuf rencontres en trois mois, marquant trois buts et distribuant trois passes d\u00e9cisives. Avec son club pr\u00e9c\u00e9dent, Al-Hilal, en Arabie Saoudite, \u00abNey\u00bb n&rsquo;avait jou\u00e9 que sept matches en 17 mois, en raison notamment d&rsquo;une grave blessure au genou qui l&rsquo;a maintenu plus d&rsquo;un an \u00e9loign\u00e9 des terrains.<\/p>\n<p class=\"fig-paragraph\">Meilleur buteur de la Sele\u00e7ao, avec 77 r\u00e9alisations, il pourrait \u00eatre appel\u00e9 lundi par le nouveau s\u00e9lectionneur, l&rsquo;Italien Carlo Ancelotti, pour les matches de qualifications pour le Mondial-2026 contre l&rsquo;\u00c9quateur et le Paraguay, les 5 et 10 juin. Il avait \u00e9t\u00e9 convoqu\u00e9 par Dorival Junior, pr\u00e9d\u00e9cesseur d&rsquo;Ancelotti, pour deux matchs de l&rsquo;\u00e9quipe nationale disput\u00e9s en mars (victoire 2-1 face \u00e0 la Colombie, d\u00e9faite 4-1 contre l&rsquo;Argentine), mais avait d\u00fb d\u00e9clarer forfait en raison d&rsquo;une \u00e9ni\u00e8me blessure.<\/p>\n","protected":false},"excerpt":{"rendered":"La star br\u00e9silienne, qui n\u2019a plus jou\u00e9 depuis plus d\u2019un mois, est convoqu\u00e9e avec son club pour un&hellip;\n","protected":false},"author":2,"featured_media":118450,"comment_status":"","ping_status":"","sticky":false,"template":"","format":"standard","meta":{"footnotes":""},"categories":[1412],"tags":[454,69,448,83,451,64,450,449,1451,1452,1453,1454,1455,1011,27,452,453,66,446,447,23921,70,60,455],"class_list":{"0":"post-118449","1":"post","2":"type-post","3":"status-publish","4":"format-standard","5":"has-post-thumbnail","7":"category-f1","8":"tag-ballon-dor","9":"tag-bundesliga","10":"tag-champions-league","11":"tag-coupe-de-france","12":"tag-coupe-du-monde","13":"tag-equipe-de-france","14":"tag-euro","15":"tag-europa-league","16":"tag-f1","17":"tag-formula-1","18":"tag-formula1","19":"tag-formule-1","20":"tag-formule1","21":"tag-fr","22":"tag-france","23":"tag-italie","24":"tag-liga","25":"tag-ligue-1","26":"tag-ligue-2","27":"tag-ligue-des-champions","28":"tag-neymar","29":"tag-premier-league","30":"tag-sports","31":"tag-uefa"},"share_on_mastodon":{"url":"https:\/\/pubeurope.com\/@fr\/114549365401540917","error":""},"_links":{"self":[{"href":"https:\/\/www.europesays.com\/fr\/wp-json\/wp\/v2\/posts\/118449","targetHints":{"allow":["GET"]}}],"collection":[{"href":"https:\/\/www.europesays.com\/fr\/wp-json\/wp\/v2\/posts"}],"about":[{"href":"https:\/\/www.europesays.com\/fr\/wp-json\/wp\/v2\/types\/post"}],"author":[{"embeddable":true,"href":"https:\/\/www.europesays.com\/fr\/wp-json\/wp\/v2\/users\/2"}],"replies":[{"embeddable":true,"href":"https:\/\/www.europesays.com\/fr\/wp-json\/wp\/v2\/comments?post=118449"}],"version-history":[{"count":0,"href":"https:\/\/www.europesays.com\/fr\/wp-json\/wp\/v2\/posts\/118449\/revisions"}],"wp:featuredmedia":[{"embeddable":true,"href":"https:\/\/www.europesays.com\/fr\/wp-json\/wp\/v2\/media\/118450"}],"wp:attachment":[{"href":"https:\/\/www.europesays.com\/fr\/wp-json\/wp\/v2\/media?parent=118449"}],"wp:term":[{"taxonomy":"category","embeddable":true,"href":"https:\/\/www.europesays.com\/fr\/wp-json\/wp\/v2\/categories?post=118449"},{"taxonomy":"post_tag","embeddable":true,"href":"https:\/\/www.europesays.com\/fr\/wp-json\/wp\/v2\/tags?post=118449"}],"curies":[{"name":"wp","href":"https:\/\/api.w.org\/{rel}","templated":true}]}}