{"id":118455,"date":"2025-05-22T03:31:10","date_gmt":"2025-05-22T03:31:10","guid":{"rendered":"https:\/\/www.europesays.com\/fr\/118455\/"},"modified":"2025-05-22T03:31:10","modified_gmt":"2025-05-22T03:31:10","slug":"louane-apres-son-echec-a-leurovision-elle-annonce-son-mariage-avec-florian-rossi","status":"publish","type":"post","link":"https:\/\/www.europesays.com\/fr\/118455\/","title":{"rendered":"Louane : apr\u00e8s son \u00e9chec \u00e0 l&rsquo;Eurovision, elle annonce son mariage avec Florian Rossi"},"content":{"rendered":"<p>Un \u00e9chec qu\u2019elle va rapidement oublier. Notamment parce qu\u2019elle va bient\u00f4t <a href=\"https:\/\/www.public.fr\/louane-apres-sa-defaite-a-leurovision-son-nouveau-projet-loin-de-la-france\" target=\"_blank\" rel=\"noopener\">partir en tourn\u00e9e<\/a>, car elle va promouvoir son best-of, mais aussi parce qu\u2019elle <strong>s\u2019appr\u00eate \u00e0 dire officiellement \u00ab\u00a0oui\u00a0\u00bb<\/strong> \u00e0 l\u2019homme qui partage sa vie depuis 2018 : Florian Rossi. En effet, <a href=\"https:\/\/www.public.fr\/tag\/louane\" target=\"_blank\" rel=\"noopener\">Louane<\/a> va <strong>bient\u00f4t se marier.<\/strong><\/p>\n<p>C\u2019est sur le plateau de <strong>\u00ab\u00a0Quotidien\u00a0\u00bb<\/strong> que <a href=\"https:\/\/vsd.fr\/tag\/louane\/\" target=\"_blank\" rel=\"noopener\">la chanteuse de 28 ans<\/a> a annonc\u00e9 la bonne nouvelle, ce mercredi 21 mai 2025. Face \u00e0 <a href=\"https:\/\/www.public.fr\/tag\/yann-barthes\" target=\"_blank\" rel=\"noopener\">Yann Barth\u00e8s<\/a>, l\u2019interpr\u00e8te de <strong>\u00ab\u00a0maman\u00a0\u00bb<\/strong> a accept\u00e9 de revenir sur l\u2019\u00e9chec et sa septi\u00e8me place au concours de l\u2019Eurovision, samedi dernier \u00e0 B\u00e2le.<\/p>\n<p>7e \u00e0 l&rsquo;Eurovision, mais pas d\u00e9\u00e7ue<\/p>\n<p>Dans les favoris depuis plusieurs semaines, de nombreux sp\u00e9cialistes \u00e9taient persuad\u00e9s que Louane finirait au moins dans le Top 5. La d\u00e9sillusion fut grande lorsque les Fran\u00e7ais et les fans de la chanteuse d\u00e9couvraient qu\u2019elle terminait \u00ab\u00a0seulement\u00a0\u00bb septi\u00e8me.\u00a0<\/p>\n<p>N\u00e9anmoins, si la compagne de Florian Rossi a eu du mal \u00e0 dig\u00e9rer la nouvelle au d\u00e9part, elle va beaucoup mieux \u00e0 pr\u00e9sent comme en attestent ses d\u00e9clarations sur le plateau de<strong> \u00ab\u00a0Quotidien\u00a0\u00bb<\/strong>. \u00ab\u00a0C\u2019est un concours. Je n\u2019ai pas d\u2019analyse \u00e0 faire. Sur le moment, il se passe ce qu\u2019il se passe. Soit \u00e7a touche, soit \u00e7a ne touche pas. Moi, 7, \u00e7a me va tr\u00e8s bien\u00a0\u00bb, a-t-elle assur\u00e9 \u00e0 Yann Barth\u00e8s.<\/p>\n<p>Avant de poursuivre : \u00ab\u00a0C\u2019\u00e9tait \u00e0 la fois ing\u00e9rable et totalement incroyable. Franchement, \u00e7a va\u00a0\u00bb. \u00ab\u00a0Oui, c\u2019est un ascenseur \u00e9motionnel mais je n\u2019ai pas connu d\u2019aventures telle que celle-ci. Je ne relativise pas. Je pense que j\u2019ai \u00e9t\u00e9 tellement bien entour\u00e9e que c\u2019\u00e9tait vachement plus calme que ce \u00e0 quoi je m\u2019attendais pour moi, psychologiquement\u00a0\u00bb, assure une nouvelle fois Louane.\u00a0<\/p>\n<p>Des projets \u00e0 venir pour Louane, et notamment un mariage <\/p>\n<p>D\u00e9sormais, elle va pouvoir tourner la page et se consacrer \u00e0 de nouveaux projets. Notamment sa tourn\u00e9e europ\u00e9enne qu\u2019elle a r\u00e9cemment annonc\u00e9e, mais aussi l\u2019un des jours les plus importants de sa vie \u00e0 venir.\u00a0<\/p>\n<p>C\u2019est au moment o\u00f9 Yann Barth\u00e8s lui a demand\u00e9 si, techniquement, elle avait le droit de retenter sa chance \u00e0 l\u2019Eurovision que Louane a fait cette r\u00e9v\u00e9lation. Pour r\u00e9pondre \u00e0 la question de l\u2019animateur, la chanteuse de 28 ans a confirm\u00e9 le fait qu\u2019elle pouvait \u00e0 nouveau repr\u00e9senter la France l\u2019an prochain.<\/p>\n<p>Toutefois, son agenda va l\u2019en priver. Pour rappel, elle doit assurer sa tourn\u00e9e europ\u00e9enne mais aussi parce qu\u2019elle <strong>\u00ab\u00a0se marie\u00a0\u00bb<\/strong> comme elle l\u2019a annonc\u00e9 en direct.<strong> Elle a n\u00e9anmoins gard\u00e9 le secret sur la date de son union \u00e0 venir avec Florian Rossi.\u00a0<\/strong><\/p>\n<p>      Mentionn\u00e9s dans cet article<\/p>\n<p>\u00c0 lire aussi<\/p>\n","protected":false},"excerpt":{"rendered":"Un \u00e9chec qu\u2019elle va rapidement oublier. Notamment parce qu\u2019elle va bient\u00f4t partir en tourn\u00e9e, car elle va promouvoir&hellip;\n","protected":false},"author":2,"featured_media":118456,"comment_status":"","ping_status":"","sticky":false,"template":"","format":"standard","meta":{"footnotes":""},"categories":[1359],"tags":[8753,58,59,1011,27,4501,1930,973,1404,1405],"class_list":{"0":"post-118455","1":"post","2":"type-post","3":"status-publish","4":"format-standard","5":"has-post-thumbnail","7":"category-people","8":"tag-concours-eurovision-de-la-chanson","9":"tag-divertissement","10":"tag-entertainment","11":"tag-fr","12":"tag-france","13":"tag-louane","14":"tag-mariage","15":"tag-people","16":"tag-quotidien","17":"tag-yann-barthes"},"share_on_mastodon":{"url":"https:\/\/pubeurope.com\/@fr\/114549377168037238","error":""},"_links":{"self":[{"href":"https:\/\/www.europesays.com\/fr\/wp-json\/wp\/v2\/posts\/118455","targetHints":{"allow":["GET"]}}],"collection":[{"href":"https:\/\/www.europesays.com\/fr\/wp-json\/wp\/v2\/posts"}],"about":[{"href":"https:\/\/www.europesays.com\/fr\/wp-json\/wp\/v2\/types\/post"}],"author":[{"embeddable":true,"href":"https:\/\/www.europesays.com\/fr\/wp-json\/wp\/v2\/users\/2"}],"replies":[{"embeddable":true,"href":"https:\/\/www.europesays.com\/fr\/wp-json\/wp\/v2\/comments?post=118455"}],"version-history":[{"count":0,"href":"https:\/\/www.europesays.com\/fr\/wp-json\/wp\/v2\/posts\/118455\/revisions"}],"wp:featuredmedia":[{"embeddable":true,"href":"https:\/\/www.europesays.com\/fr\/wp-json\/wp\/v2\/media\/118456"}],"wp:attachment":[{"href":"https:\/\/www.europesays.com\/fr\/wp-json\/wp\/v2\/media?parent=118455"}],"wp:term":[{"taxonomy":"category","embeddable":true,"href":"https:\/\/www.europesays.com\/fr\/wp-json\/wp\/v2\/categories?post=118455"},{"taxonomy":"post_tag","embeddable":true,"href":"https:\/\/www.europesays.com\/fr\/wp-json\/wp\/v2\/tags?post=118455"}],"curies":[{"name":"wp","href":"https:\/\/api.w.org\/{rel}","templated":true}]}}