{"id":118466,"date":"2025-05-22T03:39:12","date_gmt":"2025-05-22T03:39:12","guid":{"rendered":"https:\/\/www.europesays.com\/fr\/118466\/"},"modified":"2025-05-22T03:39:12","modified_gmt":"2025-05-22T03:39:12","slug":"adriana-karembeu-au-carre-melanie-thierry-sublime-julian-assange-et-sa-femme-le-grand-bal-sur-les-marches-de-cannes","status":"publish","type":"post","link":"https:\/\/www.europesays.com\/fr\/118466\/","title":{"rendered":"Adriana Karembeu au carr\u00e9, M\u00e9lanie Thierry sublime, Julian Assange et sa femme&#8230; Le grand bal sur les marches de Cannes"},"content":{"rendered":"<p><strong>MONT\u00c9E DES MARCHES. JOUR 9. <\/strong>Ce mercredi 20 mai, le tapis rouge de la Croisette a accueilli les \u00e9quipes des films Connemara et The History of Sound.<\/p>\n<p class=\"fig-paragraph\">Un mercredi presque timide sur la Croisette&#8230; Au\u00a0<a href=\"https:\/\/madame.lefigaro.fr\/tag\/festival-de-cannes\" target=\"_blank\" rel=\"noopener\" data-gtm-custom-categorie=\"navigation\" data-gtm-custom-action=\"crossclick\" data-gtm-custom-label=\"Contextuel\" data-gtm-event=\"customEventSPE\">Festival de Cannes<\/a>\u00a0ce mercredi 20 mai, les stars hollywoodiennes ont c\u00e9d\u00e9 leur place \u00e0 deux films plus m\u00e9lancoliques. Sous les cr\u00e9pitements des flashs,\u00a0<a href=\"https:\/\/madame.lefigaro.fr\/tag\/melanie-thierry\" target=\"_blank\" rel=\"noopener\" data-gtm-custom-categorie=\"navigation\" data-gtm-custom-action=\"crossclick\" data-gtm-custom-label=\"Contextuel\" data-gtm-event=\"customEventSPE\">M\u00e9lanie Thierry<\/a>,\u00a0<a href=\"http:\/\/madame.lefigaro.fr\/celebrites\/cinema\/melanie-thierry-et-bastien-bouillon-20250510\" target=\"_blank\" data-fig-type=\"Article\" rel=\"noopener\" data-gtm-custom-categorie=\"navigation\" data-gtm-custom-action=\"crossclick\" data-gtm-custom-label=\"Contextuel\" data-gtm-event=\"customEventSPE\" data-fig-domain=\"MADAME\">Bastien Bouillon<\/a>\u00a0et\u00a0<a href=\"https:\/\/madame.lefigaro.fr\/tag\/alex-lutz\" target=\"_blank\" rel=\"noopener\" data-gtm-custom-categorie=\"navigation\" data-gtm-custom-action=\"crossclick\" data-gtm-custom-label=\"Contextuel\" data-gtm-event=\"customEventSPE\">Alex Lutz<\/a>\u00a0ont d\u2019abord foul\u00e9 le tapis rouge pour Connemara, adaptation du roman de Nicolas Mathieu. L\u2019histoire d\u2019H\u00e9l\u00e8ne (M\u00e9lanie Thierry) et Christophe (Bastien Bouillon) qui se retrouvent par hasard, apr\u00e8s des trajectoires oppos\u00e9es\u00a0: elle, revenue de Paris apr\u00e8s un burn-out, lui, rest\u00e9 dans sa ville natale, cramponn\u00e9 \u00e0 ses patins de hockey et \u00e0 ses regrets.<\/p>\n<p class=\"fig-paragraph\">Au moment de fouler le tapis rouge, Alex Lutz a sembl\u00e9 quelque peu nerveux. Mais l\u2019acteur et r\u00e9alisateur a heureusement retrouv\u00e9 le sourire aux c\u00f4t\u00e9s de son \u00e9quipe, en particulier son h\u00e9ro\u00efne principale M\u00e9lanie Thierry. Pour l\u2019occasion, l\u2019actrice avait opt\u00e9 pour une longue et chic robe noire AMI, agr\u00e9ment\u00e9e d\u2019une cape transparente.<\/p>\n<p>\u00a0\u00bb<br \/>\n        data-script=\u00a0\u00bbhttps:\/\/static.lefigaro.fr\/widget-video\/short-ttl\/video\/index.js\u00a0\u00bb<br \/>\n    &gt;<\/p>\n<p>Le couple Assange et les mots \u00abStop Killing\u00bb<\/p>\n<p class=\"fig-paragraph\">Quelques instants plus t\u00f4t, la Croisette avait vu l\u2019apparition de\u00a0<a href=\"https:\/\/madame.lefigaro.fr\/tag\/julian-assange\" target=\"_blank\" rel=\"noopener\" data-gtm-custom-categorie=\"navigation\" data-gtm-custom-action=\"crossclick\" data-gtm-custom-label=\"Contextuel\" data-gtm-event=\"customEventSPE\">Julian Assange<\/a>, venu \u00e0 Cannes pour le documentaire qui lui est consacr\u00e9, The Six Billion Dollar Man. Le fondateur de Wikileaks a foul\u00e9 le tapis rouge le bras autour de l\u2019\u00e9paule de son \u00e9pouse, l\u2019avocate sud-africaine\u00a0<a href=\"http:\/\/madame.lefigaro.fr\/societe\/portrait\/stella-morris-l-avocate-sud-africaine-avec-qui-julian-assange-s-est-marie-en-prison-20220323\" target=\"_blank\" data-fig-type=\"Article\" rel=\"noopener\" data-gtm-custom-categorie=\"navigation\" data-gtm-custom-action=\"crossclick\" data-gtm-custom-label=\"Contextuel\" data-gtm-event=\"customEventSPE\" data-fig-domain=\"MADAME\">Stella Morris<\/a>. Laquelle avait \u00e9pingl\u00e9 sur sa robe Vivienne Westwood en taffetas une broche DIY de la d\u00e9funte styliste britannique, avec son portrait et les mots \u00abStop Killing\u00bb. \u00abUn message sur la crise humanitaire et l\u2019effondrement des droits de l\u2019homme &#8211; fondamental pour le combat de Vivienne\u00bb, lit-on dans un communiqu\u00e9 que la marque Vivienne Westwood nous a fait parvenir.<\/p>\n<p class=\"fig-body-link&#10;    \">\n            \u00c0 lire aussi<br \/>\n        <a class=\"fig-body-link__link\" href=\"http:\/\/madame.lefigaro.fr\/celebrites\/actu-people\/l-homme-qui-valait-6-milliards-de-dollars-julian-assange-apparait-detendu-a-cannes-avec-sa-femme-stella-morris-20250520\" data-fig-type=\"Article\" data-gtm-custom-categorie=\"navigation\" data-gtm-custom-action=\"crossclick\" data-gtm-custom-label=\"Contextuel\" data-gtm-event=\"customEventSPE\" data-fig-domain=\"MADAME\" target=\"_blank\" rel=\"noopener\">\u00abL\u2019homme qui valait 6 milliards de dollars\u00bb\u00a0: Julian Assange appara\u00eet d\u00e9tendu \u00e0 Cannes avec sa femme Stella Morris<\/a>\n<\/p>\n<p>Paul Mescal en majest\u00e9<\/p>\n<p class=\"fig-paragraph\">Un autre film \u00e9tait tr\u00e8s attendu ce mercredi\u00a0: The History of Sound du Sud-Africain d\u2019Oliver Hermanus, en comp\u00e9tition officielle. Adapt\u00e9 d\u2019une nouvelle de Ben Shattuck, le film explore la naissance d\u2019un amour entre deux jeunes hommes en 1917, \u00e0 la veille d\u2019un d\u00e9part pour le front. Les hurlements aux abords du Palais des festivals ont pr\u00e9venu de l\u2019arriv\u00e9e sur le tapis rouge de\u00a0<a href=\"https:\/\/madame.lefigaro.fr\/tag\/paul-mescal\" target=\"_blank\" rel=\"noopener\" data-gtm-custom-categorie=\"navigation\" data-gtm-custom-action=\"crossclick\" data-gtm-custom-label=\"Contextuel\" data-gtm-event=\"customEventSPE\">Paul Mescal<\/a>, l\u2019acteur irlandais que tout le monde s\u2019arrache. Il a notamment crev\u00e9 l\u2019\u00e9cran dans la s\u00e9rie Normal People et le long-m\u00e9trage Aftersun avant d\u2019enfiler l\u2019armure dans Gladiator 2. Son c\u00e9l\u00e8bre acolyte dans The History of Sound,\u00a0<a href=\"https:\/\/madame.lefigaro.fr\/celebrites\/the-crown-saison-4-interview-emma-corrin-et-josh-oconnor-acteurs-lady-diana-et-du-prince-charles-131120-183401\" target=\"_blank\" data-fig-type=\"Article\" rel=\"noopener\" data-gtm-custom-categorie=\"navigation\" data-gtm-custom-action=\"crossclick\" data-gtm-custom-label=\"Contextuel\" data-gtm-event=\"customEventSPE\" data-fig-domain=\"MADAME\">Josh O\u2019Connor<\/a>, a quant \u00e0 lui brill\u00e9 par son absence sur la Croisette, le Britannique ayant \u00e9t\u00e9 pris par un tournage.<\/p>\n","protected":false},"excerpt":{"rendered":"MONT\u00c9E DES MARCHES. JOUR 9. Ce mercredi 20 mai, le tapis rouge de la Croisette a accueilli les&hellip;\n","protected":false},"author":2,"featured_media":118467,"comment_status":"","ping_status":"","sticky":false,"template":"","format":"standard","meta":{"footnotes":""},"categories":[8],"tags":[998,988,991,7306,1000,993,58,994,59,992,5634,638,1011,27,997,977,999,989,995,973,990,996],"class_list":{"0":"post-118466","1":"post","2":"type-post","3":"status-publish","4":"format-standard","5":"has-post-thumbnail","7":"category-divertissement","8":"tag-accessoire","9":"tag-actu-mode","10":"tag-actualite-mode","11":"tag-cannes","12":"tag-celebrites","13":"tag-defiles","14":"tag-divertissement","15":"tag-egerie-mode","16":"tag-entertainment","17":"tag-fashion-week","18":"tag-festival-de-cannes","19":"tag-figaro","20":"tag-fr","21":"tag-france","22":"tag-lingerie","23":"tag-madame","24":"tag-mode-fashion-femme","25":"tag-mode-femme","26":"tag-nouvelle-tendance","27":"tag-people","28":"tag-tendance-mode","29":"tag-vetement"},"share_on_mastodon":{"url":"https:\/\/pubeurope.com\/@fr\/114549408660484074","error":""},"_links":{"self":[{"href":"https:\/\/www.europesays.com\/fr\/wp-json\/wp\/v2\/posts\/118466","targetHints":{"allow":["GET"]}}],"collection":[{"href":"https:\/\/www.europesays.com\/fr\/wp-json\/wp\/v2\/posts"}],"about":[{"href":"https:\/\/www.europesays.com\/fr\/wp-json\/wp\/v2\/types\/post"}],"author":[{"embeddable":true,"href":"https:\/\/www.europesays.com\/fr\/wp-json\/wp\/v2\/users\/2"}],"replies":[{"embeddable":true,"href":"https:\/\/www.europesays.com\/fr\/wp-json\/wp\/v2\/comments?post=118466"}],"version-history":[{"count":0,"href":"https:\/\/www.europesays.com\/fr\/wp-json\/wp\/v2\/posts\/118466\/revisions"}],"wp:featuredmedia":[{"embeddable":true,"href":"https:\/\/www.europesays.com\/fr\/wp-json\/wp\/v2\/media\/118467"}],"wp:attachment":[{"href":"https:\/\/www.europesays.com\/fr\/wp-json\/wp\/v2\/media?parent=118466"}],"wp:term":[{"taxonomy":"category","embeddable":true,"href":"https:\/\/www.europesays.com\/fr\/wp-json\/wp\/v2\/categories?post=118466"},{"taxonomy":"post_tag","embeddable":true,"href":"https:\/\/www.europesays.com\/fr\/wp-json\/wp\/v2\/tags?post=118466"}],"curies":[{"name":"wp","href":"https:\/\/api.w.org\/{rel}","templated":true}]}}