{"id":118472,"date":"2025-05-22T03:42:08","date_gmt":"2025-05-22T03:42:08","guid":{"rendered":"https:\/\/www.europesays.com\/fr\/118472\/"},"modified":"2025-05-22T03:42:08","modified_gmt":"2025-05-22T03:42:08","slug":"kim-jong-un-denonce-un-accident-grave-lors-de-la-ceremonie-de-lancement-dun-navire-de-guerre","status":"publish","type":"post","link":"https:\/\/www.europesays.com\/fr\/118472\/","title":{"rendered":"Kim Jong-un d\u00e9nonce un accident \u00abgrave\u00bb lors de la c\u00e9r\u00e9monie de lancement d&rsquo;un navire de guerre"},"content":{"rendered":"<p class=\"fig-paragraph\">Un \u00abgrave accident\u00bb s&rsquo;est produit lors d&rsquo;une c\u00e9r\u00e9monie de lancement d&rsquo;un navire de guerre\u00a0<a href=\"https:\/\/www.lefigaro.fr\/tag\/coree-du-nord\" target=\"_blank\" rel=\"noopener\" data-gtm-custom-categorie=\"navigation\" data-gtm-custom-action=\"crossclick\" data-gtm-custom-label=\"Contextuel\" data-gtm-event=\"customEventSPE\">nord-cor\u00e9en<\/a>, a d\u00e9nonc\u00e9 jeudi 22 mai le dirigeant Kim Jong-un, \u00e9voquant un \u00abacte criminel\u00bb, selon l\u2019agence officielle du royaume ermite.<\/p>\n<p class=\"fig-paragraph\">Lors d&rsquo;une c\u00e9r\u00e9monie de lancement d&rsquo;<a href=\"http:\/\/www.lefigaro.fr\/international\/la-coree-du-nord-construit-son-plus-grand-navire-de-guerre-selon-des-photos-satellites-20250414\" target=\"_blank\" data-fig-type=\"NewsFlash\" rel=\"noopener\" data-gtm-custom-categorie=\"navigation\" data-gtm-custom-action=\"crossclick\" data-gtm-custom-label=\"Contextuel\" data-gtm-event=\"customEventSPE\" data-fig-domain=\"LEFIGARO\">un destroyer<\/a>\u00a0de 5.000 tonnes dans la ville portuaire de Chongjin (nord-est) mercredi, \u00abun grave accident s&rsquo;est produit\u00bb, a d\u00e9clar\u00e9 l&rsquo;agence de presse officielle KCNA. Kim Jong-un a assist\u00e9 \u00e0 l&rsquo;ensemble de la s\u00e9quence et d\u00e9clar\u00e9 qu&rsquo;il s&rsquo;agissait d&rsquo;un \u00abacte criminel caus\u00e9 par une n\u00e9gligence absolue\u00bb qui \u00abne pouvait \u00eatre tol\u00e9r\u00e9\u00bb. Pointant du doigt \u00abl&rsquo;inexp\u00e9rience du commandement et la n\u00e9gligence op\u00e9rationnelle\u00bb lors du lancement, l&rsquo;agence a pr\u00e9cis\u00e9 que \u00abcertaines sections du fond du navire de guerre ont \u00e9t\u00e9 broy\u00e9es\u00bb et que l&rsquo;accident a \u00abd\u00e9truit l&rsquo;\u00e9quilibre du navire de guerre\u00bb. Kim Jong-un a d\u00e9clar\u00e9 que les \u00aberreurs irresponsables\u00bb des fonctionnaires coupables seraient \u00abtrait\u00e9es lors de la r\u00e9union pl\u00e9ni\u00e8re du Comit\u00e9 central du Parti qui se tiendra le mois prochain\u00bb.<\/p>\n<p class=\"fig-paragraph\">Le nom du bateau n&rsquo;a pas \u00e9t\u00e9 pr\u00e9cis\u00e9. Le mois dernier, Pyongyang avait d\u00e9voil\u00e9\u00a0<a href=\"http:\/\/www.lefigaro.fr\/flash-actu\/la-coree-du-nord-devoile-un-nouveau-navire-de-guerre-probablement-capable-d-emporter-des-armes-nucleaires-tactiques-20250426\" target=\"_blank\" data-fig-type=\"NewsFlash\" rel=\"noopener\" data-gtm-custom-categorie=\"navigation\" data-gtm-custom-action=\"crossclick\" data-gtm-custom-label=\"Contextuel\" data-gtm-event=\"customEventSPE\" data-fig-domain=\"LEFIGARO\">un navire de classe destroyer de 5.000 tonnes, baptis\u00e9 Choe Hyon<\/a> . \u00c0 l\u2019\u00e9poque, les m\u00e9dias d&rsquo;\u00c9tat avaient diffus\u00e9 des images de Kim assistant \u00e0 une c\u00e9r\u00e9monie en compagnie de sa fille Ju Ae, consid\u00e9r\u00e9e par de nombreux experts comme appel\u00e9e \u00e0 lui succ\u00e9der. La Cor\u00e9e du Nord avait affirm\u00e9 que le navire \u00e9tait \u00e9quip\u00e9 des \u00abarmes les plus puissantes\u00bb et qu&rsquo;il \u00abentrerait en service au d\u00e9but de l&rsquo;ann\u00e9e prochaine\u00bb. Selon certains experts, le Choe Hyon pourrait \u00eatre susceptible d&rsquo;\u00eatre \u00e9quip\u00e9 de missiles nucl\u00e9aires tactiques \u00e0 courte port\u00e9e, bien que la Cor\u00e9e du Nord n&rsquo;ait pas prouv\u00e9 qu&rsquo;elle \u00e9tait capable de miniaturiser ses armes nucl\u00e9aires.<\/p>\n","protected":false},"excerpt":{"rendered":"Un \u00abgrave accident\u00bb s&rsquo;est produit lors d&rsquo;une c\u00e9r\u00e9monie de lancement d&rsquo;un navire de guerre\u00a0nord-cor\u00e9en, a d\u00e9nonc\u00e9 jeudi 22&hellip;\n","protected":false},"author":2,"featured_media":118473,"comment_status":"","ping_status":"","sticky":false,"template":"","format":"standard","meta":{"footnotes":""},"categories":[5],"tags":[1111,47,11,1109,13987,1112,118,1108,107,1106,1107,1011,27,1110,1114,14,12,1113,316,28],"class_list":{"0":"post-118472","1":"post","2":"type-post","3":"status-publish","4":"format-standard","5":"has-post-thumbnail","7":"category-international","8":"tag-actu","9":"tag-actualite","10":"tag-actualites","11":"tag-breves","12":"tag-coree-du-nord","13":"tag-depeches","14":"tag-faits-divers","15":"tag-fil","16":"tag-fil-info","17":"tag-flash","18":"tag-flash-actu","19":"tag-fr","20":"tag-france","21":"tag-informations","22":"tag-infos","23":"tag-international","24":"tag-news","25":"tag-nouvelles","26":"tag-politique","27":"tag-world"},"share_on_mastodon":{"url":"https:\/\/pubeurope.com\/@fr\/114549420420817715","error":""},"_links":{"self":[{"href":"https:\/\/www.europesays.com\/fr\/wp-json\/wp\/v2\/posts\/118472","targetHints":{"allow":["GET"]}}],"collection":[{"href":"https:\/\/www.europesays.com\/fr\/wp-json\/wp\/v2\/posts"}],"about":[{"href":"https:\/\/www.europesays.com\/fr\/wp-json\/wp\/v2\/types\/post"}],"author":[{"embeddable":true,"href":"https:\/\/www.europesays.com\/fr\/wp-json\/wp\/v2\/users\/2"}],"replies":[{"embeddable":true,"href":"https:\/\/www.europesays.com\/fr\/wp-json\/wp\/v2\/comments?post=118472"}],"version-history":[{"count":0,"href":"https:\/\/www.europesays.com\/fr\/wp-json\/wp\/v2\/posts\/118472\/revisions"}],"wp:featuredmedia":[{"embeddable":true,"href":"https:\/\/www.europesays.com\/fr\/wp-json\/wp\/v2\/media\/118473"}],"wp:attachment":[{"href":"https:\/\/www.europesays.com\/fr\/wp-json\/wp\/v2\/media?parent=118472"}],"wp:term":[{"taxonomy":"category","embeddable":true,"href":"https:\/\/www.europesays.com\/fr\/wp-json\/wp\/v2\/categories?post=118472"},{"taxonomy":"post_tag","embeddable":true,"href":"https:\/\/www.europesays.com\/fr\/wp-json\/wp\/v2\/tags?post=118472"}],"curies":[{"name":"wp","href":"https:\/\/api.w.org\/{rel}","templated":true}]}}