{"id":118476,"date":"2025-05-22T03:44:12","date_gmt":"2025-05-22T03:44:12","guid":{"rendered":"https:\/\/www.europesays.com\/fr\/118476\/"},"modified":"2025-05-22T03:44:12","modified_gmt":"2025-05-22T03:44:12","slug":"college-stanislas-blanchi-les-inspecteurs-confirment-sous-serment-lintervention-de-la-numero-deux-du-ministere-mediapart","status":"publish","type":"post","link":"https:\/\/www.europesays.com\/fr\/118476\/","title":{"rendered":"Coll\u00e8ge Stanislas \u00ab blanchi \u00bb : les inspecteurs confirment sous serment l\u2019intervention de la num\u00e9ro deux du minist\u00e8re &#8211; Mediapart"},"content":{"rendered":"<ol>\n<li><a href=\"https:\/\/news.google.com\/rss\/articles\/CBMi6AFBVV95cUxNR01fREhkUl9CNld4a3BNRlgwYW54WnFsU3VWS3cyTjZUd0JTQ0hyUjNudUJ5M01CcnUtYklEZEtYbEFPRjNiTkJnTS1qVlpvbjRoWG80NVFLSkVQaUxxUTJvLVFrZTVEXzZzS3BQSVZneUJBWXJKQkgydWdubzdOb29LT3lqZFNFd1IxTTdpYjZFSXF2UmxOWkUxcENBU2UxUEwyYVBUbVdsUTdkWDRsYVMwUEpKR1FoUDlBbjNKc1dXWFQwNEJBQS1fQzZYR1VXY1JDbmN2WUtiNkJFUENqSDg1QURDV1ZI?oc=5\" target=\"_blank\" rel=\"noopener\">Coll\u00e8ge Stanislas \u00ab blanchi \u00bb : les inspecteurs confirment sous serment l\u2019intervention de la num\u00e9ro deux du minist\u00e8re<\/a>&nbsp;&nbsp;Mediapart<\/li>\n<li><a href=\"https:\/\/news.google.com\/rss\/articles\/CBMilAJBVV95cUxOQlJReGw2WU51YW1IVGpuMlRjNmZ1QlZoTjhmWkFlMVZvcVFGR1BmalNvLVYwdkw0NWZPUlpjUFFpMHpZMUh2ZGJ2ckxnRXZYRGVJeVY2cWtydjlsMjN2TkRSN3RRdkoxSUJOUzdYYTBNWVZuWXUzTG8teU1wUkN5RWE5V3BfSjVqanJfc3dJX25IT3duYml0MU5FRjI3d21FLUtHcmtyTjVpRjNjUGFWVDk3dURVbFMtZExaSUxiNU5EQXoxNENIaFFWbk9vdk1JOUhwNzA2WGUzVmR6RnZvRUlPNFhWS3l4dTBhSnd1VWtvb0ZxSUlUalk0RHhCOW4tT214ejRTeGs2a2xiZ3hYSXFiNFI?oc=5\" target=\"_blank\" rel=\"noopener\">Violences \u00e0 l\u2019\u00e9cole : du signalement au contr\u00f4le, la commission d\u2019enqu\u00eate parlementaire r\u00e9v\u00e8le une cha\u00eene de d\u00e9faillances<\/a>&nbsp;&nbsp;Le Monde.fr<\/li>\n<li><a href=\"https:\/\/news.google.com\/rss\/articles\/CBMitgJBVV95cUxQbFZEMVNOX3J6MmcyNy1NNG1Oa3dnTFduX2pxd2wyb0lCTk5kc2FNZHFyd1dOWUJfYXVOOVFyRTJFeHNEdUczNU9SOUlWUmdfUjRaU0hJM2tPMExZNDNBY1ZaRFhjVW9mM3V3a3hEdnh3QVNOZ0t4MjItWXZwUlY1MDRNNG9fd2RPb2pGREpsby1zN01TZmVkbmhMZnBxZDU5Sy0zSF9BRmpybHl5S20xdWQxV1hnQ0tiVm93OG1BTC1LSmNoZ0Z3ZnJNZ21hTlZDQl81b2FrOWNGdFRja0ZaTXF0NWVUVmlBaVpqU3V0V21sYno0ZDNCZWM2T1h0YjNXWVZDZGlEVDU2TjlObjdzOW5xX2diaXpPSmgtdWU3cWYtRDZCMlg3bWZjb2FjYWpFT2U0SnpR?oc=5\" target=\"_blank\" rel=\"noopener\">Coll\u00e8ge Stanislas : les inspecteurs pointent une intervention de l\u2019actuelle n\u00b02 du minist\u00e8re de l\u2019Education dans la conclusion du rapport<\/a>&nbsp;&nbsp;Lib\u00e9ration<\/li>\n<li><a href=\"https:\/\/news.google.com\/rss\/articles\/CBMi3gFBVV95cUxOZ3BfSDB1RkszZ3h5b3ByTmRBaE9CakI0MVR6MXpEYWxkVjZkOXhUbFhKTTFZRGVHdUZlRERQQ2VjMUZweEFQN1UxNVRNcU85aXhuTWlrMTdBSzU3aWw5YkVBa2l0R0ZMcmRwMXhja2czRmNDVjNvVmp2WkdrZGJzR2pfWFAtM2VVWmYwTEJlRGRmZS14d0hNTkhxSzhiVVBDUHRKcGMxV3dHNTVMT3U0dVlZZGQ3SGdvY0I0U3ZuN3V4N2pKakFRWm9JSFctSjFNSm1WYWN2azJDVHg0Snc?oc=5\" target=\"_blank\" rel=\"noopener\">Affaire B\u00e9tharram : apr\u00e8s Bayrou, Borne devant la commission d\u2019enqu\u00eate sur les violences scolaires<\/a>&nbsp;&nbsp;Le Figaro<\/li>\n<li><a href=\"https:\/\/news.google.com\/rss\/articles\/CBMi5gFBVV95cUxNdGJnYVRLcHE2U0dGSDd6d1N4MUNfdGJNNGJJZ185ZnVHSzZXN2tnb1N0Mm5zRi1JSFg2NGdDWVdBU0xOZTFWR25nMzFRSTNONWFUdzVhVXV4U3JRZ2QwWF9iWnpfWlczUnk5OU9SQnEtNUFCM1VYSGk0V3VKNHpicHZrMEZqdlhRMkZ1cUx2T2xpVVpfWmllclFRNnpUa05PckFJMkVISkItSnRLakhWMG0yWlBxSk1UaEYyZ2p1Nk56YnFIbEtwVEFDTzJiQmpNdmVtSHNVWnY3UExWMnowOXdFZzhOQQ?oc=5\" target=\"_blank\" rel=\"noopener\">Violences scolaires: la commission d&rsquo;enqu\u00eate finit ses auditions sur fond de tensions sur Stanislas<\/a>&nbsp;&nbsp;Portail Orange<\/li>\n<\/ol>\n","protected":false},"excerpt":{"rendered":"Coll\u00e8ge Stanislas \u00ab blanchi \u00bb : les inspecteurs confirment sous serment l\u2019intervention de la num\u00e9ro deux du minist\u00e8re&nbsp;&nbsp;Mediapart&hellip;\n","protected":false},"author":2,"featured_media":118477,"comment_status":"","ping_status":"","sticky":false,"template":"","format":"standard","meta":{"footnotes":""},"categories":[2],"tags":[11,23922,6268,5757,1011,27,12,6271],"class_list":{"0":"post-118476","1":"post","2":"type-post","3":"status-publish","4":"format-standard","5":"has-post-thumbnail","7":"category-actualites","8":"tag-actualites","9":"tag-caroline-pascal","10":"tag-education-et-enseignement-superieur","11":"tag-elisabeth-borne","12":"tag-fr","13":"tag-france","14":"tag-news","15":"tag-stanislas"},"share_on_mastodon":{"url":"https:\/\/pubeurope.com\/@fr\/114549428296653955","error":""},"_links":{"self":[{"href":"https:\/\/www.europesays.com\/fr\/wp-json\/wp\/v2\/posts\/118476","targetHints":{"allow":["GET"]}}],"collection":[{"href":"https:\/\/www.europesays.com\/fr\/wp-json\/wp\/v2\/posts"}],"about":[{"href":"https:\/\/www.europesays.com\/fr\/wp-json\/wp\/v2\/types\/post"}],"author":[{"embeddable":true,"href":"https:\/\/www.europesays.com\/fr\/wp-json\/wp\/v2\/users\/2"}],"replies":[{"embeddable":true,"href":"https:\/\/www.europesays.com\/fr\/wp-json\/wp\/v2\/comments?post=118476"}],"version-history":[{"count":0,"href":"https:\/\/www.europesays.com\/fr\/wp-json\/wp\/v2\/posts\/118476\/revisions"}],"wp:featuredmedia":[{"embeddable":true,"href":"https:\/\/www.europesays.com\/fr\/wp-json\/wp\/v2\/media\/118477"}],"wp:attachment":[{"href":"https:\/\/www.europesays.com\/fr\/wp-json\/wp\/v2\/media?parent=118476"}],"wp:term":[{"taxonomy":"category","embeddable":true,"href":"https:\/\/www.europesays.com\/fr\/wp-json\/wp\/v2\/categories?post=118476"},{"taxonomy":"post_tag","embeddable":true,"href":"https:\/\/www.europesays.com\/fr\/wp-json\/wp\/v2\/tags?post=118476"}],"curies":[{"name":"wp","href":"https:\/\/api.w.org\/{rel}","templated":true}]}}