{"id":118501,"date":"2025-05-22T04:02:12","date_gmt":"2025-05-22T04:02:12","guid":{"rendered":"https:\/\/www.europesays.com\/fr\/118501\/"},"modified":"2025-05-22T04:02:12","modified_gmt":"2025-05-22T04:02:12","slug":"wissam-ben-yedder-de-retour-au-tribunal-cette-fois-pour-violences-sur-son-epouse-2","status":"publish","type":"post","link":"https:\/\/www.europesays.com\/fr\/118501\/","title":{"rendered":"Wissam Ben\u00a0Yedder de retour au tribunal, cette fois pour violences sur son \u00e9pouse"},"content":{"rendered":"<p>Bien qu\u2019il ait trouv\u00e9 un nouveau club en Iran avec le Sepahan FC, l\u2019ancien attaquant de l\u2019<a href=\"https:\/\/www.20minutes.fr\/sport\/as_monaco\/\" class=\"color-ultramarine c-link\" target=\"_blank\" rel=\"noopener\">AS Monaco<\/a> <a href=\"https:\/\/www.20minutes.fr\/dossier\/wissam_ben_yedder\" class=\"color-ultramarine c-link\" target=\"_blank\" rel=\"noopener\">Wissam Ben\u00a0Yedder<\/a> figure plus souvent dans les colonnes justice des journaux que dans les pages sports.<\/p>\n<p>Apr\u00e8s des condamnations en avril\u00a02023 pour <a href=\"https:\/\/www.20minutes.fr\/dossier\/fraude_fiscale\" class=\"color-ultramarine c-link\" target=\"_blank\" rel=\"noopener\">fraude fiscale<\/a>, <a href=\"https:\/\/www.20minutes.fr\/sport\/football\/4120876-20241112-wissam-ben-yedder-condamne-deux-ans-prison-sursis-agression-sexuelle-etat-ivresse\" class=\"color-ultramarine c-link\" target=\"_blank\" rel=\"noopener\">puis en novembre\u00a02024 pour des faits d\u2019agression sexuelle en \u00e9tat d\u2019ivresse<\/a>, refus d\u2019obtemp\u00e9rer et conduite de v\u00e9hicule alcoolis\u00e9, Wissam Ben\u00a0Yedder compara\u00eet \u00e0 nouveau devant la justice fran\u00e7aise ce mercredi, \u00e0 Nice. Cette fois, pour des faits de violence psychologique sur sa compagne, avec qui il est en instance de divorce.<\/p>\n<\/p>\n<p>Cette audience fait suite \u00e0 une plainte port\u00e9e en f\u00e9vrier\u00a02024 par sa bient\u00f4t ex-\u00e9pouse qui avait d\u00e9nonc\u00e9 des \u00ab\u00a0violences psychologiques\u00a0\u00bb subies entre f\u00e9vrier\u00a02020 et f\u00e9vrier\u00a02024.<\/p>\n<p>Et si son parcours sportif semble \u00e0 l\u2019arr\u00eat, son parcours judiciaire risque bien de ne pas s\u2019arr\u00eater l\u00e0. <a href=\"https:\/\/www.20minutes.fr\/sport\/football\/4109198-20240910-wissam-ben-yedder-deja-poursuivi-viol-va-etre-juge-agression-sexuelle-etat-ivresse\" class=\"color-ultramarine c-link\" target=\"_blank\" rel=\"noopener\">L\u2019ancien international fran\u00e7ais est toujours mis en examen depuis\u00a02023 avec son fr\u00e8re, pour viol,<\/a> tentative de viol et agression sexuelle, apr\u00e8s la plainte de deux jeunes femmes rencontr\u00e9es qui ont d\u00e9nonc\u00e9 des faits qui se seraient produits dans les Alpes-Maritimes.<\/p>\n","protected":false},"excerpt":{"rendered":"Bien qu\u2019il ait trouv\u00e9 un nouveau club en Iran avec le Sepahan FC, l\u2019ancien attaquant de l\u2019AS Monaco&hellip;\n","protected":false},"author":2,"featured_media":118502,"comment_status":"","ping_status":"","sticky":false,"template":"","format":"standard","meta":{"footnotes":""},"categories":[2819],"tags":[1111,47,11,1267,2898,2266,1777,674,118,8686,63,1011,27,303,66,12,2401,883,2694,882,25,104,517,1265,797,23923],"class_list":{"0":"post-118501","1":"post","2":"type-post","3":"status-publish","4":"format-standard","5":"has-post-thumbnail","7":"category-nice","8":"tag-actu","9":"tag-actualite","10":"tag-actualites","11":"tag-agression-sexuelle","12":"tag-alpes-maritimes","13":"tag-as-monaco","14":"tag-eu","15":"tag-europe","16":"tag-faits-divers","17":"tag-faits-divers-nice","18":"tag-football","19":"tag-fr","20":"tag-france","21":"tag-justice","22":"tag-ligue-1","23":"tag-news","24":"tag-nice","25":"tag-paca","26":"tag-proces","27":"tag-provence-alpes-cote-dazur","28":"tag-republique-francaise","29":"tag-societe","30":"tag-sport","31":"tag-viol","32":"tag-violences-faites-aux-femmes","33":"tag-wissam-ben-yedder"},"share_on_mastodon":{"url":"https:\/\/pubeurope.com\/@fr\/114549499048479639","error":""},"_links":{"self":[{"href":"https:\/\/www.europesays.com\/fr\/wp-json\/wp\/v2\/posts\/118501","targetHints":{"allow":["GET"]}}],"collection":[{"href":"https:\/\/www.europesays.com\/fr\/wp-json\/wp\/v2\/posts"}],"about":[{"href":"https:\/\/www.europesays.com\/fr\/wp-json\/wp\/v2\/types\/post"}],"author":[{"embeddable":true,"href":"https:\/\/www.europesays.com\/fr\/wp-json\/wp\/v2\/users\/2"}],"replies":[{"embeddable":true,"href":"https:\/\/www.europesays.com\/fr\/wp-json\/wp\/v2\/comments?post=118501"}],"version-history":[{"count":0,"href":"https:\/\/www.europesays.com\/fr\/wp-json\/wp\/v2\/posts\/118501\/revisions"}],"wp:featuredmedia":[{"embeddable":true,"href":"https:\/\/www.europesays.com\/fr\/wp-json\/wp\/v2\/media\/118502"}],"wp:attachment":[{"href":"https:\/\/www.europesays.com\/fr\/wp-json\/wp\/v2\/media?parent=118501"}],"wp:term":[{"taxonomy":"category","embeddable":true,"href":"https:\/\/www.europesays.com\/fr\/wp-json\/wp\/v2\/categories?post=118501"},{"taxonomy":"post_tag","embeddable":true,"href":"https:\/\/www.europesays.com\/fr\/wp-json\/wp\/v2\/tags?post=118501"}],"curies":[{"name":"wp","href":"https:\/\/api.w.org\/{rel}","templated":true}]}}