{"id":118509,"date":"2025-05-22T04:07:11","date_gmt":"2025-05-22T04:07:11","guid":{"rendered":"https:\/\/www.europesays.com\/fr\/118509\/"},"modified":"2025-05-22T04:07:11","modified_gmt":"2025-05-22T04:07:11","slug":"meteo-encore-un-peu-de-vent-mais-un-espoir-de-soleil-ce-jeudi-a-toulouse-et-en-occitanie","status":"publish","type":"post","link":"https:\/\/www.europesays.com\/fr\/118509\/","title":{"rendered":"M\u00e9t\u00e9o. Encore un peu de vent mais un espoir de soleil ce jeudi \u00e0 Toulouse et en Occitanie"},"content":{"rendered":"<p>            Par<br \/>\n        <strong><br \/>\n            <a href=\"https:\/\/actu.fr\/auteur\/mareva-laville-actu-fr\" title=\"Consulter tous les articles de Mar\u00e9va Laville\" rel=\"nofollow noopener\" target=\"_blank\">Mar\u00e9va Laville<\/a><br \/>\n        <\/strong><\/p>\n<p>        Publi\u00e9 le<\/p>\n<p>            22 mai 2025 \u00e0 5h04        <\/p>\n<p>Si la matin\u00e9e sera tout aussi <a href=\"https:\/\/actu.fr\/occitanie\/toulouse_31555\/meteo-apres-l-orage-et-la-pluie-le-beau-temps-ou-presque-voici-les-previsions-pour-mercredi_62661874.html\" rel=\"nofollow noopener\" target=\"_blank\">nuageuse que la veille<\/a>, l\u2019apr\u00e8s-midi de ce jeudi 22\u00a0mai 2025 s\u2019annonce un peu plus ensoleill\u00e9e \u00e0 <a href=\"http:\/\/www.actu.fr\/toulouse\" rel=\"nofollow noopener\" target=\"_blank\"><strong>Toulouse<\/strong><\/a>.<\/p>\n<p class=\" wall-content\">Pour ce jeudi, <a href=\"https:\/\/actu.fr\/tag\/meteo-france\" rel=\"nofollow noopener\" target=\"_blank\">M\u00e9t\u00e9o France<\/a> pr\u00e9voit des <strong>\u00e9claircies d\u00e8s la mi-journ\u00e9e<\/strong>, avec un petit <strong>15\u00b0C le matin et 18\u00b0C l\u2019apr\u00e8s-midi.<\/strong> Fra\u00eecheur \u00e9galement provoqu\u00e9e par le retour du vent qui soufflera par <strong>rafales de 45\u00a0km\/h<\/strong> tout au long de la journ\u00e9e.<\/p>\n<p>    <img   decoding=\"async\" loading=\"lazy\" src=\"https:\/\/www.europesays.com\/fr\/wp-content\/uploads\/2025\/05\/jeudi22-toulouse-960x520.png\" alt=\"Voici les pr\u00e9visions m\u00e9t\u00e9o \u00e0 Toulouse ce jeudi 22 mai 2025.\" width=\"960\" height=\"520\"\/><br \/>\n    Voici les pr\u00e9visions m\u00e9t\u00e9o \u00e0 Toulouse ce jeudi 22 mai 2025. (\u00a9Capture d\u2019\u00e9cran M\u00e9t\u00e9o France)Et en Occitanie\u2009?<\/p>\n<p class=\" wall-content\">Tout le monde ne sera pas aussi g\u00e2t\u00e9 que les Toulousains dans le reste de l\u2019<a href=\"http:\/\/www.actu.fr\/occitanie\" rel=\"nofollow noopener\" target=\"_blank\"><strong>Occitanie<\/strong><\/a>. Une bonne partie de la r\u00e9gion se l\u00e8vera avec <strong>quelques averses<\/strong> de pluie, notamment dans les Hautes-Pyr\u00e9n\u00e9es, le sud de la Haute-Garonne, l\u2019Ari\u00e8ge, le Tarn et le nord de l\u2019Aveyron, ainsi que de la bruine en Loz\u00e8re. Les autres d\u00e9partements, eux, d\u00e9marreront la journ\u00e9e avec un ciel nuageux ou avec m\u00eame, et d\u00e9j\u00e0, des <strong>\u00e9claircies, sur le littoral<\/strong> et dans le Gard.<\/p>\n<p class=\" wall-content\">Des \u00e9claircies qui laisseront d\u2019ailleurs la place presque int\u00e9grale au soleil dans l\u2019apr\u00e8s-midi avec <strong>22\u00b0C annonc\u00e9s \u00e0 N\u00eemes, 21\u00b0C \u00e0 Montpellier et B\u00e9ziers, et 20\u00b0C \u00e0 Perpignan<\/strong>. Montauban et Cahors rejoindront le groupe des \u00ab\u2009ensoleill\u00e9s\u2009\u00bb, avec 19\u00b0C et 20\u00b0C affich\u00e9s respectivement au thermom\u00e8tre. Des temp\u00e9ratures \u00e0 nuancer toutefois puisqu\u2019elles s\u2019accompagneront de vent, avec des <strong>rafales allant jusqu\u2019\u00e0 80\u00a0km\/h \u00e0 Perpignan<\/strong>, 65\u00a0km\/h \u00e0 B\u00e9ziers et 40\u00a0km\/h \u00e0 Montauban.<\/p>\n<p>    <img   decoding=\"async\" loading=\"lazy\" src=\"https:\/\/www.europesays.com\/fr\/wp-content\/uploads\/2025\/05\/jeudi22-occitanie-960x640.png\" alt=\"Voici les pr\u00e9visions m\u00e9t\u00e9o en Occitanie ce jeudi 22 mai 2025 apr\u00e8s-midi.\" width=\"960\" height=\"640\"\/><br \/>\n    Voici les pr\u00e9visions m\u00e9t\u00e9o en Occitanie ce jeudi 22 mai 2025 apr\u00e8s-midi. (\u00a9Capture d\u2019\u00e9cran M\u00e9t\u00e9o France)Vid\u00e9os : en ce moment sur Actu<\/p>\n<p class=\" wall-content\">Le reste de la r\u00e9gion b\u00e9n\u00e9ficiera d\u2019\u00e9claircies \u00e0 l\u2019exception des Hautes-Pyr\u00e9n\u00e9es, du sud de la Haute-Garonne, de l\u2019Ari\u00e8ge et le sud du Tarn o\u00f9 quelques averses camperont sous 17\u00b0C \u00e0 Tarbes, 15\u00b0C \u00e0 Saint-Gaudens et \u00e0 Foix et 17\u00b0C \u00e0 Castres.<\/p>\n<p class=\" wall-content\">Suivez toute l\u2019actualit\u00e9 de vos villes et m\u00e9dias favoris en vous inscrivant \u00e0 <a href=\"https:\/\/moncompte.actu.fr\" title=\"D\u00e9couvez Mon Actu\" rel=\"nofollow noopener\" data-trk=\"{&quot;cta&quot;:{&quot;action&quot;:&quot;https:\\\/\\\/moncompte.actu.fr&quot;,&quot;category&quot;:&quot;mon compte&quot;,&quot;from&quot;:&quot;article footer&quot;,&quot;name&quot;:&quot;Mon actu&quot;,&quot;type&quot;:&quot;cta&quot;}}\" target=\"_blank\">Mon Actu<\/a>.<\/p>\n","protected":false},"excerpt":{"rendered":"Par Mar\u00e9va Laville Publi\u00e9 le 22 mai 2025 \u00e0 5h04 Si la matin\u00e9e sera tout aussi nuageuse que&hellip;\n","protected":false},"author":2,"featured_media":118510,"comment_status":"","ping_status":"","sticky":false,"template":"","format":"standard","meta":{"footnotes":""},"categories":[2816],"tags":[1111,11,1777,674,1011,27,2487,2357,12,2680,25,2312],"class_list":{"0":"post-118509","1":"post","2":"type-post","3":"status-publish","4":"format-standard","5":"has-post-thumbnail","7":"category-toulouse","8":"tag-actu","9":"tag-actualites","10":"tag-eu","11":"tag-europe","12":"tag-fr","13":"tag-france","14":"tag-meteo","15":"tag-meteo-france","16":"tag-news","17":"tag-occitanie","18":"tag-republique-francaise","19":"tag-toulouse"},"share_on_mastodon":{"url":"https:\/\/pubeurope.com\/@fr\/114549519044678550","error":""},"_links":{"self":[{"href":"https:\/\/www.europesays.com\/fr\/wp-json\/wp\/v2\/posts\/118509","targetHints":{"allow":["GET"]}}],"collection":[{"href":"https:\/\/www.europesays.com\/fr\/wp-json\/wp\/v2\/posts"}],"about":[{"href":"https:\/\/www.europesays.com\/fr\/wp-json\/wp\/v2\/types\/post"}],"author":[{"embeddable":true,"href":"https:\/\/www.europesays.com\/fr\/wp-json\/wp\/v2\/users\/2"}],"replies":[{"embeddable":true,"href":"https:\/\/www.europesays.com\/fr\/wp-json\/wp\/v2\/comments?post=118509"}],"version-history":[{"count":0,"href":"https:\/\/www.europesays.com\/fr\/wp-json\/wp\/v2\/posts\/118509\/revisions"}],"wp:featuredmedia":[{"embeddable":true,"href":"https:\/\/www.europesays.com\/fr\/wp-json\/wp\/v2\/media\/118510"}],"wp:attachment":[{"href":"https:\/\/www.europesays.com\/fr\/wp-json\/wp\/v2\/media?parent=118509"}],"wp:term":[{"taxonomy":"category","embeddable":true,"href":"https:\/\/www.europesays.com\/fr\/wp-json\/wp\/v2\/categories?post=118509"},{"taxonomy":"post_tag","embeddable":true,"href":"https:\/\/www.europesays.com\/fr\/wp-json\/wp\/v2\/tags?post=118509"}],"curies":[{"name":"wp","href":"https:\/\/api.w.org\/{rel}","templated":true}]}}