{"id":118511,"date":"2025-05-22T04:08:04","date_gmt":"2025-05-22T04:08:04","guid":{"rendered":"https:\/\/www.europesays.com\/fr\/118511\/"},"modified":"2025-05-22T04:08:04","modified_gmt":"2025-05-22T04:08:04","slug":"apres-la-cartoucherie-ils-vont-ouvrir-de-nouvelles-halles-a-toulouse-voici-le-projet","status":"publish","type":"post","link":"https:\/\/www.europesays.com\/fr\/118511\/","title":{"rendered":"Apr\u00e8s la Cartoucherie, ils vont ouvrir de nouvelles halles \u00e0 Toulouse : voici le projet"},"content":{"rendered":"<p>            Par<br \/>\n        <strong><br \/>\n            <a href=\"https:\/\/actu.fr\/auteur\/guillaume-laurens\" title=\"Consulter tous les articles de Guillaume Laurens\" target=\"_blank\" rel=\"noopener\">Guillaume Laurens<\/a><br \/>\n        <\/strong><\/p>\n<p>        Publi\u00e9 le<\/p>\n<p>            22 mai 2025 \u00e0 6h04        <\/p>\n<p>Apr\u00e8s <a href=\"https:\/\/actu.fr\/occitanie\/toulouse_31555\/toulouse-on-y-sert-jusqu-a-7-000-couverts-par-jour-les-nouveautes-aux-halles-de-la-cartoucherie_61519950.html\" target=\"_blank\" rel=\"noopener\">la Cartoucherie<\/a>, <strong>Bellevilles<\/strong> s\u2019appr\u00eate \u00e0 remettre le couvert, et \u00e0 transformer un autre site industriel de <a href=\"https:\/\/actu.fr\/toulouse\/\" target=\"_blank\" rel=\"noopener\"><strong>Toulouse<\/strong> <\/a>en des <strong>halles tendance<\/strong> et un nouveau <strong>\u00ab\u2009lieu de vie\u2009\u00bb.<\/strong> La soci\u00e9t\u00e9 fonci\u00e8re solidaire met cette fois le cap sur le site de l\u2019ex-Centre d\u2019essais a\u00e9ronautiques de Toulouse (<strong>CEAT<\/strong>), dont<a href=\"https:\/\/actu.fr\/occitanie\/toulouse_31555\/toulouse-une-nouvelle-porte-d-entree-de-la-ville-prend-forme-immersion-dans-l-immense-chantier_40830459.html\" target=\"_blank\" rel=\"noopener\"> les deux chemin\u00e9es iconiques ont \u00e9t\u00e9 conserv\u00e9es et tr\u00f4nent encore<\/a> sur le quartier <strong>Guillaumet<\/strong>. Ce qu\u2019il faut savoir sur le projet.<\/p>\n<p>Apr\u00e8s la Cartoucherie, voil\u00e0 la \u00ab\u2009Halle aux chemin\u00e9es\u2009\u00bb\u2009!<\/p>\n<p class=\" wall-content\">Comme l\u2019ont rep\u00e9r\u00e9 nos confr\u00e8res de <a href=\"https:\/\/www.touleco.fr\/A-Toulouse-le-quartier-Guillaumet-aura-ses-halles-gourmandes,46634\" target=\"_blank\" rel=\"noopener\">Toul\u00e9co<\/a>, Bellevilles est en effet \u00e0 la man\u0153uvre d\u2019un projet de <strong>nouveau tiers-lieu<\/strong> \u00e0 Guillaumet. Un lieu qui reprend le mod\u00e8le \u00e9prouv\u00e9 dans les plus c\u00e9l\u00e8bres halles de la Ville rose, \u00e0 la Cartoucherie, mais \u00ab\u2009en version miniature\u2009\u00bb, sourit <strong>Adrien Ramirez<\/strong>, associ\u00e9 et cofondateur de Bellevilles.<\/p>\n<p class=\" wall-content\">Sa fonci\u00e8re solidaire m\u00e8ne une trentaine de projets en France, dont 15 sites d\u00e9j\u00e0 ouverts. \u00c0 Guillaumet, Bellevilles sera propri\u00e9taire des murs, mais c\u2019est la <strong>coop\u00e9rative de commer\u00e7ants Festa<\/strong> qui sera l\u2019exploitant. Celle-ci s\u2019illustre d\u00e9j\u00e0 dans deux lieux \u00e0 la Cartoucherie \u2014 dont le c\u00e9l\u00e9brissime food-court \u2014 et <a href=\"https:\/\/actu.fr\/occitanie\/saint-orens-de-gameville_31506\/un-foodcourt-inspire-des-halles-de-la-cartoucherie-va-ouvrir-dans-une-commune-proche-de-toulouse_62640397.html\" target=\"_blank\" rel=\"noopener\">va bient\u00f4t ouvrir d\u2019autres halles de proximit\u00e9, du c\u00f4t\u00e9 de Saint-Orens.<\/a><\/p>\n<p>Un b\u00e2timent neuf autour des deux chemin\u00e9es pr\u00e9serv\u00e9es<\/p>\n<p class=\" wall-content\">Adrien Ramirez ne boude pas son plaisir d\u2019investir dans un nouveau site historique, \u00ab\u2009une zone \u00e9troitement li\u00e9e \u00e0 <strong>l\u2019industrie a\u00e9ronautique\u2009\u00bb.<\/strong><\/p>\n<blockquote class=\"ac-article-quote wall-content\">\n<p>Pour l&rsquo;instant, on a appel\u00e9 ce projet &lsquo;la Halle aux chemin\u00e9es&rsquo;. C\u2019est son nom de code \u2014 pas forc\u00e9ment le nom d\u00e9finitif \u2014 car on va uniquement conserver les chemin\u00e9es et construire un b\u00e2timent neuf autour.<\/p>\n<p>    <strong>Adrien Ramirez<\/strong><br \/>\n        Associ\u00e9 et cofondateur de la fonci\u00e8re Bellevilles    <\/p><\/blockquote>\n<p>    <img   decoding=\"async\" loading=\"lazy\" src=\"https:\/\/www.europesays.com\/fr\/wp-content\/uploads\/2025\/05\/cheminees-guillaumet-toulouse-lf-960x640.jpg\" alt=\"Un b\u00e2timent neuf sera \u00e9rig\u00e9 autour des ex-chemin\u00e9es du CEAT, qui ont \u00e9t\u00e9 pr\u00e9serv\u00e9es dans ce quartier enti\u00e8rement reconstruit\" width=\"960\" height=\"640\"\/><br \/>\n    Un b\u00e2timent neuf sera \u00e9rig\u00e9 autour des ex-chemin\u00e9es du CEAT, qui ont \u00e9t\u00e9 pr\u00e9serv\u00e9es dans ce quartier enti\u00e8rement reconstruit (\u00a9Lucie Fraisse \/ Actu Toulouse)Des halles de quartier, \u00ab\u2009compl\u00e9mentaires\u2009\u00bb de La Cartoucherie<\/p>\n<p class=\" wall-content\">Si d\u2019apr\u00e8s Adrien Ramirez, \u00ab\u2009ce sera <strong>une mini-Cartoucherie\u2009\u00bb,<\/strong> cette halle ne fera toutefois <strong>pas d\u2019ombre \u00e0 sa grande s\u0153ur,<\/strong> qui conna\u00eet un succ\u00e8s fou depuis bient\u00f4t deux ans\u2009: \u00ab\u2009On n\u2019est pas sur les m\u00eames dimensions\u2009! La Cartoucherie, c\u2019est un site de 12\u2009000 m\u00b2, avec 25 restaurants, un lieu devenu une destination \u00e0 l\u2019\u00e9chelle nationale, voire internationale\u2009\u00bb.<\/p>\n<p class=\" wall-content\">Quant aux halles gourmandes de Guillaumet, le site se veut davantage \u00e0 <strong>taille humaine<\/strong>\u2009: \u00ab\u2009Elles feront environ 1\u2009000\u00a0m2. On est sur une \u00e9chelle de quartier. Au final, c\u2019est vraiment <strong>compl\u00e9mentaire\u2009\u00bb.<\/strong><\/p>\n<p>Pour les habitants, les salari\u00e9s de la Cit\u00e9 administrative\u2026<\/p>\n<p class=\" wall-content\">Ces halles s\u2019adresseront donc aux <strong>habitants du coin,<\/strong> mais aussi aux nouveaux <strong>salari\u00e9s de ce quartier fra\u00eechement construit<\/strong>, et notamment aux <a href=\"https:\/\/actu.fr\/occitanie\/toulouse_31555\/la-nouvelle-cite-administrative-de-toulouse-bientot-achevee-1600-agents-travailleront-dans-ce-batiment-massif_62029042.html\" target=\"_blank\" rel=\"noopener\">\u00ab\u20091\u2009600 agents qui travaillent dans la nouvelle Cit\u00e9 administrative\u2009\u00bb<\/a> toute proche\u2009: \u00ab\u2009Ce lieu sera aussi pour eux\u2009\u00bb.<\/p>\n<p class=\" wall-content\">Qui plus est, le site est <strong>facilement accessible<\/strong> depuis l\u2019Est toulousain, \u00e0 deux pas du m\u00e9tro\u2009: \u00ab\u2009Entre <strong>7 et 8\u00a0minutes \u00e0 pied<\/strong> des stations<strong>\u00a0Roseraie et Jolimont\u2009\u00bb,<\/strong> sur la ligne A.<\/p>\n<p>    <img   decoding=\"async\" loading=\"lazy\" src=\"https:\/\/www.europesays.com\/fr\/wp-content\/uploads\/2025\/05\/cheminees-guillaumet-toulouse-lf-2-960x640.jpg\" alt=\"La vue sur le site de la future Halle aux chemin\u00e9es, ici depuis les fen\u00eatres de la nouvelle Cit\u00e9 administrative de Toulouse, o\u00f9 travaillent 1 600 agents\" width=\"960\" height=\"640\"\/><br \/>\n    La vue sur le site de la future Halle aux chemin\u00e9es, ici depuis les fen\u00eatres de la nouvelle Cit\u00e9 administrative de Toulouse, o\u00f9 travaillent 1\u2009600 agents (\u00a9Lucie Fraisse \/ Actu Toulouse)Que trouvera-t-on \u00e0 la Halle aux chemin\u00e9es\u2009?<\/p>\n<p class=\" wall-content\">La Halle aux chemin\u00e9es a donc vocation \u00e0 \u00eatre un \u00ab\u2009lieu de vie, <strong>un repaire de quartier\u2009\u00bb,<\/strong> insiste Adrien Ramirez, \u00ab\u2009o\u00f9 l\u2019on pourra venir <strong>manger<\/strong>, <strong>boire un coup, se retrouver\u2009\u00bb.<\/strong><\/p>\n<blockquote class=\"ac-article-quote wall-content\">\n<p>Il y aura trois corners de restauration, un bar, un coffee shop et un espace de vente d&rsquo;environ 80 m\u00b2.<\/p>\n<p>    <strong>Adrien Ramirez<\/strong>\n            <\/p><\/blockquote>\n<p class=\" wall-content\">Pour les corners\u2009? \u00ab\u2009On va peut-\u00eatre proposer \u00e0 <strong>certains restaurateurs de la Cartoucherie<\/strong> de nous suivre, ce n\u2019est pas arr\u00eat\u00e9\u2009\u00bb, alors que l\u2019espace de vente pourrait \u00eatre allou\u00e9 \u00e0 \u00ab\u2009une <strong>\u00e9picerie<\/strong>, ou pourquoi pas une <strong>librairie<\/strong>, rien n\u2019est fig\u00e9\u2009\u00bb.\u00a0Selon les projections, cette halle devrait r\u00e9aliser environ 1,5\u00a0million d\u2019euros de chiffre d\u2019affaires pr\u00e9visionnel, et cr\u00e9er <strong>une vingtaine d\u2019emplois.<\/strong><\/p>\n<p>La Halle aux chemin\u00e9es, un projet financ\u00e9 par les citoyens<\/p>\n<p>La Halle aux chemin\u00e9es repose sur un mod\u00e8le \u00e9conomique particulier. Les quelque 2,6 millions d\u2019euros investis par la fonci\u00e8re solidaire Bellevilles dans ce projet sont en r\u00e9alit\u00e9 \u00ab\u00a0les fonds des citoyens qui financent nos projets\u00a0\u00bb, explique Adrien Ramirez. \u00ab\u00a0Avec notre mod\u00e8le, ils peuvent placer leur argent dans des investissements immobiliers \u00e0 vocation \u00e9cologique et responsable, tout en profitant d&rsquo;une d\u00e9fiscalisation de 25 %\u00a0\u00bb.<\/p>\n<p>Un lieu moderne, clair et tr\u00e8s vitr\u00e9<\/p>\n<p class=\" wall-content\">Imagin\u00e9 par l\u2019atelier d\u2019architecture Devillers dans un <strong>\u00ab\u2009esprit halle\u2009\u00bb,<\/strong> le b\u00e2timent se veut <strong>\u00ab\u2009moderne, clair et tr\u00e8s vitr\u00e9\u2009\u00bb,<\/strong> d\u00e9peint Adrien Ramirez. Il sera construit par les promoteurs qui am\u00e9nagent la ZAC, Cogedim et Cr\u00e9dit Agricole Immobilier, avant d\u2019\u00eatre c\u00e9d\u00e9 \u00e0 Bellevilles.<\/p>\n<blockquote class=\"ac-article-quote wall-content\">\n<p>Nous aurons donc 1 000 m\u00b2 \u00e0 l&rsquo;int\u00e9rieur et la m\u00eame surface \u00e0 l\u2019ext\u00e9rieur, avec de belles terrasses pour profiter des espaces verts, car cette halle sera implant\u00e9e dans un \u00e9crin de verdure au c\u0153ur du quartier, o\u00f9 on a la chance d\u2019avoir de beaux arbres.<\/p>\n<p>    <strong>Adrien Ramirez<\/strong>\n            <\/p><\/blockquote>\n<p class=\" wall-content\">Le chantier vient tout juste de d\u00e9marrer sur place, avec la phase de terrassement, et devrait durer <strong>deux ans.<\/strong> Objectif\u2009: \u00ab\u2009Ouvrir avant<strong> la fin de l\u2019ann\u00e9e 2027\u2009\u00bb.<\/strong><\/p>\n<p class=\" wall-content\">Suivez toute l\u2019actualit\u00e9 de vos villes et m\u00e9dias favoris en vous inscrivant \u00e0 <a href=\"https:\/\/moncompte.actu.fr\" title=\"D\u00e9couvez Mon Actu\" rel=\"nofollow noopener\" data-trk=\"{&quot;cta&quot;:{&quot;action&quot;:&quot;https:\\\/\\\/moncompte.actu.fr&quot;,&quot;category&quot;:&quot;mon compte&quot;,&quot;from&quot;:&quot;article footer&quot;,&quot;name&quot;:&quot;Mon actu&quot;,&quot;type&quot;:&quot;cta&quot;}}\" target=\"_blank\">Mon Actu<\/a>.<\/p>\n<ul class=\"ac-article-tag wall-content\">\n<li><a href=\"https:\/\/actu.fr\/tag\/gastronomie\" data-trk=\"{&quot;cta&quot;:{&quot;action&quot;:&quot;Gastronomie&quot;,&quot;category&quot;:&quot;tag&quot;,&quot;from&quot;:&quot;article footer&quot;,&quot;name&quot;:&quot;Gastronomie&quot;,&quot;type&quot;:&quot;cta&quot;}}\" target=\"_blank\" rel=\"noopener\">#Gastronomie<\/a><\/li>\n<li><a href=\"https:\/\/actu.fr\/tag\/restaurants-de-toulouse\" data-trk=\"{&quot;cta&quot;:{&quot;action&quot;:&quot;Restaurants de Toulouse&quot;,&quot;category&quot;:&quot;tag&quot;,&quot;from&quot;:&quot;article footer&quot;,&quot;name&quot;:&quot;Restaurants de Toulouse&quot;,&quot;type&quot;:&quot;cta&quot;}}\" target=\"_blank\" rel=\"noopener\">#Restaurants de Toulouse<\/a><\/li>\n<\/ul>\n","protected":false},"excerpt":{"rendered":"Par Guillaume Laurens Publi\u00e9 le 22 mai 2025 \u00e0 6h04 Apr\u00e8s la Cartoucherie, Bellevilles s\u2019appr\u00eate \u00e0 remettre le&hellip;\n","protected":false},"author":2,"featured_media":118512,"comment_status":"","ping_status":"","sticky":false,"template":"","format":"standard","meta":{"footnotes":""},"categories":[2816],"tags":[1111,11,1777,674,1011,27,1661,12,2680,25,2850,104,2312],"class_list":{"0":"post-118511","1":"post","2":"type-post","3":"status-publish","4":"format-standard","5":"has-post-thumbnail","7":"category-toulouse","8":"tag-actu","9":"tag-actualites","10":"tag-eu","11":"tag-europe","12":"tag-fr","13":"tag-france","14":"tag-gastronomie","15":"tag-news","16":"tag-occitanie","17":"tag-republique-francaise","18":"tag-restaurants-de-toulouse","19":"tag-societe","20":"tag-toulouse"},"share_on_mastodon":{"url":"https:\/\/pubeurope.com\/@fr\/114549522663433163","error":""},"_links":{"self":[{"href":"https:\/\/www.europesays.com\/fr\/wp-json\/wp\/v2\/posts\/118511","targetHints":{"allow":["GET"]}}],"collection":[{"href":"https:\/\/www.europesays.com\/fr\/wp-json\/wp\/v2\/posts"}],"about":[{"href":"https:\/\/www.europesays.com\/fr\/wp-json\/wp\/v2\/types\/post"}],"author":[{"embeddable":true,"href":"https:\/\/www.europesays.com\/fr\/wp-json\/wp\/v2\/users\/2"}],"replies":[{"embeddable":true,"href":"https:\/\/www.europesays.com\/fr\/wp-json\/wp\/v2\/comments?post=118511"}],"version-history":[{"count":0,"href":"https:\/\/www.europesays.com\/fr\/wp-json\/wp\/v2\/posts\/118511\/revisions"}],"wp:featuredmedia":[{"embeddable":true,"href":"https:\/\/www.europesays.com\/fr\/wp-json\/wp\/v2\/media\/118512"}],"wp:attachment":[{"href":"https:\/\/www.europesays.com\/fr\/wp-json\/wp\/v2\/media?parent=118511"}],"wp:term":[{"taxonomy":"category","embeddable":true,"href":"https:\/\/www.europesays.com\/fr\/wp-json\/wp\/v2\/categories?post=118511"},{"taxonomy":"post_tag","embeddable":true,"href":"https:\/\/www.europesays.com\/fr\/wp-json\/wp\/v2\/tags?post=118511"}],"curies":[{"name":"wp","href":"https:\/\/api.w.org\/{rel}","templated":true}]}}