{"id":118514,"date":"2025-05-22T04:12:08","date_gmt":"2025-05-22T04:12:08","guid":{"rendered":"https:\/\/www.europesays.com\/fr\/118514\/"},"modified":"2025-05-22T04:12:08","modified_gmt":"2025-05-22T04:12:08","slug":"des-blocages-ce-jeudi-voici-ou","status":"publish","type":"post","link":"https:\/\/www.europesays.com\/fr\/118514\/","title":{"rendered":"des blocages ce jeudi, voici o\u00f9"},"content":{"rendered":"<p>            Par<br \/>\n        <strong><br \/>\n            <a href=\"https:\/\/actu.fr\/auteur\/fabien-binacchi\" title=\"Consulter tous les articles de Fabien Binacchi\" rel=\"nofollow noopener\" target=\"_blank\">Fabien Binacchi<\/a><br \/>\n        <\/strong><\/p>\n<p>        Publi\u00e9 le<\/p>\n<p>            22 mai 2025 \u00e0 6h01        <\/p>\n<p>La mobilisation des taxis entre dans sa quatri\u00e8me journ\u00e9e, ce jeudi 22\u00a0mai 2025. \u00c0 <a href=\"https:\/\/actu.fr\/marseille\/\" rel=\"nofollow noopener\" target=\"_blank\">Marseille<\/a>, o\u00f9 la situation a d\u00e9g\u00e9n\u00e9r\u00e9 <a href=\"https:\/\/actu.fr\/provence-alpes-cote-d-azur\/marseille_13055\/mobilisation-des-taxis-a-marseille-une-voiture-fonce-sur-la-foule-plusieurs-blesses_62661632.html\" rel=\"nofollow noopener\" target=\"_blank\">mardi<\/a> et <a href=\"https:\/\/actu.fr\/provence-alpes-cote-d-azur\/marignane_13054\/manifestation-des-taxis-a-marseille-un-autre-chauffeur-renverse-par-une-voiture-a-l-aeroport_62667460.html\" rel=\"nofollow noopener\" target=\"_blank\">mercredi<\/a>, avec plusieurs chauffeurs renvers\u00e9s par des voitures, <strong>de nouveaux blocages sont au programme.<\/strong> Et \u00ab\u2009de fortes perturbations sont attendues d\u00e8s 7h du matin\u2009\u00bb, pr\u00e9vient la pr\u00e9fecture des <a href=\"https:\/\/actu.fr\/provence-alpes-cote-d-azur\/bouches-du-rhone_13\" rel=\"nofollow noopener\" target=\"_blank\">Bouches-du-Rh\u00f4ne<\/a> dans un communiqu\u00e9 transmis \u00e0 actu Marseille.<\/p>\n<p class=\" wall-content\">Voil\u00e0 tout ce qui est pr\u00e9vu.<\/p>\n<p>Op\u00e9ration escargot sur l\u2019A50<\/p>\n<p class=\" wall-content\">Une nouvelle op\u00e9ration escargot est <strong>\u00ab\u2009annonc\u00e9e par les manifestants\u2009\u00bb<\/strong> pour cette journ\u00e9e du jeudi 22\u00a0mai, indique la pr\u00e9fecture des Bouches-du-Rh\u00f4ne.<\/p>\n<p class=\" wall-content\">Apr\u00e8s un rassemblement sur les coups de 7h au niveau d\u2019Ollioules, dans le Var, ils devraient emprunter l\u2019A50 pour <strong>entrer dans Marseille \u00e0 vitesse tr\u00e8s r\u00e9duite.<\/strong><\/p>\n<p class=\" wall-content\">Dans la cit\u00e9 phoc\u00e9enne, un point de rassemblement est \u00e9galement pr\u00e9vu, comme les jours pr\u00e9c\u00e9dents, <strong>au niveau de l\u2019avenue du Prado et de la place Castellane,<\/strong> \u00ab\u2009occasionnant une g\u00eane importante de la circulation\u2009\u00bb, pr\u00e9disent encore les autorit\u00e9s.<\/p>\n<p>Vid\u00e9os : en ce moment sur ActuLes gares et l\u2019a\u00e9roport toujours \u00ab\u2009filtr\u00e9s\u2009\u00bb<\/p>\n<p class=\" wall-content\">Les services de l\u2019\u00c9tat \u00e9mettent aussi <strong>des recommandations<\/strong> pour plusieurs autres \u00abpoints de regroupement annonc\u00e9s par les manifestants\u00bb\u2009:<\/p>\n<ul class=\" wall-content\">\n<li><strong>A\u00e9roport Marseille-Provence,<\/strong> point de filtrage\/blocage\u2009: il est fortement conseill\u00e9 aux voyageurs de s\u2019y rendre par le train, jusqu\u2019\u00e0 la Gare de Vitrolles-A\u00e9roport, puis de finir le trajet en bus jusqu\u2019aux terminaux.<\/li>\n<li><strong>Gare TGV d\u2019Aix-en-Provence,<\/strong> point de filtrage\u2009: il est pr\u00e9conis\u00e9 aux personnes ayant une r\u00e9servation au d\u00e9part d\u2019anticiper tr\u00e8s fortement leur arriv\u00e9e.<\/li>\n<li><strong>Gare Saint-Charles,<\/strong> point de filtrage.<\/li>\n<\/ul>\n<p class=\" wall-content\">Le pr\u00e9fet des Bouches-du-Rh\u00f4ne invite les usagers \u00e0\u2009d\u00e9caler leurs d\u00e9placements, \u00e0 \u00e9viter les secteurs indiqu\u00e9s ci-dessus et \u00e0 rester prudents \u00e0 l\u2019approche des points de congestion.<\/p>\n<p class=\" wall-content\">Suivez toute l\u2019actualit\u00e9 de vos villes et m\u00e9dias favoris en vous inscrivant \u00e0 <a href=\"https:\/\/moncompte.actu.fr\" title=\"D\u00e9couvez Mon Actu\" rel=\"nofollow noopener\" data-trk=\"{&quot;cta&quot;:{&quot;action&quot;:&quot;https:\\\/\\\/moncompte.actu.fr&quot;,&quot;category&quot;:&quot;mon compte&quot;,&quot;from&quot;:&quot;article footer&quot;,&quot;name&quot;:&quot;Mon actu&quot;,&quot;type&quot;:&quot;cta&quot;}}\" target=\"_blank\">Mon Actu<\/a>.<\/p>\n<ul class=\"ac-article-tag wall-content\">\n<li><a href=\"https:\/\/actu.fr\/tag\/circulation\" data-trk=\"{&quot;cta&quot;:{&quot;action&quot;:&quot;Circulation&quot;,&quot;category&quot;:&quot;tag&quot;,&quot;from&quot;:&quot;article footer&quot;,&quot;name&quot;:&quot;Circulation&quot;,&quot;type&quot;:&quot;cta&quot;}}\" rel=\"nofollow noopener\" target=\"_blank\">#Circulation<\/a><\/li>\n<li><a href=\"https:\/\/actu.fr\/tag\/manifestations\" data-trk=\"{&quot;cta&quot;:{&quot;action&quot;:&quot;Manifestations&quot;,&quot;category&quot;:&quot;tag&quot;,&quot;from&quot;:&quot;article footer&quot;,&quot;name&quot;:&quot;Manifestations&quot;,&quot;type&quot;:&quot;cta&quot;}}\" rel=\"nofollow noopener\" target=\"_blank\">#Manifestations<\/a><\/li>\n<\/ul>\n","protected":false},"excerpt":{"rendered":"Par Fabien Binacchi Publi\u00e9 le 22 mai 2025 \u00e0 6h01 La mobilisation des taxis entre dans sa quatri\u00e8me&hellip;\n","protected":false},"author":2,"featured_media":116554,"comment_status":"","ping_status":"","sticky":false,"template":"","format":"standard","meta":{"footnotes":""},"categories":[2814],"tags":[1111,11,3542,1777,674,1011,27,1272,884,12,882,25,104],"class_list":{"0":"post-118514","1":"post","2":"type-post","3":"status-publish","4":"format-standard","5":"has-post-thumbnail","7":"category-marseille","8":"tag-actu","9":"tag-actualites","10":"tag-circulation","11":"tag-eu","12":"tag-europe","13":"tag-fr","14":"tag-france","15":"tag-manifestations","16":"tag-marseille","17":"tag-news","18":"tag-provence-alpes-cote-dazur","19":"tag-republique-francaise","20":"tag-societe"},"share_on_mastodon":{"url":"https:\/\/pubeurope.com\/@fr\/114549538359334697","error":""},"_links":{"self":[{"href":"https:\/\/www.europesays.com\/fr\/wp-json\/wp\/v2\/posts\/118514","targetHints":{"allow":["GET"]}}],"collection":[{"href":"https:\/\/www.europesays.com\/fr\/wp-json\/wp\/v2\/posts"}],"about":[{"href":"https:\/\/www.europesays.com\/fr\/wp-json\/wp\/v2\/types\/post"}],"author":[{"embeddable":true,"href":"https:\/\/www.europesays.com\/fr\/wp-json\/wp\/v2\/users\/2"}],"replies":[{"embeddable":true,"href":"https:\/\/www.europesays.com\/fr\/wp-json\/wp\/v2\/comments?post=118514"}],"version-history":[{"count":0,"href":"https:\/\/www.europesays.com\/fr\/wp-json\/wp\/v2\/posts\/118514\/revisions"}],"wp:featuredmedia":[{"embeddable":true,"href":"https:\/\/www.europesays.com\/fr\/wp-json\/wp\/v2\/media\/116554"}],"wp:attachment":[{"href":"https:\/\/www.europesays.com\/fr\/wp-json\/wp\/v2\/media?parent=118514"}],"wp:term":[{"taxonomy":"category","embeddable":true,"href":"https:\/\/www.europesays.com\/fr\/wp-json\/wp\/v2\/categories?post=118514"},{"taxonomy":"post_tag","embeddable":true,"href":"https:\/\/www.europesays.com\/fr\/wp-json\/wp\/v2\/tags?post=118514"}],"curies":[{"name":"wp","href":"https:\/\/api.w.org\/{rel}","templated":true}]}}