{"id":118515,"date":"2025-05-22T04:13:07","date_gmt":"2025-05-22T04:13:07","guid":{"rendered":"https:\/\/www.europesays.com\/fr\/118515\/"},"modified":"2025-05-22T04:13:07","modified_gmt":"2025-05-22T04:13:07","slug":"le-ministre-laurent-saint-martin-en-deplacement-a-lyon-ce-jeudi","status":"publish","type":"post","link":"https:\/\/www.europesays.com\/fr\/118515\/","title":{"rendered":"Le ministre Laurent Saint-Martin en d\u00e9placement \u00e0 Lyon ce jeudi"},"content":{"rendered":"<p itemprop=\"description\"><strong><strong>Laurent Saint-Martin, ministre d\u00e9l\u00e9gu\u00e9 aupr\u00e8s du ministre de l&rsquo;Europe et des Affaires \u00e9trang\u00e8res, charg\u00e9 du Commerce ext\u00e9rieur et des Fran\u00e7ais de l\u2019\u00e9tranger, se rend \u00e0 V\u00e9nissieux et \u00e0 Lyon.<\/strong><\/strong><\/p>\n<p style=\"text-align:start\">Pour la 4e\u00a0\u00e9tape de sa tourn\u00e9e des r\u00e9gions, lanc\u00e9e depuis le 18 mars dernier, date du d\u00e9but des Assises de la politique commerciale, le ministre Laurent Saint-Martin se d\u00e9place dans le Rh\u00f4ne ce jeudi 20 mai. L\u2019objectif est de rassembler les entreprises locales pour \u00e9changer sur la doctrine commerciale \u00e0 adopter d\u2019ici \u00e0 la fin de l\u2019\u00e9t\u00e9.<\/p>\n<p style=\"text-align:start\">\u00ab\u00a0Accords de commerce, priorit\u00e9s sectorielles et g\u00e9ographiques, d\u00e9fenses de nos int\u00e9r\u00eats strat\u00e9giques, accompagnement \u00e0 l\u2019export, dans un contexte international de plus en plus complexe, le ministre souhaite que chacun puisse y participer et faire entendre sa voix\u00a0\u00bb, explique le minist\u00e8re de l\u2019Europe et des Affaires \u00e9trang\u00e8res dans son communiqu\u00e9.<\/p>\n<p style=\"text-align:start\">Au programme, Laurent Saint-Martin d\u00e9jeunera \u00e0 l\u2019\u00e9cole h\u00f4teli\u00e8re Vatel (Lyon 2e). Puis, apr\u00e8s avoir \u00e9chang\u00e9 avec plusieurs dizaines d\u2019entreprises lors des Assises de la politique commerciale \u00e0 l\u2019H\u00f4tel de R\u00e9gion, il se rendra \u00e0 l\u2019usine Renault Trucks, situ\u00e9e avenue Charles de Gaulle \u00e0 V\u00e9nissieux.<\/p>\n","protected":false},"excerpt":{"rendered":"Laurent Saint-Martin, ministre d\u00e9l\u00e9gu\u00e9 aupr\u00e8s du ministre de l&rsquo;Europe et des Affaires \u00e9trang\u00e8res, charg\u00e9 du Commerce ext\u00e9rieur et&hellip;\n","protected":false},"author":2,"featured_media":118516,"comment_status":"","ping_status":"","sticky":false,"template":"","format":"standard","meta":{"footnotes":""},"categories":[1889],"tags":[1111,11,2813,2190,2430,1109,251,1112,2811,1777,674,118,1011,27,1922,1110,1114,2428,2810,12,241,316,25,2812,517,800],"class_list":{"0":"post-118515","1":"post","2":"type-post","3":"status-publish","4":"format-standard","5":"has-post-thumbnail","7":"category-lyon","8":"tag-actu","9":"tag-actualites","10":"tag-article","11":"tag-asvel","12":"tag-auvergne-rhone-alpes","13":"tag-breves","14":"tag-culture","15":"tag-depeches","16":"tag-economique","17":"tag-eu","18":"tag-europe","19":"tag-faits-divers","20":"tag-fr","21":"tag-france","22":"tag-info","23":"tag-informations","24":"tag-infos","25":"tag-lyon","26":"tag-lyonmag","27":"tag-news","28":"tag-ol","29":"tag-politique","30":"tag-republique-francaise","31":"tag-sociale","32":"tag-sport","33":"tag-transports"},"share_on_mastodon":{"url":"https:\/\/pubeurope.com\/@fr\/114549542277857911","error":""},"_links":{"self":[{"href":"https:\/\/www.europesays.com\/fr\/wp-json\/wp\/v2\/posts\/118515","targetHints":{"allow":["GET"]}}],"collection":[{"href":"https:\/\/www.europesays.com\/fr\/wp-json\/wp\/v2\/posts"}],"about":[{"href":"https:\/\/www.europesays.com\/fr\/wp-json\/wp\/v2\/types\/post"}],"author":[{"embeddable":true,"href":"https:\/\/www.europesays.com\/fr\/wp-json\/wp\/v2\/users\/2"}],"replies":[{"embeddable":true,"href":"https:\/\/www.europesays.com\/fr\/wp-json\/wp\/v2\/comments?post=118515"}],"version-history":[{"count":0,"href":"https:\/\/www.europesays.com\/fr\/wp-json\/wp\/v2\/posts\/118515\/revisions"}],"wp:featuredmedia":[{"embeddable":true,"href":"https:\/\/www.europesays.com\/fr\/wp-json\/wp\/v2\/media\/118516"}],"wp:attachment":[{"href":"https:\/\/www.europesays.com\/fr\/wp-json\/wp\/v2\/media?parent=118515"}],"wp:term":[{"taxonomy":"category","embeddable":true,"href":"https:\/\/www.europesays.com\/fr\/wp-json\/wp\/v2\/categories?post=118515"},{"taxonomy":"post_tag","embeddable":true,"href":"https:\/\/www.europesays.com\/fr\/wp-json\/wp\/v2\/tags?post=118515"}],"curies":[{"name":"wp","href":"https:\/\/api.w.org\/{rel}","templated":true}]}}