{"id":118517,"date":"2025-05-22T04:14:09","date_gmt":"2025-05-22T04:14:09","guid":{"rendered":"https:\/\/www.europesays.com\/fr\/118517\/"},"modified":"2025-05-22T04:14:09","modified_gmt":"2025-05-22T04:14:09","slug":"metropole-de-lyon-a-100-ans-elle-fait-encore-sa-gym-hebdomadaire-et-lit-le-progres-quotidiennement","status":"publish","type":"post","link":"https:\/\/www.europesays.com\/fr\/118517\/","title":{"rendered":"M\u00e9tropole de Lyon. \u00c0 100 ans, elle fait encore sa gym hebdomadaire et lit Le Progr\u00e8s quotidiennement"},"content":{"rendered":"<p>N\u00e9e le 7\u00a0mai 1925 dans une maison de Tassin-la-Demi-Lune, ses longues ann\u00e9es viennent d\u2019\u00eatre f\u00eat\u00e9es par sa famille r\u00e9unie. Ce qui\u00a0caract\u00e9rise Simone Pelissier, c\u2019est d\u2019abord d\u2019avoir v\u00e9cu toute sa vie au m\u00eame endroit et surtout de continuer, malgr\u00e9 son \u00e2ge, \u00e0 pratiquer tous les jeudis la gymnastique (douce certainement), au club de l\u2019Orangerie ainsi que les exercices de l\u2019atelier \u00ab\u00a0remue-m\u00e9ninges\u00a0\u00bb.<\/p>\n<p>Cette adepte de l\u2019effort personnel peut se targuer de pr\u00e8s 70 ans d\u2019adh\u00e9sion au Centre Social de l\u2019Orangerie. C\u2019est aussi de continuer \u00e0 vivre seule \u00e0 cet \u00e2ge avanc\u00e9, dans son univers, avec quand m\u00eame quelques assistances au quotidien.<\/p>\n<p>Simone Pelissier a \u00e9galement un fort attachement au journal Le Progr\u00e8s dont elle est abonn\u00e9e sans interruption depuis 1977. Un abonnement faisant suite \u00e0 celui de sa famille juste apr\u00e8s la guerre.<\/p>\n<p>Elle a \u00e9t\u00e9 mari\u00e9e \u00e0 Jean en 1948, repr\u00e9sentant de commerce, d\u00e9c\u00e9d\u00e9 en 2011. Ensemble ils ont eu cinq enfants qu\u2019elle a \u00e9lev\u00e9s avec amour et constance<\/p>\n<p>Malgr\u00e9 sa charge familiale, elle a tr\u00e8s longtemps \u00e9t\u00e9 membre de l\u2019Association des familles et ce depuis 1978. Puis pr\u00e9sidente de l\u2019association de 1982 \u00e0 2002. Et encore pr\u00e9sidente d\u2019honneur \u00e0 ce jour. C\u2019est dire son dynamisme et son engagement qui viennent ainsi d\u2019\u00eatre f\u00eat\u00e9s pour ses 100 ans.<\/p>\n","protected":false},"excerpt":{"rendered":"N\u00e9e le 7\u00a0mai 1925 dans une maison de Tassin-la-Demi-Lune, ses longues ann\u00e9es viennent d\u2019\u00eatre f\u00eat\u00e9es par sa famille&hellip;\n","protected":false},"author":2,"featured_media":118518,"comment_status":"","ping_status":"","sticky":false,"template":"","format":"standard","meta":{"footnotes":""},"categories":[1889],"tags":[1111,11,7476,2430,3153,1777,674,107,1011,27,2428,12,25,2429,104,20283,20284],"class_list":{"0":"post-118517","1":"post","2":"type-post","3":"status-publish","4":"format-standard","5":"has-post-thumbnail","7":"category-lyon","8":"tag-actu","9":"tag-actualites","10":"tag-anniversaires","11":"tag-auvergne-rhone-alpes","12":"tag-edition-ouest-lyonnais","13":"tag-eu","14":"tag-europe","15":"tag-fil-info","16":"tag-fr","17":"tag-france","18":"tag-lyon","19":"tag-news","20":"tag-republique-francaise","21":"tag-rhone","22":"tag-societe","23":"tag-tassin-la-demi-lune","24":"tag-tassin-la-demi-lune-bassin"},"share_on_mastodon":{"url":"https:\/\/pubeurope.com\/@fr\/114549546237970539","error":""},"_links":{"self":[{"href":"https:\/\/www.europesays.com\/fr\/wp-json\/wp\/v2\/posts\/118517","targetHints":{"allow":["GET"]}}],"collection":[{"href":"https:\/\/www.europesays.com\/fr\/wp-json\/wp\/v2\/posts"}],"about":[{"href":"https:\/\/www.europesays.com\/fr\/wp-json\/wp\/v2\/types\/post"}],"author":[{"embeddable":true,"href":"https:\/\/www.europesays.com\/fr\/wp-json\/wp\/v2\/users\/2"}],"replies":[{"embeddable":true,"href":"https:\/\/www.europesays.com\/fr\/wp-json\/wp\/v2\/comments?post=118517"}],"version-history":[{"count":0,"href":"https:\/\/www.europesays.com\/fr\/wp-json\/wp\/v2\/posts\/118517\/revisions"}],"wp:featuredmedia":[{"embeddable":true,"href":"https:\/\/www.europesays.com\/fr\/wp-json\/wp\/v2\/media\/118518"}],"wp:attachment":[{"href":"https:\/\/www.europesays.com\/fr\/wp-json\/wp\/v2\/media?parent=118517"}],"wp:term":[{"taxonomy":"category","embeddable":true,"href":"https:\/\/www.europesays.com\/fr\/wp-json\/wp\/v2\/categories?post=118517"},{"taxonomy":"post_tag","embeddable":true,"href":"https:\/\/www.europesays.com\/fr\/wp-json\/wp\/v2\/tags?post=118517"}],"curies":[{"name":"wp","href":"https:\/\/api.w.org\/{rel}","templated":true}]}}