{"id":118519,"date":"2025-05-22T04:15:13","date_gmt":"2025-05-22T04:15:13","guid":{"rendered":"https:\/\/www.europesays.com\/fr\/118519\/"},"modified":"2025-05-22T04:15:13","modified_gmt":"2025-05-22T04:15:13","slug":"vaste-plan-dactions-contre-les-nitrates-en-ile-de-france","status":"publish","type":"post","link":"https:\/\/www.europesays.com\/fr\/118519\/","title":{"rendered":"Vaste plan d&rsquo;actions contre les nitrates en \u00cele-de-France"},"content":{"rendered":"\n<p lang=\"fr-FR\" style=\"margin-bottom: 0cm;\">La pr\u00e9fecture de r\u00e9gion rappelle que les mesures du 7\u00e8me programme d&rsquo;actions sont obligatoires dans les zones vuln\u00e9rables de la r\u00e9gion. Tous les d\u00e9partements de la grande couronne sont class\u00e9s comme tels. Les nitrates d&rsquo;origine agricole peuvent polluer l&rsquo;eau. Pour emp\u00eacher cela, les agriculteurs franciliens sont invit\u00e9s \u00e0 fertiliser leurs cultures au bon moment, et \u00e0 \u00e9viter de d\u00e9verser trop de fumier. Enfin, une couverture v\u00e9g\u00e9tale doit limiter les fuites d&rsquo;azote lorsqu&rsquo;il pleut.<\/p>\n<p lang=\"fr-FR\" style=\"margin-bottom: 0cm;\">\u00a0<\/p>\n<p lang=\"fr-FR\" style=\"margin-bottom: 0cm;\">Nicolas Chacun<\/p>\n<p>!function(f,b,e,v,n,t,s){if(f.fbq)return;n=f.fbq=function(){n.callMethod?<br \/>\nn.callMethod.apply(n,arguments):n.queue.push(arguments)};if(!f._fbq)f._fbq=n;<br \/>\nn.push=n;n.loaded=!0;n.version=&rsquo;2.0&prime;;n.queue=[];t=b.createElement(e);t.async=!0;<br \/>\nt.src=v;s=b.getElementsByTagName(e)[0];s.parentNode.insertBefore(t,s)}(window,<br \/>\ndocument,&rsquo;script&rsquo;,&rsquo;https:\/\/connect.facebook.net\/en_US\/fbevents.js&rsquo;);<br \/>\nfbq(&lsquo;init&rsquo;, &lsquo;278974969201861&rsquo;); \/\/ Insert your pixel ID here.<br \/>\nfbq(&lsquo;track&rsquo;, &lsquo;PageView&rsquo;);<\/p>\n","protected":false},"excerpt":{"rendered":"La pr\u00e9fecture de r\u00e9gion rappelle que les mesures du 7\u00e8me programme d&rsquo;actions sont obligatoires dans les zones vuln\u00e9rables&hellip;\n","protected":false},"author":2,"featured_media":118520,"comment_status":"","ping_status":"","sticky":false,"template":"","format":"standard","meta":{"footnotes":""},"categories":[1592],"tags":[1111,11,1933,1936,1777,1939,674,1011,27,662,1934,12,1940,626,1935,25,1937,1941,1938],"class_list":{"0":"post-118519","1":"post","2":"type-post","3":"status-publish","4":"format-standard","5":"has-post-thumbnail","7":"category-ile-de-france","8":"tag-actu","9":"tag-actualites","10":"tag-actualites-locales","11":"tag-essonne","12":"tag-eu","13":"tag-eure-et-loir","14":"tag-europe","15":"tag-fr","16":"tag-france","17":"tag-ile-de-france","18":"tag-infos-locales","19":"tag-news","20":"tag-oise","21":"tag-paris","22":"tag-pres-de-chez-vous","23":"tag-republique-francaise","24":"tag-seine-et-marne","25":"tag-somme","26":"tag-yvelines"},"share_on_mastodon":{"url":"https:\/\/pubeurope.com\/@fr\/114549550243829141","error":""},"_links":{"self":[{"href":"https:\/\/www.europesays.com\/fr\/wp-json\/wp\/v2\/posts\/118519","targetHints":{"allow":["GET"]}}],"collection":[{"href":"https:\/\/www.europesays.com\/fr\/wp-json\/wp\/v2\/posts"}],"about":[{"href":"https:\/\/www.europesays.com\/fr\/wp-json\/wp\/v2\/types\/post"}],"author":[{"embeddable":true,"href":"https:\/\/www.europesays.com\/fr\/wp-json\/wp\/v2\/users\/2"}],"replies":[{"embeddable":true,"href":"https:\/\/www.europesays.com\/fr\/wp-json\/wp\/v2\/comments?post=118519"}],"version-history":[{"count":0,"href":"https:\/\/www.europesays.com\/fr\/wp-json\/wp\/v2\/posts\/118519\/revisions"}],"wp:featuredmedia":[{"embeddable":true,"href":"https:\/\/www.europesays.com\/fr\/wp-json\/wp\/v2\/media\/118520"}],"wp:attachment":[{"href":"https:\/\/www.europesays.com\/fr\/wp-json\/wp\/v2\/media?parent=118519"}],"wp:term":[{"taxonomy":"category","embeddable":true,"href":"https:\/\/www.europesays.com\/fr\/wp-json\/wp\/v2\/categories?post=118519"},{"taxonomy":"post_tag","embeddable":true,"href":"https:\/\/www.europesays.com\/fr\/wp-json\/wp\/v2\/tags?post=118519"}],"curies":[{"name":"wp","href":"https:\/\/api.w.org\/{rel}","templated":true}]}}