{"id":118523,"date":"2025-05-22T04:17:10","date_gmt":"2025-05-22T04:17:10","guid":{"rendered":"https:\/\/www.europesays.com\/fr\/118523\/"},"modified":"2025-05-22T04:17:10","modified_gmt":"2025-05-22T04:17:10","slug":"apres-krispy-kreme-dunkin-ouvre-son-premier-coffee-shop-a-paris","status":"publish","type":"post","link":"https:\/\/www.europesays.com\/fr\/118523\/","title":{"rendered":"apr\u00e8s Krispy Kreme, Dunkin&rsquo; ouvre son premier coffee shop \u00e0 Paris"},"content":{"rendered":"<p>            Par<br \/>\n        <strong><br \/>\n            <a href=\"https:\/\/actu.fr\/auteur\/dorinegoth\" title=\"Consulter tous les articles de Dorine Goth\" rel=\"nofollow noopener\" target=\"_blank\">Dorine Goth<\/a><br \/>\n        <\/strong><\/p>\n<p>        Publi\u00e9 le<\/p>\n<p>            14 mai 2025 \u00e0 8h06        <\/p>\n<p>Il faudra d\u00e9sormais choisir son camp. Un an apr\u00e8s l\u2019arriv\u00e9e de <a href=\"https:\/\/actu.fr\/ile-de-france\/paris_75056\/krispy-kreme-debarque-a-paris-on-a-goute-le-mythique-original-glazed_60414817.html\" rel=\"nofollow noopener\" target=\"_blank\">Krispy Kreme<\/a> \u00e0 Paris, c\u2019est un autre g\u00e9ant am\u00e9ricain qui s\u2019attaque au march\u00e9 fran\u00e7ais. Mercredi 14\u00a0mai 2025, la c\u00e9l\u00e8bre enseigne de coffee shop <strong><a href=\"https:\/\/actu.fr\/ile-de-france\/paris_75056\/date-lieu-offre-adaptee-tout-savoir-sur-l-ouverture-a-paris-des-premiers-dunkin-donuts-de-france_62551382.html\" rel=\"nofollow noopener\" target=\"_blank\">Dunkin\u2019<\/a><\/strong> ouvre sa <strong>premi\u00e8re boutique \u00e0 Paris,<\/strong> boulevard Montmartre (2e arrondissement). Une arriv\u00e9e en force puisque d\u00e8s le lendemain, une <strong>deuxi\u00e8me adresse<\/strong> sera inaugur\u00e9e \u00e0 quelques centaines de m\u00e8tres, sur le parvis de la gare Saint-Lazare (8e arrondissement).<\/p>\n<p>Avant tout un caf\u00e9<\/p>\n<p class=\" wall-content\">D\u00e9j\u00e0 pr\u00e9sente dans 40 pays, l\u2019enseigne am\u00e9ricaine d\u00e9barque pour la premi\u00e8re fois en France. Pour ce lancement, le groupe Inspire s\u2019appuie sur QSRP, derri\u00e8re Burger King, Quick, ou encore O\u2019Tacos. \u00ab\u2009C\u2019est un alignement des plan\u00e8tes. C\u2019\u00e9tait le bon moment. On a un<strong> march\u00e9 du <\/strong><a href=\"https:\/\/actu.fr\/ile-de-france\/paris_75056\/c-est-un-concept-qui-devient-tendance-a-paris-les-coffee-shops-n-ont-jamais-ete-aussi-en-vogue_62339586.html\" rel=\"nofollow noopener\" target=\"_blank\"><strong>coffee shop<\/strong> en pleine expansion<\/a> et notre partenariat \u00e9tait comme une \u00e9vidence. On a aussi un engouement pour la culture populaire am\u00e9ricaine, avec notamment les films, les s\u00e9ries et les r\u00e9seaux sociaux\u2009\u00bb, partage Jean-Wilfrid Thibault, directeur g\u00e9n\u00e9ral de Dunkin\u2019 France.<\/p>\n<p class=\" wall-content\">Selon leurs chiffres, la demande de coffee shop est en <strong>croissance annuelle de 12 \u00e0 15\u2009%<\/strong> en France depuis 2019.<\/p>\n<p>Des recettes adapt\u00e9es<\/p>\n<p class=\" wall-content\">La premi\u00e8re adresse, <a href=\"https:\/\/actu.fr\/ile-de-france\/paris_75056\/cette-celebre-enseigne-americaine-de-doughnuts-debarque-a-paris-et-compte-bien-croquer-ses-rivales_61454144.html\" rel=\"nofollow noopener\" target=\"_blank\">d\u2019une surface de 200 m\u00b2<\/a> offrira les traditionnels <strong>donuts<\/strong> et aussi et surtout des <strong>boissons chaudes, fra\u00eeches<\/strong> ainsi qu\u2019une offre de snacking sucr\u00e9e et sal\u00e9e. \u00ab\u2009L\u2019objectif est d\u2019\u00eatre pertinent \u00e0 tout moment de la journ\u00e9e\u2009\u00bb, pose Jean-Wilfrid Thibault. Le caf\u00e9 est pr\u00e9par\u00e9 par un torr\u00e9facteur \u00e0 Rouen. Derri\u00e8re le comptoir, une tireuse \u00e0 caf\u00e9 offrira du Cold Brew, Nitro, Iced Green Tea et Lemonade. \u00ab\u2009Dunkin\u2019, c\u2019est avant tout le caf\u00e9.\u2009\u00bb, rappelle le directeur.<\/p>\n<p class=\" wall-content\">Les recettes de donuts ont \u00e9t\u00e9 <a href=\"http:\/\/actu.fr\/provence-alpes-cote-d-azur\/nice_06088\/ce-plat-de-nice-parmi-ceux-qui-representent-le-mieux-la-france-selon-un-sondage_62461331.html\" rel=\"nofollow noopener\" target=\"_blank\"><strong>adapt\u00e9es au march\u00e9 fran\u00e7ais<\/strong><\/a>. \u00ab\u2009On ne pouvait pas arriver avec un produit 100\u2009% am\u00e9ricain. On est mont\u00e9s en gamme\u2009\u00bb, promet le directeur. Avec un <strong>produit in\u00e9dit<\/strong>\u2009: un joli c\u0153ur rose fourr\u00e9 \u00e0 la cr\u00e8me nomm\u00e9 \u00ab\u2009Love in Paris\u2009\u00bb. Les donuts seront produits chaque jour dans leur laboratoire du Val-de-Marne. Au plus fort du d\u00e9veloppement, jusqu\u2019\u00e0 <strong>16\u2009000 donuts<\/strong> pourront \u00eatre produits chaque jour. En boutique, ils seront vendus \u00e0 l\u2019unit\u00e9 \u00e0 partir de 2,50\u00a0euros.<\/p>\n<p>Arriv\u00e9e en r\u00e9gion en 2027<\/p>\n<p class=\" wall-content\">Pour son arriv\u00e9e en France, Dunkin\u2019 mise dans un premier temps sur le march\u00e9 parisien. D\u2019ici la fin de l\u2019ann\u00e9e 2025, une dizaine d\u2019adresses devraient ouvrir en r\u00e9gion parisienne avec \u00ab\u2009plusieurs dizaines\u2009\u00bb de points de vente toujours dans le bassin francilien d\u2019ici \u00e0 la fin de l\u2019ann\u00e9e 2026. Pour voir Dunkin\u2019 arriver <a href=\"https:\/\/actu.fr\/auvergne-rhone-alpes\/lyon_69123\/dunkin-celebre-enseigne-americaine-de-donuts-va-debarquer-en-france-y-compris-a-lyon_61399283.html\" rel=\"nofollow noopener\" target=\"_blank\">en r\u00e9gion<\/a>, il faudra encore patienter. \u00ab\u2009Pas avant 2027\u2009\u00bb, temp\u00e8re Jean-Wilfrid Thibault qui pr\u00e9f\u00e8re d\u2019abord \u00e9prouver le concept avant de le proposer aux franchis\u00e9s.<\/p>\n<p class=\" wall-content\">Suivez toute l\u2019actualit\u00e9 de vos villes et m\u00e9dias favoris en vous inscrivant \u00e0 <a href=\"https:\/\/moncompte.actu.fr\" title=\"D\u00e9couvez Mon Actu\" rel=\"nofollow noopener\" data-trk=\"{&quot;cta&quot;:{&quot;action&quot;:&quot;https:\\\/\\\/moncompte.actu.fr&quot;,&quot;category&quot;:&quot;mon compte&quot;,&quot;from&quot;:&quot;article footer&quot;,&quot;name&quot;:&quot;Mon actu&quot;,&quot;type&quot;:&quot;cta&quot;}}\" target=\"_blank\">Mon Actu<\/a>.<\/p>\n","protected":false},"excerpt":{"rendered":"Par Dorine Goth Publi\u00e9 le 14 mai 2025 \u00e0 8h06 Il faudra d\u00e9sormais choisir son camp. Un an&hellip;\n","protected":false},"author":2,"featured_media":118524,"comment_status":"","ping_status":"","sticky":false,"template":"","format":"standard","meta":{"footnotes":""},"categories":[1888],"tags":[1111,1928,11,1927,215,33,1777,674,1011,27,1661,12,1926,626,1925,25,10479],"class_list":{"0":"post-118523","1":"post","2":"type-post","3":"status-publish","4":"format-standard","5":"has-post-thumbnail","7":"category-paris","8":"tag-actu","9":"tag-actu-paris","10":"tag-actualites","11":"tag-actualites-paris","12":"tag-commerce","13":"tag-economie","14":"tag-eu","15":"tag-europe","16":"tag-fr","17":"tag-france","18":"tag-gastronomie","19":"tag-news","20":"tag-news-paris","21":"tag-paris","22":"tag-paris-news","23":"tag-republique-francaise","24":"tag-street-food"},"share_on_mastodon":{"url":"https:\/\/pubeurope.com\/@fr\/114549558023392486","error":""},"_links":{"self":[{"href":"https:\/\/www.europesays.com\/fr\/wp-json\/wp\/v2\/posts\/118523","targetHints":{"allow":["GET"]}}],"collection":[{"href":"https:\/\/www.europesays.com\/fr\/wp-json\/wp\/v2\/posts"}],"about":[{"href":"https:\/\/www.europesays.com\/fr\/wp-json\/wp\/v2\/types\/post"}],"author":[{"embeddable":true,"href":"https:\/\/www.europesays.com\/fr\/wp-json\/wp\/v2\/users\/2"}],"replies":[{"embeddable":true,"href":"https:\/\/www.europesays.com\/fr\/wp-json\/wp\/v2\/comments?post=118523"}],"version-history":[{"count":0,"href":"https:\/\/www.europesays.com\/fr\/wp-json\/wp\/v2\/posts\/118523\/revisions"}],"wp:featuredmedia":[{"embeddable":true,"href":"https:\/\/www.europesays.com\/fr\/wp-json\/wp\/v2\/media\/118524"}],"wp:attachment":[{"href":"https:\/\/www.europesays.com\/fr\/wp-json\/wp\/v2\/media?parent=118523"}],"wp:term":[{"taxonomy":"category","embeddable":true,"href":"https:\/\/www.europesays.com\/fr\/wp-json\/wp\/v2\/categories?post=118523"},{"taxonomy":"post_tag","embeddable":true,"href":"https:\/\/www.europesays.com\/fr\/wp-json\/wp\/v2\/tags?post=118523"}],"curies":[{"name":"wp","href":"https:\/\/api.w.org\/{rel}","templated":true}]}}