{"id":118529,"date":"2025-05-22T04:20:08","date_gmt":"2025-05-22T04:20:08","guid":{"rendered":"https:\/\/www.europesays.com\/fr\/118529\/"},"modified":"2025-05-22T04:20:08","modified_gmt":"2025-05-22T04:20:08","slug":"la-version-effarante-de-lancien-directeur-de-stanislas-juge-pour-agression-sexuelle-sur-un-eleve","status":"publish","type":"post","link":"https:\/\/www.europesays.com\/fr\/118529\/","title":{"rendered":"la version effarante de l&rsquo;ancien directeur de Stanislas, jug\u00e9 pour agression sexuelle sur un \u00e9l\u00e8ve"},"content":{"rendered":"<p>            Par<br \/>\n        <strong><br \/>\n            <a href=\"https:\/\/actu.fr\/auteur\/antoine-blanchet\" title=\"Consulter tous les articles de Antoine Blanchet\" rel=\"nofollow noopener\" target=\"_blank\">Antoine Blanchet<\/a><br \/>\n        <\/strong><\/p>\n<p>        Publi\u00e9 le<\/p>\n<p>            22 mai 2025 \u00e0 6h04        <\/p>\n<p>Costume sombre et maintien aristocratique, <strong>Daniel Chapellier<\/strong>, 76 ans, reste sto\u00efque \u00e0 la barre. Seul un vif mouvement d\u2019\u00e9paules vient parfois trahir sa nervosit\u00e9. L\u2019ancien directeur de l\u2019\u00e9cole catholique <strong>Saint-Jean-de-Passy<\/strong> \u00e0 <a href=\"https:\/\/actu.fr\/paris\/\" rel=\"nofollow noopener\" target=\"_blank\">Paris<\/a> est jug\u00e9 ce mercredi 21 mai 2025 \u00e0 <a href=\"https:\/\/actu.fr\/ile-de-france\/nanterre_92050\" rel=\"nofollow noopener\" target=\"_blank\">Nanterre<\/a> <a href=\"https:\/\/actu.fr\/ile-de-france\/paris_75056\/paris-l-ancien-directeur-de-l-ecole-catholique-saint-jean-de-passy-juge-pour-agression-sexuelle-sur-un-eleve_62660544.html\" rel=\"nofollow noopener\" target=\"_blank\">pour une agression sexuelle commise sur un \u00e9l\u00e8ve<\/a> \u00e2g\u00e9 de 14 ans \u00e0 l\u2019\u00e9poque des faits, en f\u00e9vrier 2021. Il nie en bloc. Faute de temps pour terminer l\u2019audience, le tribunal a mis l\u2019affaire en continuation pour le 6 juin prochain.<\/p>\n<p>Le directeur autoritaire et l\u2019adolescent en difficult\u00e9<\/p>\n<p class=\" wall-content\">Les deux paroles qui s\u2019affrontent dans le pr\u00e9toire sont aux antipodes l\u2019une de l\u2019autre. La premi\u00e8re est celle d\u2019un \u00ab \u00e9ducateur \u00bb chevronn\u00e9, qui a enseign\u00e9 pendant plus de 50 ans au sein de multiples \u00e9tablissements catholiques \u00e0 travers la France, <a href=\"https:\/\/actu.fr\/ile-de-france\/paris_75056\/paris-accusations-de-violences-a-stanislas-le-rapport-aurait-ete-edulcore-les-inspecteurs-auditionnes_62577869.html\" rel=\"nofollow noopener\" target=\"_blank\">dont la prestigieuse \u00e9cole Stanislas<\/a>. Cette parole a tonn\u00e9 sur des g\u00e9n\u00e9rations d\u2019\u00e9l\u00e8ves pour un col mal mis ou une coiffure trop longue. La seconde est celle d\u2019un jeune\u00a0 adolescent d\u00e9crit comme dissip\u00e9 dans le monde rigide de Saint-Jean-de-Passy. La premi\u00e8re clame, mart\u00e8le et d\u00e9ment. La seconde est absente et repr\u00e9sent\u00e9e par celle de ses parents.<\/p>\n<p>\u00ab\u00a0N\u2019en parle \u00e0 personne\u00a0\u00bb<\/p>\n<p class=\" wall-content\">Damien*, 14 ans, pousse la porte de la<strong> brigade de protection des mineurs<\/strong> de Paris le 5 f\u00e9vrier 2021. L\u2019adolescent d\u00e9taille avoir eu trois jours auparavant, un entretien avec le directeur de son \u00e9cole dans son bureau lors de la r\u00e9cr\u00e9ation. L\u2019\u00e9change disciplinaire d\u2019une quinzaine de minutes aurait bascul\u00e9. Daniel Chapellier, apr\u00e8s des mises en garde d\u2019ordre scolaires et quelques \u00e9changes badins sur le sud de la France, aurait demand\u00e9 au gar\u00e7on s\u2019il consultait des sites pornographiques.<\/p>\n<p class=\" wall-content\">L\u2019\u00e9trange question fait place \u00e0 des actes terrifiants. Daniel Chapellier, d\u00e9clarant \u00eatre en \u00e9rection, aurait ordonn\u00e9 \u00e0 Damien de lui toucher le sexe, puis lui aurait sollicit\u00e9 une fellation (ces derniers mots n\u2019ont pas \u00e9t\u00e9 clairement entendus par la victime, ndlr). Le directeur aurait ensuite touch\u00e9 les parties intimes de l\u2019adolescent. \u00ab N\u2019en parle \u00e0 personne, aurait lanc\u00e9 le chef d\u2019\u00e9tablissement \u00e0 l\u2019\u00e9l\u00e8ve.<\/p>\n<p class=\" wall-content\">Le soir m\u00eame, la jeune victime parle de l\u2019affaire \u00e0 ses parents. \u00ab Il \u00e9tait p\u00e2le comme un linge. Il a pass\u00e9 sa t\u00eate par la porte de notre chambre et nous a dit \u00ab\u00a0Si je parle, je suis foutu. Si j\u2019en parle pas, \u00e7a ne va pas aller. Dans tous les cas, il a gagn\u00e9 \u00ab\u00a0\u00bb, relate \u00e0 la barre la m\u00e8re de la jeune victime.\u00a0<\/p>\n<p>Une \u00ab folie \u00bb de l\u2019\u00e9l\u00e8ve, selon le pr\u00e9venu<\/p>\n<p class=\" wall-content\">Apr\u00e8s une garde \u00e0 vue, une mise en examen et un renvoi le tribunal correctionnel, l\u2019ancien directeur, au faux-air de Jacques Fran\u00e7ois, n\u2019a pas perdu de son timbre autoritaire. Sa longue exp\u00e9rience fait office de bouclier face aux fl\u00e8ches tir\u00e9es par les parties civiles et l\u2019accusation. \u00ab En 52 ans d\u2019exp\u00e9rience, je n\u2019ai jamais touch\u00e9 un \u00e9l\u00e8ve. J\u2019en ai convoqu\u00e9 des milliers dans mon bureau et s\u2019il ne s\u2019est jamais rien pass\u00e9 \u00bb, clame-t-il \u00e0 plusieurs reprises.<\/p>\n<p class=\" wall-content\">La version du pr\u00e9venu correspond \u00e0 celle de l\u2019adolescent<strong> jusqu\u2019au moment de l\u2019\u00e9vocation des sites X<\/strong>. \u00ab Je lui ai demand\u00e9 s\u2019il allait sur son t\u00e9l\u00e9phone. Puis s\u2019il allait sur des sites pornographiques \u00bb, se rem\u00e9more avec pr\u00e9cision le chef d\u2019\u00e9tablissement.<\/p>\n<p class=\" wall-content\">\u00ab Mais pourquoi cet enchainement de questions ? Je suis peut-\u00eatre candide, mais les jeunes font d\u2019autres choses avec leurs t\u00e9l\u00e9phones \u00bb, demande la juge.<\/p>\n<p class=\" wall-content\">Daniel Chapellier r\u00e9pond avec conviction que les sites X sont le principal \u00e9cueil sur lequel s\u2019\u00e9chouent les \u00e9l\u00e8ves d\u00e9s\u0153uvr\u00e9s. \u00ab 80 % des jeunes de 14 ans ont d\u00e9j\u00e0 visionn\u00e9 du contenu pornographique \u00bb, assure l\u2019\u00e9ducateur, sans pouvoir sourcer ses chiffres.<\/p>\n<p class=\" wall-content\">\u00c0 cette interrogation, tout aurait bascul\u00e9.\u00a0 \u00ab Rien que d\u2019en parler je suis en \u00e9rection \u00bb, aurait r\u00e9pondu Damien au chef d\u2019\u00e9tablissement m\u00e9dus\u00e9. Le jeune homme aurait alors sorti son sexe. \u00ab Il m\u2019a demand\u00e9 si j\u2019\u00e9tais en \u00e9rection et s\u2019il voulait que le suce. C\u2019\u00e9tait de la folie \u00bb, l\u00e2che le pr\u00e9venu du m\u00eame ton guind\u00e9. En \u00e9tat de sid\u00e9ration, le chef d\u2019\u00e9tablissement aurait renvoy\u00e9 l\u2019\u00e9l\u00e8ve en classe.<\/p>\n<p class=\" wall-content\">Cette r\u00e9action fait bondir la pr\u00e9sidente : \u00ab\u00a0 Et vous en restez l\u00e0 ? Vous \u00eates un directeur exp\u00e9riment\u00e9 \u00e0 la r\u00e9putation plut\u00f4t solide, voire rigide, et vous laissez repartir l\u2019\u00e9l\u00e8ve ? \u00bb. La magistrate vient percer le bouclier du pr\u00e9venu qui bafouille.<\/p>\n<p class=\" wall-content\">\u00ab\u00a0Mon seul regret, c\u2019est de ne pas avoir alert\u00e9 tout de suite les personnes concern\u00e9es\u00a0\u00bb, d\u00e9clare-t-il.<\/p>\n<p class=\" wall-content\">Car l\u00e0-aussi, chose \u00e9trange, le lendemain des faits, le directeur envoie un simple mail aux parents de Damien, dans lequel il s\u2019\u00e9tonne de ne pas avoir vu l\u2019\u00e9l\u00e8ve \u00e0 l\u2019\u00e9cole.<\/p>\n<p>Des vies mises \u00e0 nu<\/p>\n<p class=\" wall-content\">Dans cette affaire o\u00f9 les deux parties du pr\u00e9toire affirment d\u00e9tenir la v\u00e9rit\u00e9, les vies des deux parties sont mises \u00e0 nu pour faire pencher la balance d\u2019un c\u00f4t\u00e9 ou de l\u2019autre. Pour Damien, c\u2019est une longue dissection de sa scolarit\u00e9. Chemise mal rentr\u00e9e dans son pantalon. Devoirs non rendus. D\u00e9part de l\u2019\u00e9cole \u00e0 la fin de l\u2019ann\u00e9e. L\u2019\u00e9l\u00e8ve \u00e9tait en sursis. Pour Daniel Chapellier, <strong>les accusations de la victime seraient une vengeance<\/strong>. \u00ab Il a dit \u00e0 des \u00e9l\u00e8ves qu\u2019il allait m\u2019avoir\u00a0\u00bb, d\u00e9nonce le directeur.\u00a0<\/p>\n<p class=\" wall-content\">Les vies sexuelles du pr\u00e9venu et de la victime sont aussi pass\u00e9es aux rayons X judiciaires. C\u00f4t\u00e9 Daniel Chapellier, de nombreuses vid\u00e9os et images \u00e0 caract\u00e8re pornographique et homosexuel sont d\u00e9couvertes sur son ordinateur. Trouvaille surprenante chez cet homme<strong> qui s\u2019\u00e9tait oppos\u00e9 au mariage pour tous en 2012<\/strong>.\u00a0<\/p>\n<p class=\" wall-content\">Le ressenti de certains anciens \u00e9l\u00e8ves s\u00e8me aussi le trouble au sein du tribunal. Plusieurs \u00e9coliers \u00e9voquent avec malaise les questionnements du directeur sur leurs pratiques de la masturbation. Devant le tribunal, l\u2019ancien directeur se pose en chevalier de la vertu, parti en croisade contre l\u2019onanisme. \u00ab\u00a0C\u2019est aux parents de contr\u00f4ler leurs enfants, mais ils sont na\u00effs !\u00a0\u00bb\u2018mart\u00e8le-t-il. Dans sa conviction, ce masturber, c\u2019est s\u2019\u00e9garer.\u00a0<\/p>\n<p class=\" wall-content\">\u00ab\u00a0Mais vous \u00eates m\u00e9decin ? Et les jeunes femmes, vous leur en parliez de \u00e7a ?\u00a0\u00bb, r\u00e9agit la pr\u00e9sidente.\u00a0<\/p>\n<p class=\" wall-content\">\u00ab\u00a0\u00c7a m\u2019aurait mis mal \u00e0 l\u2019aise de parler de \u00e7a \u00e0 des filles\u00a0\u00bb, balbutie l\u2019int\u00e9ress\u00e9.\u00a0<\/p>\n<p>Un bloc de t\u00e9moins \u00e0 d\u00e9charge<\/p>\n<p class=\" wall-content\">Pour illustrer son parcours irr\u00e9prochable au sein des \u00e9tablissements catholiques, Daniel Chapellier a sorti l\u2019artillerie lourde. Famille, coll\u00e8gues, anciens \u00e9l\u00e8ves\u2026 Ils sont 12 convoqu\u00e9s \u00e0 venir t\u00e9moigner des bienfaits de l\u2019\u00e9ducation stricte th\u00e9oris\u00e9e par le pr\u00e9venu. Pourtant, l\u2019aiguille de l\u2019horloge a d\u00e9j\u00e0 trop tourn\u00e9. Devant une horde de costumes cintr\u00e9s et de tailleurs immacul\u00e9s, la pr\u00e9sidente explique d\u2019un air d\u00e9sol\u00e9 que la succession d\u2019\u00e9loges est remise \u00e0 plus tard.<\/p>\n<p class=\" wall-content\">L\u2019audience reprendra le 6 juin prochain.\u00a0<\/p>\n<p class=\" wall-content\">*Le pr\u00e9nom a \u00e9t\u00e9 modifi\u00e9<\/p>\n<p class=\" wall-content\">Suivez toute l\u2019actualit\u00e9 de vos villes et m\u00e9dias favoris en vous inscrivant \u00e0 <a href=\"https:\/\/moncompte.actu.fr\" title=\"D\u00e9couvez Mon Actu\" rel=\"nofollow noopener\" data-trk=\"{&quot;cta&quot;:{&quot;action&quot;:&quot;https:\\\/\\\/moncompte.actu.fr&quot;,&quot;category&quot;:&quot;mon compte&quot;,&quot;from&quot;:&quot;article footer&quot;,&quot;name&quot;:&quot;Mon actu&quot;,&quot;type&quot;:&quot;cta&quot;}}\" target=\"_blank\">Mon Actu<\/a>.<\/p>\n","protected":false},"excerpt":{"rendered":"Par Antoine Blanchet Publi\u00e9 le 22 mai 2025 \u00e0 6h04 Costume sombre et maintien aristocratique, Daniel Chapellier, 76&hellip;\n","protected":false},"author":2,"featured_media":118530,"comment_status":"","ping_status":"","sticky":false,"template":"","format":"standard","meta":{"footnotes":""},"categories":[1888],"tags":[11,1777,674,118,1011,27,303,12,626,2694,25,799],"class_list":{"0":"post-118529","1":"post","2":"type-post","3":"status-publish","4":"format-standard","5":"has-post-thumbnail","7":"category-paris","8":"tag-actualites","9":"tag-eu","10":"tag-europe","11":"tag-faits-divers","12":"tag-fr","13":"tag-france","14":"tag-justice","15":"tag-news","16":"tag-paris","17":"tag-proces","18":"tag-republique-francaise","19":"tag-violences-sexuelles"},"share_on_mastodon":{"url":"https:\/\/pubeurope.com\/@fr\/114549570591276086","error":""},"_links":{"self":[{"href":"https:\/\/www.europesays.com\/fr\/wp-json\/wp\/v2\/posts\/118529","targetHints":{"allow":["GET"]}}],"collection":[{"href":"https:\/\/www.europesays.com\/fr\/wp-json\/wp\/v2\/posts"}],"about":[{"href":"https:\/\/www.europesays.com\/fr\/wp-json\/wp\/v2\/types\/post"}],"author":[{"embeddable":true,"href":"https:\/\/www.europesays.com\/fr\/wp-json\/wp\/v2\/users\/2"}],"replies":[{"embeddable":true,"href":"https:\/\/www.europesays.com\/fr\/wp-json\/wp\/v2\/comments?post=118529"}],"version-history":[{"count":0,"href":"https:\/\/www.europesays.com\/fr\/wp-json\/wp\/v2\/posts\/118529\/revisions"}],"wp:featuredmedia":[{"embeddable":true,"href":"https:\/\/www.europesays.com\/fr\/wp-json\/wp\/v2\/media\/118530"}],"wp:attachment":[{"href":"https:\/\/www.europesays.com\/fr\/wp-json\/wp\/v2\/media?parent=118529"}],"wp:term":[{"taxonomy":"category","embeddable":true,"href":"https:\/\/www.europesays.com\/fr\/wp-json\/wp\/v2\/categories?post=118529"},{"taxonomy":"post_tag","embeddable":true,"href":"https:\/\/www.europesays.com\/fr\/wp-json\/wp\/v2\/tags?post=118529"}],"curies":[{"name":"wp","href":"https:\/\/api.w.org\/{rel}","templated":true}]}}