{"id":11853,"date":"2025-04-09T05:25:23","date_gmt":"2025-04-09T05:25:23","guid":{"rendered":"https:\/\/www.europesays.com\/fr\/11853\/"},"modified":"2025-04-09T05:25:23","modified_gmt":"2025-04-09T05:25:23","slug":"jeanne-cherhal-retrospective-kubrick-notre-selection-pour-sortir-cette-semaine-a-nantes","status":"publish","type":"post","link":"https:\/\/www.europesays.com\/fr\/11853\/","title":{"rendered":"Jeanne Cherhal, r\u00e9trospective Kubrick&#8230; Notre s\u00e9lection pour sortir cette semaine \u00e0 Nantes"},"content":{"rendered":"<p>Jeanne Cherhal sur sc\u00e8ne avec son nouvel album<\/p>\n<p>Son Jean nous trotte dans la t\u00eate. Inspir\u00e9 par un acteur qui pourrait bien \u00eatre Jean Dujardin d\u2019apr\u00e8s ses r\u00e9centes d\u00e9clarations. Primesautier et l\u00e9ger, le titre est issu de son nouvel et sixi\u00e8me album intitul\u00e9 simplement Jeanne.\u00a0Originaire de Ch\u00e2teaubriant, Jeanne Cherhal est une enfant de la sc\u00e8ne nantaise, qui s\u2019est fait conna\u00eetre au d\u00e9but des ann\u00e9es 2000 avec ses chansons pleines d\u2019audace, d\u2019humour et de profondeur. Autrice, compositrice, chanteuse, bassiste et passionn\u00e9ment pianiste, elle est devenue un nom incontournable de la sc\u00e8ne musicale fran\u00e7aise.<\/p>\n<p><strong>Samedi 13\u00a0avril,<\/strong> \u00e0 Stereolux, boulevard Leon-Bureau, \u00e0 Nantes, sous les Nefs. Tram ligne 1\u00a0Chantiers navals. Tarifs de 26 \u00e0 31\u00a0\u20ac.<\/p>\n<p>Des doublages de films d\u00e9jant\u00e9s<\/p>\n<p>La classe am\u00e9ricaine, \u00e7a vous parle\u00a0? Avec Le petit d\u00e9tournement, la joyeuse troupe de La poule fait mieux encore. \u00c0 trois ou quatre au micro, selon les soir\u00e9es, soutenus par un musicien, les com\u00e9diens donnent libre cours \u00e0 leur imagination pour improviser, en direct, sur des extraits de films aux petits oignons, des dessins anim\u00e9s\u2026 C\u2019est barr\u00e9, c\u2019est fou, c\u2019est jouissif.<\/p>\n<p><strong>Mercredi 9\u00a0avril<\/strong> \u00e0 15\u00a0h au Pianock\u2019tail \u00e0 Bouguenais.\u00a0D\u00e8s 6\u00a0ans.\u00a05 et 6\u00a0\u20ac.<\/p>\n<p>Du ra\u00ef version pop club avec Sami Galbi<\/p>\n<p>Rep\u00e9r\u00e9 aux TransMusicales de Rennes, en 2023, Sami Galbi d\u00e9barque \u00e0 Nantes pour un concert autour de musiques populaires nord-africaines, ra\u00ef et cha\u00e2bi, que cet artiste suisse d\u2019origine marocaine twiste en version pop et club.<\/p>\n<p><strong>Jeudi 10\u00a0avril<\/strong> \u00e0 20\u00a0h\u00a030 \u00e0 Trempo (le club, au rez-de-chauss\u00e9e), 6, boulevard L\u00e9on-Bureau \u00e0 Nantes. Tram ligne 1 Chantiers navals. 10\u00a0\u20ac.<\/p>\n<p>Electric op, l\u2019expo qui fait aimer l\u2019art optique<\/p>\n<p>Electric op de l\u2019art optique \u00e0 l\u2019art num\u00e9rique, la nouvelle exposition du mus\u00e9e d\u2019arts, s\u2019installe dans le patio autour de quatre-vingts \u0153uvres. Pendant les vacances scolaires, de nombreuses animations et des visites guid\u00e9es sont propos\u00e9es aux familles.<\/p>\n<p><strong>Tous les jours sauf mardi,<\/strong> de 11\u00a0h \u00e0 19\u00a0h, nocturne le jeudi jusqu\u2019\u00e0 21\u00a0h. Tarif\u00a0: 9\u00a0\u20ac, gratuit moins 18\u00a0ans, au mus\u00e9e d\u2019arts, 10, rue Clemenceau, \u00e0 Nantes. Tout le programme sur <a href=\"https:\/\/museedartsdenantes.nantesmetropole.fr\/\" target=\"_self\" rel=\"noopener\">www.museedartsdenantes.fr.<\/a><\/p>\n<p>Une r\u00e9trospective Stanley Kubrick<\/p>\n<p>\t<img decoding=\"async\" src=\"https:\/\/www.europesays.com\/fr\/wp-content\/uploads\/2025\/04\/P35156011D6754196G_px_640_.jpg\" alt=\"photo parmi les films de stanley kubrick propos\u00e9s au cin\u00e9matographe\u00a0: \u00ab\u00a0eyes wide shut\u00a0\u00bb (1999) avec nicole kidman.  \u00a9  warner bros\" width=\"640\" title=\" Parmi les films de Stanley Kubrick propos\u00e9s au Cin\u00e9matographe\u00a0: \u00ab\u00a0Eyes Wide Shut\u00a0\u00bb (1999) avec Nicole Kidman.   WARNER BROS \"\/><\/p>\n<p class=\"elmt-legende\"> Parmi les films de Stanley Kubrick propos\u00e9s au Cin\u00e9matographe\u00a0: \u00ab\u00a0Eyes Wide Shut\u00a0\u00bb (1999) avec Nicole Kidman.   WARNER BROS <\/p>\n<p>Jusqu\u2019au 31\u00a0mai, le Cin\u00e9matographe propose de se replonger dans la cin\u00e9matographie de Stanley Kubrick en douze films. Du Baiser du tueur, en 1955, \u00e0 Eyes wide shut, en 1999, en passant bien sur par Orange m\u00e9canique, 2001, l\u2019odyss\u00e9e de l\u2019espace, Shining\u2026 Autant de genres et de monuments inscrits dans l\u2019histoire du cin\u00e9ma. Cette semaine, Spartacus, lundi 7\u00a0avril, \u00e0 13\u00a0h\u00a015, et\u00a0samedi\u00a012, \u00e0 13\u00a0h\u00a015, Les sentiers de la gloire, jeudi 10\u00a0avril, \u00e0 18\u00a0h.<\/p>\n<p>Au Cin\u00e9matographe, rue des Carmes, \u00e0 Nantes. Plein tarif\u00a0: 6\u00a0\u20ac.<\/p>\n<p>Jazz en phase avec Y-OTIS<\/p>\n<p>Avant-gardiste, Y-OTIS m\u00eale les influences musicales et propose une s\u00e9lection de micro-ambiances, inspir\u00e9es par le hip-hop, l\u2019\u00e9lectronique et le jazz. Le saxophoniste Otis Sandsj\u00f6, le bassiste et producteur Petter Eldh (Koma Saxo) et le clavi\u00e9riste Dan Nicholls (Squarepusher) se surpassent en mode liquid jazz.<\/p>\n<p><strong>Mercredi 9\u00a0avril,<\/strong> \u00e0 20\u00a0h\u00a030, au Pannonica, rue Basse-Porte, \u00e0 Nantes, 12\u00a0\u20ac. T\u00e9l. 02\u00a051\u00a072\u00a010\u00a010.<\/p>\n<p>\u00a0<\/p>\n","protected":false},"excerpt":{"rendered":"Jeanne Cherhal sur sc\u00e8ne avec son nouvel album Son Jean nous trotte dans la t\u00eate. Inspir\u00e9 par un&hellip;\n","protected":false},"author":2,"featured_media":11854,"comment_status":"","ping_status":"","sticky":false,"template":"","format":"standard","meta":{"footnotes":""},"categories":[2818],"tags":[1111,11,5569,1777,674,1011,27,5568,5571,766,12,2636,25,5570,1650,5572,4251],"class_list":{"0":"post-11853","1":"post","2":"type-post","3":"status-publish","4":"format-standard","5":"has-post-thumbnail","7":"category-nantes","8":"tag-actu","9":"tag-actualites","10":"tag-cherhal","11":"tag-eu","12":"tag-europe","13":"tag-fr","14":"tag-france","15":"tag-jeanne","16":"tag-kubrick","17":"tag-nantes","18":"tag-news","19":"tag-pays-de-la-loire","20":"tag-republique-francaise","21":"tag-retrospective","22":"tag-selection","23":"tag-semaine","24":"tag-sortir"},"share_on_mastodon":{"url":"https:\/\/pubeurope.com\/@fr\/114306346087265580","error":""},"_links":{"self":[{"href":"https:\/\/www.europesays.com\/fr\/wp-json\/wp\/v2\/posts\/11853","targetHints":{"allow":["GET"]}}],"collection":[{"href":"https:\/\/www.europesays.com\/fr\/wp-json\/wp\/v2\/posts"}],"about":[{"href":"https:\/\/www.europesays.com\/fr\/wp-json\/wp\/v2\/types\/post"}],"author":[{"embeddable":true,"href":"https:\/\/www.europesays.com\/fr\/wp-json\/wp\/v2\/users\/2"}],"replies":[{"embeddable":true,"href":"https:\/\/www.europesays.com\/fr\/wp-json\/wp\/v2\/comments?post=11853"}],"version-history":[{"count":0,"href":"https:\/\/www.europesays.com\/fr\/wp-json\/wp\/v2\/posts\/11853\/revisions"}],"wp:featuredmedia":[{"embeddable":true,"href":"https:\/\/www.europesays.com\/fr\/wp-json\/wp\/v2\/media\/11854"}],"wp:attachment":[{"href":"https:\/\/www.europesays.com\/fr\/wp-json\/wp\/v2\/media?parent=11853"}],"wp:term":[{"taxonomy":"category","embeddable":true,"href":"https:\/\/www.europesays.com\/fr\/wp-json\/wp\/v2\/categories?post=11853"},{"taxonomy":"post_tag","embeddable":true,"href":"https:\/\/www.europesays.com\/fr\/wp-json\/wp\/v2\/tags?post=11853"}],"curies":[{"name":"wp","href":"https:\/\/api.w.org\/{rel}","templated":true}]}}