{"id":118533,"date":"2025-05-22T04:22:09","date_gmt":"2025-05-22T04:22:09","guid":{"rendered":"https:\/\/www.europesays.com\/fr\/118533\/"},"modified":"2025-05-22T04:22:09","modified_gmt":"2025-05-22T04:22:09","slug":"en-ukraine-les-frappes-russes-sont-desormais-plus-meurtrieres-et-ciblent-les-civils-loin-du-front","status":"publish","type":"post","link":"https:\/\/www.europesays.com\/fr\/118533\/","title":{"rendered":"En Ukraine, les frappes russes sont d\u00e9sormais plus meurtri\u00e8res et ciblent les civils loin du front"},"content":{"rendered":"<p><strong>D\u00c9CRYPTAGE<\/strong> &#8211; L\u2019arm\u00e9e russe utilise des bombes programm\u00e9es pour exploser en altitude au-dessus de zones civiles afin d\u2019optimiser leur effet l\u00e9tal sur les populations, d\u00e9nonce une enqu\u00eate de l\u2019ONG Human Rights Watch.<\/p>\n<p class=\"fig-paragraph\">Les<a href=\"http:\/\/www.lefigaro.fr\/international\/guerre-en-ukraine-attaque-record-de-drones-russes-deux-jours-apres-les-pourparlers-a-istanbul-20250518\" target=\"_blank\" data-fig-type=\"NewsFlash\" rel=\"noopener\" data-gtm-custom-categorie=\"navigation\" data-gtm-custom-action=\"crossclick\" data-gtm-custom-label=\"Contextuel\" data-gtm-event=\"customEventSPE\" data-fig-domain=\"LEFIGARO\">\u00a0attaques russes contre la population ukrainienne<\/a>\u00a0ont franchi un nouveau cap alarmant. L\u2019arm\u00e9e de Moscou utilise d\u00e9sormais des munitions qui explosent en altitude au-dessus des zones civiles, amplifiant par l\u00e0 m\u00eame leur effet l\u00e9tal sur de vastes p\u00e9rim\u00e8tres. Entre janvier et avril 2025, ces frappes ont caus\u00e9 57% de victimes civiles suppl\u00e9mentaires par rapport \u00e0 la m\u00eame p\u00e9riode de 2024, r\u00e9v\u00e8le ce mercredi une enqu\u00eate de l\u2019ONG\u00a0<a href=\"http:\/\/www.lefigaro.fr\/flash-actu\/soudan-des-violences-sexuelles-generalisees-a-khartoum-denoncees-par-human-rights-watch-20240729\" target=\"_blank\" data-fig-type=\"NewsFlash\" rel=\"noopener\" data-gtm-custom-categorie=\"navigation\" data-gtm-custom-action=\"crossclick\" data-gtm-custom-label=\"Contextuel\" data-gtm-event=\"customEventSPE\" data-fig-domain=\"LEFIGARO\">Human Rights Watch<\/a>\u00a0(HRW).<\/p>\n<p class=\"fig-paragraph\">Cette analyse, fond\u00e9e sur vingt t\u00e9moignages directs, lectures d\u2019images satellite et v\u00e9rifications de vid\u00e9osurveillance, \u00e9tablit que ces attaques suivent syst\u00e9matiquement le m\u00eame modus operandi\u00a0: elles frappent \u00e0 des heures de forte affluence, loin du front, sans objectif militaire significatif \u00e0 proximit\u00e9. Pour les juristes de HRW, ces attaques constituent des crimes de guerre au sens du droit international.<\/p>\n<p class=\"fig-paragraph\">Le 4 avril dernier, \u00e0 18h50, une bombe russe explose ainsi au-dessus d\u2019<a href=\"http:\/\/www.lefigaro.fr\/international\/guerre-en-ukraine-un-quartier-se-reconstruit-apres-une-frappe-a-kryvyi-rih-20230614\" target=\"_blank\" data-fig-type=\"Article\" rel=\"noopener\" data-gtm-custom-categorie=\"navigation\" data-gtm-custom-action=\"crossclick\" data-gtm-custom-label=\"Contextuel\" data-gtm-event=\"customEventSPE\" data-fig-domain=\"LEFIGARO\">un parc de Kryvyi Rih<\/a>, une ville du sud de l\u2019Ukraine. \u00abCinq\u2026<\/p>\n<p class=\"fig-premium-paywall__infos\">\n        Cet article est r\u00e9serv\u00e9 aux abonn\u00e9s.        Il vous reste 76% \u00e0 d\u00e9couvrir.\n    <\/p>\n<p>                <img  data- alt=\"Le Figaro\" class=\"fig-img--complete fig-img\"\/><\/p>\n<p class=\"fig-premium-paywall__title\">Vente Flash<\/p>\n<p class=\"fig-premium-paywall__subtitle\">4,99\u20ac par mois pendant 12 mois. Sans engagement.<\/p>\n<p class=\"fig-premium-paywall__connect\">\n                D\u00e9j\u00e0 abonn\u00e9\u00a0?                <a class=\"fig-premium-paywall__connect-link\" href=\"https:\/\/connect.lefigaro.fr\/login?client=horizon_web&amp;type=main&amp;redirect_uri=https%3A%2F%2Fwww.lefigaro.fr%2Finternational%2Fen-ukraine-les-frappes-russes-sont-desormais-plus-meurtrieres-et-ciblent-les-civils-loin-du-front-20250522\" data-js-gtm=\"{&quot;customCategorie&quot;: &quot;conversion&quot;, &quot;customAction&quot;: &quot;before_Landing_Connexion_paywall_auto&quot;, &quot;customLabel&quot;: &quot;bGVmaWdhcm8uZnJfXzFmMDM2NDFhLTI1YmQtNmQ1Ni05ODg3LTJmZTRlNzA5N2VmY19fQXJ0aWNsZQ==_En Ukraine, les frappes russes sont d\u00e9sormais plus meurtri\u00e8res et ciblent les civils loin du front_128&quot;, &quot;customIDSPE&quot;: &quot;bGVmaWdhcm8uZnJfXzFmMDM2NDFhLTI1YmQtNmQ1Ni05ODg3LTJmZTRlNzA5N2VmY19fQXJ0aWNsZQ==&quot;, &quot;event&quot;: &quot;customEventSPE&quot;}\" target=\"_blank\" rel=\"noopener\"><br \/>\n                    Connectez-vous<br \/>\n                <\/a>\n            <\/p>\n","protected":false},"excerpt":{"rendered":"D\u00c9CRYPTAGE &#8211; L\u2019arm\u00e9e russe utilise des bombes programm\u00e9es pour exploser en altitude au-dessus de zones civiles afin d\u2019optimiser&hellip;\n","protected":false},"author":2,"featured_media":118534,"comment_status":"","ping_status":"","sticky":false,"template":"","format":"standard","meta":{"footnotes":""},"categories":[1590],"tags":[259,11,260,23925,2048,1777,674,131,14,261,12,262,132,220,135],"class_list":{"0":"post-118533","1":"post","2":"type-post","3":"status-publish","4":"format-standard","5":"has-post-thumbnail","7":"category-ukraine","8":"tag-actualite-internationale","9":"tag-actualites","10":"tag-affaires-etrangeres","11":"tag-bombardements","12":"tag-crime-de-guerre","13":"tag-eu","14":"tag-europe","15":"tag-guerre-en-ukraine","16":"tag-international","17":"tag-ministere-des-affaires-etrangeres","18":"tag-news","19":"tag-politique-etrangere","20":"tag-russie","21":"tag-ukraine","22":"tag-vladimir-poutine"},"share_on_mastodon":{"url":"","error":""},"_links":{"self":[{"href":"https:\/\/www.europesays.com\/fr\/wp-json\/wp\/v2\/posts\/118533","targetHints":{"allow":["GET"]}}],"collection":[{"href":"https:\/\/www.europesays.com\/fr\/wp-json\/wp\/v2\/posts"}],"about":[{"href":"https:\/\/www.europesays.com\/fr\/wp-json\/wp\/v2\/types\/post"}],"author":[{"embeddable":true,"href":"https:\/\/www.europesays.com\/fr\/wp-json\/wp\/v2\/users\/2"}],"replies":[{"embeddable":true,"href":"https:\/\/www.europesays.com\/fr\/wp-json\/wp\/v2\/comments?post=118533"}],"version-history":[{"count":0,"href":"https:\/\/www.europesays.com\/fr\/wp-json\/wp\/v2\/posts\/118533\/revisions"}],"wp:featuredmedia":[{"embeddable":true,"href":"https:\/\/www.europesays.com\/fr\/wp-json\/wp\/v2\/media\/118534"}],"wp:attachment":[{"href":"https:\/\/www.europesays.com\/fr\/wp-json\/wp\/v2\/media?parent=118533"}],"wp:term":[{"taxonomy":"category","embeddable":true,"href":"https:\/\/www.europesays.com\/fr\/wp-json\/wp\/v2\/categories?post=118533"},{"taxonomy":"post_tag","embeddable":true,"href":"https:\/\/www.europesays.com\/fr\/wp-json\/wp\/v2\/tags?post=118533"}],"curies":[{"name":"wp","href":"https:\/\/api.w.org\/{rel}","templated":true}]}}