{"id":11857,"date":"2025-04-09T05:27:22","date_gmt":"2025-04-09T05:27:22","guid":{"rendered":"https:\/\/www.europesays.com\/fr\/11857\/"},"modified":"2025-04-09T05:27:22","modified_gmt":"2025-04-09T05:27:22","slug":"toulouse-et-bordeaux-passent-en-quarts-dans-la-douleur","status":"publish","type":"post","link":"https:\/\/www.europesays.com\/fr\/11857\/","title":{"rendered":"Toulouse et Bordeaux passent en quarts dans la douleur"},"content":{"rendered":"<p>Le Stade Toulousain, tenant du titre et vainqueur de Sale (38-15), et l&rsquo;Union Bordeaux-B\u00e8gles, venue \u00e0 bout de l&rsquo;Ulster (43-31), se sont qualifi\u00e9s\u00a0dimanche pour les quarts de finale de Champions Cup, o\u00f9 Toulouse ira \u00e0 Toulon.<\/p>\n<p>Les quarts de finale de la plus prestigieuse des comp\u00e9titions europ\u00e9ennes verront un quart de finale franco-fran\u00e7ais \u00e0 Mayol dimanche prochain (16h00), alors que Bordeaux-B\u00e8gles recevra les Irlandais du Munster samedi (16h00).<\/p>\n<p>Toulouse a r\u00e9alis\u00e9 un de ses moins bons matches de la saison et a fait la diff\u00e9rence en deuxi\u00e8me p\u00e9riode pour s&rsquo;assurer de la qualification.<\/p>\n<p>Mais le manager Ugo Mola pourra d\u00e9plorer un jeu brouillon, et surtout la blessure de son ailier Ange Capuozzo, sorti sur une civi\u00e8re apr\u00e8s s&rsquo;\u00eatre bless\u00e9 \u00e0 la jambe droite en inscrivant un essai en toute fin de match.<\/p>\n<p>Bouscul\u00e9s dans le premier acte, les Rouge et Noir ont manqu\u00e9 de justesse mais ont su r\u00e9agir pour inverser la tendance et \u00e9touffer leurs adversaires en deuxi\u00e8me p\u00e9riode.<\/p>\n<p>&#8211; 11e essai de Penaud &#8211;<\/p>\n<p>L&rsquo;UBB a elle obtenu sa qualification au terme d&rsquo;un match prolifique remport\u00e9 face \u00e0 l&rsquo;Ulster, marqu\u00e9 par 11 essais dont six pour les Bordelo-B\u00e9glais, vainqueurs 43-31.<\/p>\n<p>Incarnation de la force de frappe de l&rsquo;UBB, l&rsquo;ailier Damian Penaud a inscrit son 11e essai dans cette \u00e9dition de la Champions Cup, \u00e9galant le record d\u00e9tenu jusque-l\u00e0 par l&rsquo;ailier anglais Chris Ashton avec les Saracens en 2013-2014.<\/p>\n<p>Il a bien lanc\u00e9 les siens lors d&rsquo;une entame id\u00e9ale, les Girondins menant 21-0 apr\u00e8s 21 minutes, mais les joueurs de Belfast n&rsquo;ont jamais abdiqu\u00e9, parvenant \u00e0 r\u00e9duire l&rsquo;\u00e9cart \u00e0 la pause (28-14).<\/p>\n<p>Sans l&rsquo;autre fl\u00e8che Bielle-Biarrey, laiss\u00e9 au repos, les hommes de Yannick Bru ont altern\u00e9 le tr\u00e8s bon et des errements coupables, permettant \u00e0 l&rsquo;Ulster de toujours rester en vie.<\/p>\n<p>Malgr\u00e9 quelques frayeurs dans les derniers instants, les joueurs de l&rsquo;UBB ont tenu bon et attendent d\u00e9sormais la \u00ab\u00a0Red Army\u00a0\u00bb du Munster, vainqueur de la H Cup deux fois dans son histoire (2006, \u00a02008) et tombeur de La Rochelle samedi (25-24).<\/p>\n<p>fby\/dar<\/p>\n","protected":false},"excerpt":{"rendered":"Le Stade Toulousain, tenant du titre et vainqueur de Sale (38-15), et l&rsquo;Union Bordeaux-B\u00e8gles, venue \u00e0 bout de&hellip;\n","protected":false},"author":2,"featured_media":11858,"comment_status":"","ping_status":"","sticky":false,"template":"","format":"standard","meta":{"footnotes":""},"categories":[2817],"tags":[1111,11,1997,5574,3460,1777,674,1011,27,12,2219,5573,25,2312],"class_list":{"0":"post-11857","1":"post","2":"type-post","3":"status-publish","4":"format-standard","5":"has-post-thumbnail","7":"category-bordeaux","8":"tag-actu","9":"tag-actualites","10":"tag-bordeaux","11":"tag-bordeaux-begles","12":"tag-champions-cup","13":"tag-eu","14":"tag-europe","15":"tag-fr","16":"tag-france","17":"tag-news","18":"tag-nouvelle-aquitaine","19":"tag-quarts-de-finale","20":"tag-republique-francaise","21":"tag-toulouse"},"share_on_mastodon":{"url":"https:\/\/pubeurope.com\/@fr\/114306353917527552","error":""},"_links":{"self":[{"href":"https:\/\/www.europesays.com\/fr\/wp-json\/wp\/v2\/posts\/11857","targetHints":{"allow":["GET"]}}],"collection":[{"href":"https:\/\/www.europesays.com\/fr\/wp-json\/wp\/v2\/posts"}],"about":[{"href":"https:\/\/www.europesays.com\/fr\/wp-json\/wp\/v2\/types\/post"}],"author":[{"embeddable":true,"href":"https:\/\/www.europesays.com\/fr\/wp-json\/wp\/v2\/users\/2"}],"replies":[{"embeddable":true,"href":"https:\/\/www.europesays.com\/fr\/wp-json\/wp\/v2\/comments?post=11857"}],"version-history":[{"count":0,"href":"https:\/\/www.europesays.com\/fr\/wp-json\/wp\/v2\/posts\/11857\/revisions"}],"wp:featuredmedia":[{"embeddable":true,"href":"https:\/\/www.europesays.com\/fr\/wp-json\/wp\/v2\/media\/11858"}],"wp:attachment":[{"href":"https:\/\/www.europesays.com\/fr\/wp-json\/wp\/v2\/media?parent=11857"}],"wp:term":[{"taxonomy":"category","embeddable":true,"href":"https:\/\/www.europesays.com\/fr\/wp-json\/wp\/v2\/categories?post=11857"},{"taxonomy":"post_tag","embeddable":true,"href":"https:\/\/www.europesays.com\/fr\/wp-json\/wp\/v2\/tags?post=11857"}],"curies":[{"name":"wp","href":"https:\/\/api.w.org\/{rel}","templated":true}]}}