{"id":118576,"date":"2025-05-22T04:48:11","date_gmt":"2025-05-22T04:48:11","guid":{"rendered":"https:\/\/www.europesays.com\/fr\/118576\/"},"modified":"2025-05-22T04:48:11","modified_gmt":"2025-05-22T04:48:11","slug":"rihanna-en-lice-pour-la-palme-de-la-robe-la-plus-fendue-de-lhistoire-du-festival-de-cannes","status":"publish","type":"post","link":"https:\/\/www.europesays.com\/fr\/118576\/","title":{"rendered":"Rihanna en lice pour la palme de la robe la plus fendue de l&rsquo;histoire du Festival de Cannes"},"content":{"rendered":"<p>Il y a encore 24 heures on ne pensait pas \u00e9crire cela. On vous racontait seulement, comme on a l\u2019habitude de le faire chez Vanity Fair, <a href=\"https:\/\/www.vanityfair.fr\/article\/retour-sur-lhistoire-de-la-robe-la-plus-fendue-du-festival-de-cannes\" target=\"_blank\" rel=\"noopener\">l\u2019histoire derri\u00e8re cette robe extr\u00eamement fendue<\/a> port\u00e9e par l\u2019Iranienne <strong>Farnoush Hamidian<\/strong> lors du <a href=\"https:\/\/www.vanityfair.fr\/dossier\/festival-de-cannes\" isautogenerated=\"true\" target=\"_blank\" rel=\"noopener\">Festival de Cannes<\/a> 2023. On n&rsquo;aurait jamais pens\u00e9 qu&rsquo;une concurrente de taille allait se manifester aussi rapidement. Et pourtant.<\/p>\n<p>Aujourd\u2019hui, de telles fentes sont proscrites par le nouveau r\u00e8glement de l\u2019organisation. Jug\u00e9es trop suggestives, trop sexy, elles ne sont d\u00e9sormais plus accept\u00e9es sur le tapis rouge. Mais en dehors, pas de r\u00e8gle et <a href=\"https:\/\/www.vanityfair.fr\/dossier\/rihanna\" isautogenerated=\"true\" target=\"_blank\" rel=\"noopener\">Rihanna<\/a> ose l\u2019extra fente.<\/p>\n<p>X content<\/p>\n<p>This content can also be viewed on the site it <a href=\"https:\/\/twitter.com\/gabgonebad\/status\/1925155536196010044\" target=\"_blank\" rel=\"nofollow noreferrer noopener\" aria-label=\"Opens in a new window\" class=\"BaseWrap-sc-gjQpdd BaseText-ewhhUZ BaseLink-eNWuiM ConsentBannerLink-dJZMSz iUEiRd hfDfPc joAuXZ\">originates<\/a> from.<\/p>\n<p>Ce mardi 20 mai au soir, au bras d\u2019<strong>A$AP Rocky<\/strong> sur la Croisette, la chanteuse a arbor\u00e9 une robe noire fendue sur toute la longueur de sa jambe jusqu\u2019au haut de sa hanche. Un minuscule point de couture vient sceller la mati\u00e8re pour ensuite laisser r\u00e9v\u00e9ler une autre grande fente, d\u00e9voilant son ventre arrondi.<\/p>\n<p>Si on ne pensait pas voir une c\u00e9l\u00e9brit\u00e9 voler de sit\u00f4t la vedette \u00e0 Farnoush Hamidian, Rihanna nous prouve qu\u2019aucun d\u00e9fi ne lui r\u00e9siste \u2013 ou peut-\u00eatre seul la r\u00e9alisation d\u2019un nouvel album que ses fans attendent d\u00e9sesp\u00e9r\u00e9ment depuis neuf ans\u2026<\/p>\n<p>La robe du mannequin pr\u00e9sentait un jeu de tulle transparent couleur chair pour tromper l&rsquo;\u0153il et cr\u00e9e un effet final qui ne fait qu\u2019un entre le d\u00e9collet\u00e9 oblique partant de l\u2019\u00e9paule gauche et la fente diam\u00e9tralement oppos\u00e9e. Une bande continue de peau nue. Chez Rihanna, les codes sont presque identiques.<\/p>\n<p>Rihanna ou Farnoush Hamidian ?<\/p>\n<p>Alors, \u00e0 laquelle des deux revient la palme de la robe la plus fendue du Festival de Cannes ? Nous avons d\u2019un c\u00f4t\u00e9 l\u2019Iranienne, qui a eu l\u2019audace de jouer sur le terrain du tapis rouge, et de l\u2019autre, la Barbadienne, qui fait son jeu en dehors. Car une chose est s\u00fbre, porter une robe si \u00e9chancr\u00e9e au lendemain d\u2019un nouveau dress code bien plus strict c\u2019est prendre le risque de se faire refuser l\u2019entr\u00e9e sur le tapis rouge. M\u00eame quand on s\u2019appelle Riri.<\/p>\n<p>C\u2019est d\u2019ailleurs bien pour cela que l\u2019artiste a opt\u00e9 pour une robe c\u00e9rul\u00e9enne bien plus sage pour prendre la pose aux c\u00f4t\u00e9s de son compagnon \u00e0 la fin de la projection du film de <a href=\"https:\/\/www.vanityfair.fr\/dossier\/spike-lee\" isautogenerated=\"true\" target=\"_blank\" rel=\"noopener\">Spike Lee<\/a>, Highest 2 Lowest.<\/p>\n<p>Alors m\u00eame si les fentes sont aujourd\u2019hui bannies, elles continuent tout de m\u00eame de peupler Cannes et ses soir\u00e9es, loin des regards exigeants des ma\u00eetres du tapis rouge. C\u2019est peut-\u00eatre finalement \u00e7a la cl\u00e9, sage au devant, rebelle au dehors.<\/p>\n<p><script async src=\"https:\/\/platform.twitter.com\/widgets.js\" charset=\"utf-8\"><\/script><\/p>\n","protected":false},"excerpt":{"rendered":"Il y a encore 24 heures on ne pensait pas \u00e9crire cela. On vous racontait seulement, comme on&hellip;\n","protected":false},"author":2,"featured_media":118577,"comment_status":"","ping_status":"","sticky":false,"template":"","format":"standard","meta":{"footnotes":""},"categories":[8],"tags":[58,59,5634,1011,27,5418],"class_list":{"0":"post-118576","1":"post","2":"type-post","3":"status-publish","4":"format-standard","5":"has-post-thumbnail","7":"category-divertissement","8":"tag-divertissement","9":"tag-entertainment","10":"tag-festival-de-cannes","11":"tag-fr","12":"tag-france","13":"tag-rihanna"},"share_on_mastodon":{"url":"https:\/\/pubeurope.com\/@fr\/114549680021929780","error":""},"_links":{"self":[{"href":"https:\/\/www.europesays.com\/fr\/wp-json\/wp\/v2\/posts\/118576","targetHints":{"allow":["GET"]}}],"collection":[{"href":"https:\/\/www.europesays.com\/fr\/wp-json\/wp\/v2\/posts"}],"about":[{"href":"https:\/\/www.europesays.com\/fr\/wp-json\/wp\/v2\/types\/post"}],"author":[{"embeddable":true,"href":"https:\/\/www.europesays.com\/fr\/wp-json\/wp\/v2\/users\/2"}],"replies":[{"embeddable":true,"href":"https:\/\/www.europesays.com\/fr\/wp-json\/wp\/v2\/comments?post=118576"}],"version-history":[{"count":0,"href":"https:\/\/www.europesays.com\/fr\/wp-json\/wp\/v2\/posts\/118576\/revisions"}],"wp:featuredmedia":[{"embeddable":true,"href":"https:\/\/www.europesays.com\/fr\/wp-json\/wp\/v2\/media\/118577"}],"wp:attachment":[{"href":"https:\/\/www.europesays.com\/fr\/wp-json\/wp\/v2\/media?parent=118576"}],"wp:term":[{"taxonomy":"category","embeddable":true,"href":"https:\/\/www.europesays.com\/fr\/wp-json\/wp\/v2\/categories?post=118576"},{"taxonomy":"post_tag","embeddable":true,"href":"https:\/\/www.europesays.com\/fr\/wp-json\/wp\/v2\/tags?post=118576"}],"curies":[{"name":"wp","href":"https:\/\/api.w.org\/{rel}","templated":true}]}}